{"id":553,"date":"2008-06-30T23:01:24","date_gmt":"2008-06-30T21:01:24","guid":{"rendered":"http:\/\/kravallslojd.se\/bloggen\/?p=679"},"modified":"2008-06-30T23:01:24","modified_gmt":"2008-06-30T21:01:24","slug":"helgen","status":"publish","type":"post","link":"https:\/\/kravallslojd.se\/wordpress\/?p=553","title":{"rendered":"Helgen"},"content":{"rendered":"<p>Idag har jag sytt och sytt precis som alla andra dagar&#8230;<\/p>\n<p>Jag hinner mest\u00a0sy best\u00e4llningar till abonnemangskunder som\u00a0abonnerar p\u00e5 mina plagg. Idag har jag ca 70st s\u00e5dana kunder och det utg\u00f6r den mesta delen av f\u00f6retaget.<\/p>\n<p>Nu kanske ni undrar hur jag kan sy 70 st plagg, och mer, i m\u00e5naden och det g\u00f6r jag inte.. f\u00f6r ett par veckor sedan anst\u00e4llde jag min medarbetare Betty! Henne kommer ni s\u00e4kert f\u00e5 en glimt av denna vecka!<\/p>\n<p>Hur som helst.. idag har n\u00e5gra av kunderna h\u00e4mtat sina m\u00e5nadsplagg och jag t\u00e4nkte att det kunde vara intressant att se lite hur det kan se ut..<\/p>\n<p>\u00a0<img decoding=\"async\" src=\"http:\/\/kravallslojd.se\/bloggen\/wp-content\/uploads\/2008\/06\/snv82067.JPG\" alt=\"snv82067.JPG\" \/><\/p>\n<p>Nina i sin nya kl\u00e4nning<\/p>\n<p>\u00a0<img decoding=\"async\" src=\"http:\/\/kravallslojd.se\/bloggen\/wp-content\/uploads\/2008\/06\/snv82070.JPG\" alt=\"snv82070.JPG\" \/><\/p>\n<p>Frida i sin skjortkl\u00e4nning<\/p>\n<p>\u00a0<img decoding=\"async\" src=\"http:\/\/kravallslojd.se\/bloggen\/wp-content\/uploads\/2008\/06\/snv82072.JPG\" alt=\"snv82072.JPG\" \/><\/p>\n<p>och G\u00f6rel i sin topp och kjol<\/p>\n<p>\u00a0Annars har det som sagt mest sytts idag s\u00e5 jag t\u00e4nkte ber\u00e4tta lite vad som h\u00e4nde i helgen..<\/p>\n<p>Jag brukar \u00e5ka iv\u00e4g p\u00e5 marknader och festivaler s\u00e5 fort jag har tid och ork. Denna helgen var jag inbjuden till Ett mysigt caf\u00e9 och resturang i sm\u00e5land. Loxbo Lantk\u00f6k (<a target=\"_blank\" href=\"http:\/\/www.loxbo.com\/\" >www.loxbo.com<\/a>)\u00a0heter det och det ligger utanf\u00f6r Vimmerby mitt i ute p\u00e5 landet med h\u00e4star och kor i direktomgivning. Det \u00e4r en liten familj som driver resturangen och denna\u00a0l\u00f6rdag hade de Raggmunkens dag!<\/p>\n<p>F\u00f6rs\u00e4ljning av raggmunk, raggmunks\u00e4tart\u00e4vling samt marknad av hantverk (det \u00e4r d\u00e4r jag kom in i bilden.)<\/p>\n<p>N\u00e4r jag \u00e4r ute och s\u00e4ljer har jag ofta med mig en n\u00e4ra v\u00e4n som heter Emma!<\/p>\n<p>\u00a0<img decoding=\"async\" src=\"http:\/\/kravallslojd.se\/bloggen\/wp-content\/uploads\/2008\/06\/snv82031.JPG\" alt=\"snv82031.JPG\" \/><\/p>\n<p>Emma utanf\u00f6r Loxbo Lank\u00f6k<\/p>\n<p><img decoding=\"async\" src=\"http:\/\/kravallslojd.se\/bloggen\/wp-content\/uploads\/2008\/06\/snv82019.JPG\" alt=\"snv82019.JPG\" \/><\/p>\n<p>Ann, som \u00e4ger resturangen, hittade vi i k\u00f6ket..\u00a0stekandes raggmunkar!<\/p>\n<p>\u00a0<img decoding=\"async\" src=\"http:\/\/kravallslojd.se\/bloggen\/wp-content\/uploads\/2008\/06\/snv82020.JPG\" alt=\"snv82020.JPG\" \/><\/p>\n<p>mmmmm..<\/p>\n<p>\u00a0Det var en trevlig dag och n\u00e4r vi sedan \u00e5kte hem var vi fulla av raggmunkar!<\/p>\n<p>\u00a0Mina plagg pr\u00e4glas av 50-60tal b\u00e5de i tyger och modeller.. D\u00e4rf\u00f6r blev jag inte alls ledsen n\u00e4r vi p\u00e5 v\u00e4g hem sv\u00e4ngde\u00a0f\u00f6rbi lite loppisar och annat och kom \u00f6ver dessa rullar med tyg fr\u00e5n 50- och 60-talet!<\/p>\n<p><img decoding=\"async\" src=\"http:\/\/kravallslojd.se\/bloggen\/wp-content\/uploads\/2008\/06\/snv82059.JPG\" alt=\"snv82059.JPG\" \/><\/p>\n<p>\u00a0Tack f\u00f6r idag!<\/p>\n<p>\u00a0Kram<\/p>\n<p>Karolina<\/p>\n<p>www.orkanli.se<\/p>\n","protected":false},"excerpt":{"rendered":"<p>Idag har jag sytt och sytt precis som alla andra dagar&#8230; Jag hinner mest\u00a0sy best\u00e4llningar till abonnemangskunder som\u00a0abonnerar p\u00e5 mina plagg. Idag har jag ca 70st s\u00e5dana kunder och det utg\u00f6r den mesta delen av f\u00f6retaget. Nu kanske ni undrar hur jag kan sy 70 st plagg, och mer, i m\u00e5naden och det g\u00f6r jag [&hellip;]<\/p>\n","protected":false},"author":1,"featured_media":0,"comment_status":"open","ping_status":"closed","sticky":false,"template":"","format":"standard","meta":[],"categories":[45],"tags":[],"_links":{"self":[{"href":"https:\/\/kravallslojd.se\/wordpress\/index.php?rest_route=\/wp\/v2\/posts\/553"}],"collection":[{"href":"https:\/\/kravallslojd.se\/wordpress\/index.php?rest_route=\/wp\/v2\/posts"}],"about":[{"href":"https:\/\/kravallslojd.se\/wordpress\/index.php?rest_route=\/wp\/v2\/types\/post"}],"author":[{"embeddable":true,"href":"https:\/\/kravallslojd.se\/wordpress\/index.php?rest_route=\/wp\/v2\/users\/1"}],"replies":[{"embeddable":true,"href":"https:\/\/kravallslojd.se\/wordpress\/index.php?rest_route=%2Fwp%2Fv2%2Fcomments&post=553"}],"version-history":[{"count":0,"href":"https:\/\/kravallslojd.se\/wordpress\/index.php?rest_route=\/wp\/v2\/posts\/553\/revisions"}],"wp:attachment":[{"href":"https:\/\/kravallslojd.se\/wordpress\/index.php?rest_route=%2Fwp%2Fv2%2Fmedia&parent=553"}],"wp:term":[{"taxonomy":"category","embeddable":true,"href":"https:\/\/kravallslojd.se\/wordpress\/index.php?rest_route=%2Fwp%2Fv2%2Fcategories&post=553"},{"taxonomy":"post_tag","embeddable":true,"href":"https:\/\/kravallslojd.se\/wordpress\/index.php?rest_route=%2Fwp%2Fv2%2Ftags&post=553"}],"curies":[{"name":"wp","href":"https:\/\/api.w.org\/{rel}","templated":true}]}}