{"id":5538,"date":"2011-07-04T18:12:59","date_gmt":"2011-07-04T17:12:59","guid":{"rendered":"http:\/\/kravallslojd.se\/wordpress\/?p=5538"},"modified":"2011-07-04T18:12:59","modified_gmt":"2011-07-04T17:12:59","slug":"snabbgenomgang","status":"publish","type":"post","link":"https:\/\/kravallslojd.se\/wordpress\/?p=5538","title":{"rendered":"Snabbgenomg\u00e5ng"},"content":{"rendered":"<p><span style=\"font-family: Verdana,sans-serif\"><span style=\"font-size: x-small\">V\u00e4lkommen till min bloggvecka p\u00e5 Kravallsl\u00f6jd, k\u00e4ra l\u00e4sare! Efter lite teknikstrul p\u00e5 f\u00f6rmiddagen ska det fungera nu. Och om du inte redan \u00e4r broderitokig s\u00e5 ska jag g\u00f6ra mitt b\u00e4sta f\u00f6r att fr\u00e4lsa dig under de n\u00e4rmsta dagarna. Jag \u00e4r f\u00f6rvisso f\u00f6rtjust i en hel radda sl\u00f6jdtekniker, fr\u00e4mst textila, men det \u00e4r n\u00e5got med broderiet som ligger mig varmast om hj\u00e4rtat. Eller som ligger b\u00e4st i handen, kanske man ska s\u00e4ga. Jag t\u00e4nkte se om jag under den h\u00e4r veckan kan s\u00e4tta fingret p\u00e5 just vad det \u00e4r med broderiet som gjort det till \u201dmin grej\u201d.<\/span><\/span><\/p>\n<p><span style=\"font-family: Verdana,sans-serif\"><span style=\"font-size: x-small\">Jag bloggar vanligtvis p\u00e5 b\u00e5de min egen blogg, <a href=\"http:\/\/broderi-karin.blogspot.com\/\"  target=\"_blank\">broderi-karin.blogspot.com<\/a>, och jobbets, <a href=\"http:\/\/www.svenskhemslojd.com\/butik\/\"  target=\"_blank\">www.svenskhemslojd.com\/butik<\/a>, d\u00e4r jag f\u00e5r skriva om allt m\u00f6jligt annat hantverk ocks\u00e5. Forts\u00e4tt g\u00e4rna l\u00e4sa d\u00e4r n\u00e4r den h\u00e4r bloggveckan \u00e4r \u00f6ver.<\/span><\/span><\/p>\n<p><span style=\"font-family: Verdana,sans-serif\"><span style=\"font-size: x-small\">Som f\u00f6rsta inl\u00e4gg t\u00e4nkte jag g\u00f6ra en liten snabbspolning genom min broderiutveckling. Vi hade en r\u00e4tt kreativ milj\u00f6 hemma n\u00e4r jag var barn, d\u00e4r docksk\u00e5pets inredning ofta byggdes p\u00e5 med egna alster och flyttades ut \u00f6ver hela golvet. Mamma sydde Valdorfdockor till mig, jag och brorsan ritade och byggde legost\u00e4der, det var utkl\u00e4dningar och rotande i l\u00e5dor och p\u00e5sar med tygstuvar. Det f\u00f6rsta jag minns att jag sydde sj\u00e4lv var en liten kudde till en docka, i bl\u00e5 satin. Jag minns \u00e4n idag hur jag tr\u00e5cklade ihop de d\u00e4r tygbitarna f\u00f6r hand och fyllde den med vadd. N\u00e5l och tr\u00e5d var aldrig sv\u00e5rt, kanske hade jag bra finmotorik. Men det var f\u00f6rst p\u00e5 fritids som jag uppt\u00e4ckte broderiet. Medan kompisarna tr\u00f6ttnade p\u00e5 de obligatoriska pepparkaksgubbarna i korsstygn p\u00e5 glesast t\u00e4nkbara Aidav\u00e4v fr\u00e5gade jag om det fanns fler m\u00f6nster och gjorde n\u00e5gra till av bara farten. Sen var jag fast. Otaliga korsstygnsm\u00f6nster k\u00f6ptes och broderades. Eftersom jag inte hade r\u00e5d med alla jag ville g\u00f6ra sj\u00e4lv fick mamma steppa in som finansi\u00e4r och jag sydde p\u00e5 best\u00e4llning \u00e5t henne. <\/span><\/span><\/p>\n<p>\n\t\t<style type=\"text\/css\">\n\t\t\t#gallery-1 {\n\t\t\t\tmargin: auto;\n\t\t\t}\n\t\t\t#gallery-1 .gallery-item {\n\t\t\t\tfloat: left;\n\t\t\t\tmargin-top: 10px;\n\t\t\t\ttext-align: center;\n\t\t\t\twidth: 33%;\n\t\t\t}\n\t\t\t#gallery-1 img {\n\t\t\t\tborder: 2px solid #cfcfcf;\n\t\t\t}\n\t\t\t#gallery-1 .gallery-caption {\n\t\t\t\tmargin-left: 0;\n\t\t\t}\n\t\t\t\/* see gallery_shortcode() in wp-includes\/media.php *\/\n\t\t<\/style>\n\t\t<div id='gallery-1' class='gallery galleryid-5538 gallery-columns-3 gallery-size-thumbnail'><dl class='gallery-item'>\n\t\t\t<dt class='gallery-icon portrait'>\n\t\t\t\t<a href=\"https:\/\/kravallslojd.se\/wordpress\/?attachment_id=5544\" ><img width=\"150\" height=\"150\" src=\"https:\/\/kravallslojd.se\/wordpress\/wp-content\/uploads\/2011\/07\/nr-1-150x150.jpg\" class=\"attachment-thumbnail size-thumbnail\" alt=\"\" decoding=\"async\" loading=\"lazy\" \/><\/a>\n\t\t\t<\/dt><\/dl><dl class='gallery-item'>\n\t\t\t<dt class='gallery-icon landscape'>\n\t\t\t\t<a href=\"https:\/\/kravallslojd.se\/wordpress\/?attachment_id=5545\" ><img width=\"150\" height=\"150\" src=\"https:\/\/kravallslojd.se\/wordpress\/wp-content\/uploads\/2011\/07\/nr-2-150x150.jpg\" class=\"attachment-thumbnail size-thumbnail\" alt=\"\" decoding=\"async\" loading=\"lazy\" \/><\/a>\n\t\t\t<\/dt><\/dl><dl class='gallery-item'>\n\t\t\t<dt class='gallery-icon landscape'>\n\t\t\t\t<a href=\"https:\/\/kravallslojd.se\/wordpress\/?attachment_id=5546\" ><img width=\"150\" height=\"150\" src=\"https:\/\/kravallslojd.se\/wordpress\/wp-content\/uploads\/2011\/07\/nr-3-150x150.jpg\" class=\"attachment-thumbnail size-thumbnail\" alt=\"\" decoding=\"async\" loading=\"lazy\" \/><\/a>\n\t\t\t<\/dt><\/dl><br style=\"clear: both\" \/><dl class='gallery-item'>\n\t\t\t<dt class='gallery-icon landscape'>\n\t\t\t\t<a href=\"https:\/\/kravallslojd.se\/wordpress\/?attachment_id=5547\" ><img width=\"150\" height=\"150\" src=\"https:\/\/kravallslojd.se\/wordpress\/wp-content\/uploads\/2011\/07\/nr-4-150x150.jpg\" class=\"attachment-thumbnail size-thumbnail\" alt=\"\" decoding=\"async\" loading=\"lazy\" \/><\/a>\n\t\t\t<\/dt><\/dl><dl class='gallery-item'>\n\t\t\t<dt class='gallery-icon portrait'>\n\t\t\t\t<a href=\"https:\/\/kravallslojd.se\/wordpress\/?attachment_id=5548\" ><img width=\"150\" height=\"150\" src=\"https:\/\/kravallslojd.se\/wordpress\/wp-content\/uploads\/2011\/07\/nr-5-150x150.jpg\" class=\"attachment-thumbnail size-thumbnail\" alt=\"\" decoding=\"async\" loading=\"lazy\" \/><\/a>\n\t\t\t<\/dt><\/dl><dl class='gallery-item'>\n\t\t\t<dt class='gallery-icon portrait'>\n\t\t\t\t<a href=\"https:\/\/kravallslojd.se\/wordpress\/?attachment_id=5549\" ><img width=\"150\" height=\"150\" src=\"https:\/\/kravallslojd.se\/wordpress\/wp-content\/uploads\/2011\/07\/nr-6-150x150.jpg\" class=\"attachment-thumbnail size-thumbnail\" alt=\"\" decoding=\"async\" loading=\"lazy\" \/><\/a>\n\t\t\t<\/dt><\/dl><br style=\"clear: both\" \/>\n\t\t<\/div>\n<\/p>\n<p><span style=\"font-family: Verdana,sans-serif\"><span style=\"font-size: x-small\">\u00c4nd\u00e5 tog det ganska l\u00e5ng tid innan jag b\u00f6rjade g\u00f6ra egna m\u00f6nster. Andra saker kom emellan, som jag minns det m\u00e5lade och ritade jag mig igenom min ton\u00e5rstid. Sedan b\u00f6rjade jag sticka p\u00e5 allvar, men hur det nu var hittade jag n\u00e5gra gamla halvf\u00e4rdiga broderier i tidiga 20-\u00e5ren, gjorde klart dem och \u2013 just det \u2013 det h\u00e4r var ju roligt! D\u00e5 gjorde jag mitt f\u00f6rsta egna m\u00f6nster, duken med r\u00f6da trianglar. Gillar den fortfarande f\u00f6r att den \u00e4r s\u00e5 enkel. Det \u00e4r som att innan man kan s\u00e5 mycket \u00e4r man lite friare i det man g\u00f6r. Det blir som det blir p\u00e5 n\u00e5t s\u00e4tt. Man kanske inte \u00e4r supern\u00f6jd d\u00e4r och d\u00e5, men i backspegeln \u00e4r ofta f\u00f6rstlingsverk v\u00e4ldigt fina.<\/span><\/span><\/p>\n<p><span style=\"font-family: Verdana,sans-serif\"><span style=\"font-size: x-small\">Hur l\u00e4r man sig att brodera d\u00e5? Jo, genom att titta p\u00e5 vad andra har gjort. Jag letade upp alla handarbetsb\u00f6cker vi hade hemma, sedan \u00e4nnu fler p\u00e5 bibliotek. LT f\u00f6rlags serie om landskapss\u00f6mmar blev min skola. B\u00f6cker fr\u00e5n 50- och 60-talet om vitbroderi med fantastisk formgivning. Jag pluggade p\u00e5 universitetet, men satt och sydde som en tok p\u00e5 kv\u00e4llarna. Det mesta n\u00e4r det g\u00e4ller broderi kan man l\u00e4sa sig till och kolla p\u00e5 bilder. N\u00e4rbilder \u00e4r bra. Jag inspirerades mycket av Karin Larsson och jugend och gjorde den gula p\u00e5skduken med tulpaner. Sedan tyckte jag att det var l\u00e4ge att se om jag hade en chans att s\u00f6ka en utbildning inom textil. Det var liksom lite f\u00f6r roligt f\u00f6r att l\u00e5ta bli. S\u00f6kte till HV Skola p\u00e5 Djurg\u00e5rden i Stockholm och kom in p\u00e5 reservplats. Konstigt nog tappade jag lusten f\u00f6r broderi lite d\u00e5. Tyckte v\u00e4l att det inte var en lika stor och rolig utmaning som v\u00e4vningen. N\u00e4r vi hade ett projekt med landskapss\u00f6mmar tog jag livet av en blekingef\u00e5gel. Men s\u00e5 \u00e4r det v\u00e4l med skolmilj\u00f6n, man blir modig nog att experimentera igen. Och n\u00e4r det efter tv\u00e5 \u00e5r var dags att best\u00e4mma sig f\u00f6r exjobb kom jag tillbaka till det jag kunde, n\u00e4mligen broderi, men gav mig sj\u00e4lv en rej\u00e4l utmaning. Jag skulle brodera p\u00e5 ett ovant material (kl\u00e4der i trik\u00e5) och jag skulle brodera MYCKET. En hel munkjacka t\u00e4ckt av p\u00e5s\u00f6m, och s\u00e5 tre plagg till i andra tekniker. Det var det roligaste jag gjort, \u00e4ven om jag under ett par veckor hade tunnelseende av stress. Men den d\u00e4r exjobbstiden var ocks\u00e5 otroligt givande och gav mig n\u00e4ra relationer med n\u00e5gra av de viktigaste och b\u00e4sta m\u00e4nniskorna jag tr\u00e4ffat. <\/span><\/span><\/p>\n<p><span style=\"font-family: Verdana,sans-serif\"><span style=\"font-size: x-small\">Jag hade ocks\u00e5 tur som tr\u00e4ffade folk som uppm\u00e4rksammade det jag gjorde och lyfte fram det i offentligheten utanf\u00f6r skolan. Jag fick vara med p\u00e5 utst\u00e4llningar och i tidningar. Ett f\u00f6rlag ville se mer och bad mig g\u00f6ra en hel bok med landskapss\u00f6mmar, p\u00e5 mitt s\u00e4tt. Helt sjukt ju! Det ena gav det andra och idag f\u00e5r jag inspirera andra till att brodera. Jag vill verkligen lyfta fram de h\u00e4r gamla vackra och ibland v\u00e4ldigt lustiga s\u00f6mmarna, men samtidigt \u00e4r det som sagt viktigt att d\u00f6da en och annan f\u00e5gel. Om man har tekniken i fingrarna \u00e4r det l\u00e4ttare att experimentera och g\u00f6ra eget. Det kan vara s\u00e5 enkelt som att sy med andra f\u00e4rger \u00e4n vad man \u201dska\u201d. Rosa till exempel. Det \u00e4r fint.<\/span><\/span><\/p>\n<p><span style=\"font-family: Verdana,sans-serif\"><span style=\"font-size: x-small\"><br \/>\n<\/span><\/span><\/p>\n<p><span style=\"font-family: Verdana,sans-serif\"><span style=\"font-size: x-small\"><br \/>\n<\/span><\/span><\/p>\n","protected":false},"excerpt":{"rendered":"<p>V\u00e4lkommen till min bloggvecka p\u00e5 Kravallsl\u00f6jd, k\u00e4ra l\u00e4sare! Efter lite teknikstrul p\u00e5 f\u00f6rmiddagen ska det fungera nu. Och om du inte redan \u00e4r broderitokig s\u00e5 ska jag g\u00f6ra mitt b\u00e4sta f\u00f6r att fr\u00e4lsa dig under de n\u00e4rmsta dagarna. Jag \u00e4r f\u00f6rvisso f\u00f6rtjust i en hel radda sl\u00f6jdtekniker, fr\u00e4mst textila, men det \u00e4r n\u00e5got med broderiet [&hellip;]<\/p>\n","protected":false},"author":165,"featured_media":0,"comment_status":"open","ping_status":"open","sticky":false,"template":"","format":"standard","meta":[],"categories":[267],"tags":[347,635,636,634],"_links":{"self":[{"href":"https:\/\/kravallslojd.se\/wordpress\/index.php?rest_route=\/wp\/v2\/posts\/5538"}],"collection":[{"href":"https:\/\/kravallslojd.se\/wordpress\/index.php?rest_route=\/wp\/v2\/posts"}],"about":[{"href":"https:\/\/kravallslojd.se\/wordpress\/index.php?rest_route=\/wp\/v2\/types\/post"}],"author":[{"embeddable":true,"href":"https:\/\/kravallslojd.se\/wordpress\/index.php?rest_route=\/wp\/v2\/users\/165"}],"replies":[{"embeddable":true,"href":"https:\/\/kravallslojd.se\/wordpress\/index.php?rest_route=%2Fwp%2Fv2%2Fcomments&post=5538"}],"version-history":[{"count":7,"href":"https:\/\/kravallslojd.se\/wordpress\/index.php?rest_route=\/wp\/v2\/posts\/5538\/revisions"}],"predecessor-version":[{"id":5555,"href":"https:\/\/kravallslojd.se\/wordpress\/index.php?rest_route=\/wp\/v2\/posts\/5538\/revisions\/5555"}],"wp:attachment":[{"href":"https:\/\/kravallslojd.se\/wordpress\/index.php?rest_route=%2Fwp%2Fv2%2Fmedia&parent=5538"}],"wp:term":[{"taxonomy":"category","embeddable":true,"href":"https:\/\/kravallslojd.se\/wordpress\/index.php?rest_route=%2Fwp%2Fv2%2Fcategories&post=5538"},{"taxonomy":"post_tag","embeddable":true,"href":"https:\/\/kravallslojd.se\/wordpress\/index.php?rest_route=%2Fwp%2Fv2%2Ftags&post=5538"}],"curies":[{"name":"wp","href":"https:\/\/api.w.org\/{rel}","templated":true}]}}