{"id":554,"date":"2008-07-01T21:35:14","date_gmt":"2008-07-01T19:35:14","guid":{"rendered":"http:\/\/kravallslojd.se\/bloggen\/?p=688"},"modified":"2008-07-01T21:35:14","modified_gmt":"2008-07-01T19:35:14","slug":"loppistisdag","status":"publish","type":"post","link":"https:\/\/kravallslojd.se\/wordpress\/?p=554","title":{"rendered":"Loppistisdag"},"content":{"rendered":"<p>Idag \u00e5kte jag och min v\u00e4n Emma p\u00e5 Loppistur igen. M\u00e5let var tyg men eftersom det inte fanns n\u00e5gra tyger kom vi hem med en bil full av m\u00f6bler ist\u00e4llet.<\/p>\n<p>Fina soffor, fot\u00f6ljer och lampor inspirerar mig sjukt mkt! Favoriten \u00e4r Emmafot\u00f6ljer och soffor! Kan inte f\u00e5 nog av de och k\u00f6per allt jag kommer \u00f6ver!<\/p>\n<p>Den 1 Januari flyttar Orkan Lia till en st\u00f6rre lokal och atelj\u00e9 s\u00e5 jag skyller p\u00e5 att jag ska m\u00f6blerna i butiken, s\u00e5 f\u00e5r jag inte lika d\u00e5ligt samvete n\u00e4r jag fyller min l\u00e4genhet med alla godbitar!<\/p>\n<p>\u00a0<img decoding=\"async\" src=\"http:\/\/kravallslojd.se\/bloggen\/wp-content\/uploads\/2008\/07\/snv82080.JPG\" alt=\"snv82080.JPG\" \/><\/p>\n<p>Emma<\/p>\n<p>\u00a0<img decoding=\"async\" src=\"http:\/\/kravallslojd.se\/bloggen\/wp-content\/uploads\/2008\/07\/snv82081.JPG\" alt=\"snv82081.JPG\" \/><\/p>\n<p>jag<\/p>\n<p>\u00a0<img decoding=\"async\" src=\"http:\/\/kravallslojd.se\/bloggen\/wp-content\/uploads\/2008\/07\/snv82082.JPG\" alt=\"snv82082.JPG\" \/><\/p>\n<p>full bil<\/p>\n<p>Jag har s\u00e5klart sytt i dag ocks\u00e5 och det blev\u00a0bland annat sytt denna kl\u00e4nning till kunden Kira!<\/p>\n<p><img decoding=\"async\" src=\"http:\/\/kravallslojd.se\/bloggen\/wp-content\/uploads\/2008\/07\/kira-juli-08.JPG\" alt=\"kira-juli-08.JPG\" \/><\/p>\n<p>S\u00e5.. nu ska jag forts\u00e4tta jobba!<\/p>\n<p>Kram<\/p>\n<p>Karolina<\/p>\n","protected":false},"excerpt":{"rendered":"<p>Idag \u00e5kte jag och min v\u00e4n Emma p\u00e5 Loppistur igen. M\u00e5let var tyg men eftersom det inte fanns n\u00e5gra tyger kom vi hem med en bil full av m\u00f6bler ist\u00e4llet. Fina soffor, fot\u00f6ljer och lampor inspirerar mig sjukt mkt! Favoriten \u00e4r Emmafot\u00f6ljer och soffor! Kan inte f\u00e5 nog av de och k\u00f6per allt jag kommer [&hellip;]<\/p>\n","protected":false},"author":1,"featured_media":0,"comment_status":"open","ping_status":"closed","sticky":false,"template":"","format":"standard","meta":[],"categories":[45],"tags":[],"_links":{"self":[{"href":"https:\/\/kravallslojd.se\/wordpress\/index.php?rest_route=\/wp\/v2\/posts\/554"}],"collection":[{"href":"https:\/\/kravallslojd.se\/wordpress\/index.php?rest_route=\/wp\/v2\/posts"}],"about":[{"href":"https:\/\/kravallslojd.se\/wordpress\/index.php?rest_route=\/wp\/v2\/types\/post"}],"author":[{"embeddable":true,"href":"https:\/\/kravallslojd.se\/wordpress\/index.php?rest_route=\/wp\/v2\/users\/1"}],"replies":[{"embeddable":true,"href":"https:\/\/kravallslojd.se\/wordpress\/index.php?rest_route=%2Fwp%2Fv2%2Fcomments&post=554"}],"version-history":[{"count":0,"href":"https:\/\/kravallslojd.se\/wordpress\/index.php?rest_route=\/wp\/v2\/posts\/554\/revisions"}],"wp:attachment":[{"href":"https:\/\/kravallslojd.se\/wordpress\/index.php?rest_route=%2Fwp%2Fv2%2Fmedia&parent=554"}],"wp:term":[{"taxonomy":"category","embeddable":true,"href":"https:\/\/kravallslojd.se\/wordpress\/index.php?rest_route=%2Fwp%2Fv2%2Fcategories&post=554"},{"taxonomy":"post_tag","embeddable":true,"href":"https:\/\/kravallslojd.se\/wordpress\/index.php?rest_route=%2Fwp%2Fv2%2Ftags&post=554"}],"curies":[{"name":"wp","href":"https:\/\/api.w.org\/{rel}","templated":true}]}}