{"id":555,"date":"2008-07-02T23:07:39","date_gmt":"2008-07-02T21:07:39","guid":{"rendered":"http:\/\/kravallslojd.se\/bloggen\/?p=694"},"modified":"2008-07-02T23:07:39","modified_gmt":"2008-07-02T21:07:39","slug":"solen","status":"publish","type":"post","link":"https:\/\/kravallslojd.se\/wordpress\/?p=555","title":{"rendered":"Solen"},"content":{"rendered":"<p>Ibland \u00e4r det sv\u00e5rt att h\u00e5lla sig inne i altej\u00e9n hela dagen. Solen skrek p\u00e5 mig hela dagen att jag skulle komma ut. F\u00f6rst blev det en sv\u00e4ng med pojkv\u00e4nnen Daniel i parken med jordgubbar och senare fika med kompisarna Kotten o jenny..<\/p>\n<p>\u00a0Lite har jag sytt ialla fall och det k\u00e4nns ok. Jag jobbar som sagt h\u00e5rt med mitt f\u00f6retag och det \u00e4r inte s\u00e4llan jag f\u00e5r h\u00f6ra att folk i min omgivning k\u00e4nner sig bortprioriterade. Det \u00e4r en sv\u00e5r balansg\u00e5ng att slita och jobba h\u00e5rt, som man m\u00e5ste som egen f\u00f6retagare och att vara en bra v\u00e4n.. Hum.. idag har jag iaf prioriterat lite socialtliv framf\u00f6r sy sy sy sy..<\/p>\n<p>\u00a0<img decoding=\"async\" src=\"http:\/\/kravallslojd.se\/bloggen\/wp-content\/uploads\/2008\/07\/snv82086.JPG\" alt=\"snv82086.JPG\" \/><\/p>\n<p>Lotta<\/p>\n<p><img decoding=\"async\" src=\"http:\/\/kravallslojd.se\/bloggen\/wp-content\/uploads\/2008\/07\/snv82090.JPG\" alt=\"snv82090.JPG\" \/><\/p>\n<p>&amp; Maria h\u00e4mtade sin plagg idag! Visst \u00e4r de fina?<\/p>\n<p>Lite shopping idag ocks\u00e5.. ig\u00e5r blev det m\u00f6bler.. idag konst som passar perfekt till min nya fot\u00f6lj!!<\/p>\n<p>\u00a0<img decoding=\"async\" src=\"http:\/\/kravallslojd.se\/bloggen\/wp-content\/uploads\/2008\/07\/snv82091.JPG\" alt=\"snv82091.JPG\" \/><\/p>\n<p>\u00a0Tavlorna \u00e4r gjorda av en tjej som heter Emma H\u00e5kansson och hon g\u00f6r tavlor, smycken skulturer och text. L\u00e4s hennes blogg p\u00e5 <a target=\"_blank\" href=\"http:\/\/tunnalinjerflyterut.blogspot.com\/\" >http:\/\/tunnalinjerflyterut.blogspot.com\/<\/a>\u00a0<\/p>\n<p>Vi s\u00e4ljer v\u00e5ra grejer i en butik i Link\u00f6ping som heter Misoui. (<a target=\"_blank\" href=\"http:\/\/www.misoui.se)\u00a0\/\" >www.misoui.se)\u00a0<\/a><\/p>\n<p>Det \u00e4r en\u00a0mkt trevlig seconhand butik som f\u00f6rrutom utvald vintage kl\u00e4der, s\u00e4ljer hantverk fr\u00e5n lite mindre lokala designers!<\/p>\n","protected":false},"excerpt":{"rendered":"<p>Ibland \u00e4r det sv\u00e5rt att h\u00e5lla sig inne i altej\u00e9n hela dagen. Solen skrek p\u00e5 mig hela dagen att jag skulle komma ut. F\u00f6rst blev det en sv\u00e4ng med pojkv\u00e4nnen Daniel i parken med jordgubbar och senare fika med kompisarna Kotten o jenny.. \u00a0Lite har jag sytt ialla fall och det k\u00e4nns ok. Jag jobbar [&hellip;]<\/p>\n","protected":false},"author":1,"featured_media":0,"comment_status":"open","ping_status":"closed","sticky":false,"template":"","format":"standard","meta":[],"categories":[45],"tags":[],"_links":{"self":[{"href":"https:\/\/kravallslojd.se\/wordpress\/index.php?rest_route=\/wp\/v2\/posts\/555"}],"collection":[{"href":"https:\/\/kravallslojd.se\/wordpress\/index.php?rest_route=\/wp\/v2\/posts"}],"about":[{"href":"https:\/\/kravallslojd.se\/wordpress\/index.php?rest_route=\/wp\/v2\/types\/post"}],"author":[{"embeddable":true,"href":"https:\/\/kravallslojd.se\/wordpress\/index.php?rest_route=\/wp\/v2\/users\/1"}],"replies":[{"embeddable":true,"href":"https:\/\/kravallslojd.se\/wordpress\/index.php?rest_route=%2Fwp%2Fv2%2Fcomments&post=555"}],"version-history":[{"count":0,"href":"https:\/\/kravallslojd.se\/wordpress\/index.php?rest_route=\/wp\/v2\/posts\/555\/revisions"}],"wp:attachment":[{"href":"https:\/\/kravallslojd.se\/wordpress\/index.php?rest_route=%2Fwp%2Fv2%2Fmedia&parent=555"}],"wp:term":[{"taxonomy":"category","embeddable":true,"href":"https:\/\/kravallslojd.se\/wordpress\/index.php?rest_route=%2Fwp%2Fv2%2Fcategories&post=555"},{"taxonomy":"post_tag","embeddable":true,"href":"https:\/\/kravallslojd.se\/wordpress\/index.php?rest_route=%2Fwp%2Fv2%2Ftags&post=555"}],"curies":[{"name":"wp","href":"https:\/\/api.w.org\/{rel}","templated":true}]}}