{"id":5556,"date":"2011-07-05T06:49:44","date_gmt":"2011-07-05T05:49:44","guid":{"rendered":"http:\/\/kravallslojd.se\/wordpress\/?p=5556"},"modified":"2011-07-05T06:49:44","modified_gmt":"2011-07-05T05:49:44","slug":"folkdraktsburkan","status":"publish","type":"post","link":"https:\/\/kravallslojd.se\/wordpress\/?p=5556","title":{"rendered":"Folkdr\u00e4ktsburkan"},"content":{"rendered":"<p><span style=\"font-family: Verdana,sans-serif\"><span style=\"font-size: x-small\">N\u00e4r Kravallsl\u00f6jdcrewet h\u00f6rde av sig och undrade om jag ville blogga var det f\u00f6r att de sett vad jag gjorde p\u00e5 den textila workshop vi i Manufaktur ordnade p\u00e5 nationaldagen (och som Hertha och Alva bloggat om h\u00e4r tidigare). S\u00e5 det k\u00e4ndes lite som ett krav, att jag skulle skriva om Folkdr\u00e4ktsburkan. H\u00e4r \u00e4r den.<\/span><\/span><\/p>\n<p><span style=\"font-family: Verdana,sans-serif\"><span style=\"font-size: x-small\"><a href=\"http:\/\/kravallslojd.se\/wordpress\/wp-content\/uploads\/2011\/07\/burkakurbits-2.jpg\" ><img decoding=\"async\" loading=\"lazy\" class=\"aligncenter size-medium wp-image-5557\" src=\"http:\/\/kravallslojd.se\/wordpress\/wp-content\/uploads\/2011\/07\/burkakurbits-2-225x300.jpg\" alt=\"\" width=\"225\" height=\"300\" srcset=\"https:\/\/kravallslojd.se\/wordpress\/wp-content\/uploads\/2011\/07\/burkakurbits-2-225x300.jpg 225w, https:\/\/kravallslojd.se\/wordpress\/wp-content\/uploads\/2011\/07\/burkakurbits-2-768x1024.jpg 768w\" sizes=\"(max-width: 225px) 100vw, 225px\" \/><\/a><br \/>\n<\/span><\/span><\/p>\n<p><span style=\"font-family: Verdana,sans-serif\"><span style=\"font-size: x-small\">Vi i Manufaktur pratade mycket innan workshopen om hemsl\u00f6jd och hur fr\u00e4mlingsfientliga krafter i samh\u00e4llet (ingen n\u00e4mnd, ingen gl\u00f6md) har anv\u00e4nt sig, och g\u00f6r det fortfarande, av symboler som f\u00f6rknippas med just hemsl\u00f6jd. Folkdanslag har blivit ofrivilliga representater f\u00f6r det som \u00e4r \u201d\u00e4kta\u201d och \u201dsvenskt\u201d. Jimmie \u00c5kessons val att b\u00e4ra folkdr\u00e4kt vid riksdagens \u00f6ppnande v\u00e4ckte stort uppseende, Adam Tensta p\u00e5 omslaget till musiktidningen <\/span><\/span><span style=\"font-family: Verdana,sans-serif\"><span style=\"font-size: x-small\"><em>Gaffa<\/em><\/span><\/span><span style=\"font-family: Verdana,sans-serif\"><span style=\"font-size: x-small\"> \u2013 ocks\u00e5 i dr\u00e4kt \u2013 lite mindre, men \u00e4nd\u00e5. \u00c4ven journalister har ett ansvar i det h\u00e4r. Det \u00e4r s\u00e5 l\u00e4tt att illustrera en artikel om rasism med en dalah\u00e4st eller en Lovikkavante. Men <\/span><\/span><span style=\"font-family: Verdana,sans-serif\"><span style=\"font-size: x-small\"><em>varf\u00f6r<\/em><\/span><\/span><span style=\"font-family: Verdana,sans-serif\"><span style=\"font-size: x-small\">? Varf\u00f6r har det blivit legitimt att anv\u00e4nda hantverk och sl\u00f6jd p\u00e5 det h\u00e4r s\u00e4ttet? Ingen sl\u00f6jdare jag k\u00e4nner till st\u00e4ller sig bakom det, \u00e4nnu mindre delar de den typen av \u00e5sikter. Alla med n\u00e5gon slags insikt i sl\u00f6jdv\u00e4rlden vet ju dessutom att det i princip inte finns n\u00e5got som \u00e4r nationellt. Allt har redan gjorts n\u00e5n annan stans, kanske med andra material och redskap, men m\u00f6nster, tekniker och f\u00e4rger g\u00e5r igen \u00f6ver hela jorden. Hemsl\u00f6jd \u00e4r kanske det minst fr\u00e4mlingsfientliga man kan t\u00e4nka sig. Det f\u00f6renar.<br \/>\n<\/span><\/span><\/p>\n<p><span style=\"font-family: Verdana,sans-serif\"><span style=\"font-size: x-small\">D\u00e4rf\u00f6r \u00e4r det h\u00f6g tid \u2013 och v\u00e4ldigt viktigt \u2013 att vi som faktiskt sysslar med den h\u00e4r sl\u00f6jden som ska vara s\u00e5 \u201dsvensk\u201d protesterar och ifr\u00e5gas\u00e4tter varf\u00f6r v\u00e5rt hantverk anv\u00e4nds i s\u00e5dana sammanhang. Jag \u00f6nskar att diskussionen om hemsl\u00f6jd och fr\u00e4mlingsfientlighet h\u00e5lls aktiv och f\u00f6rs p\u00e5 m\u00e5nga olika plan. En workshop \u00e4r ett s\u00e4tt, men det beh\u00f6vs mer: debattartiklar (liknande den i tidningen <\/span><\/span><span style=\"font-family: Verdana,sans-serif\"><span style=\"font-size: x-small\"><em>Hemsl\u00f6jd<\/em><\/span><\/span><span style=\"font-family: Verdana,sans-serif\"><span style=\"font-size: x-small\"> nr 1\/11), n\u00e4tdiskussioner, manifestationer. Annars tror jag att synen p\u00e5 hemsl\u00f6jdsv\u00e4rlden som n\u00e5got mossigt, f\u00f6rlegat och&#8230; tja, kanske lite v\u00e4rdekonservativt, f\u00f6r att uttrycka det fink\u00e4nsligt, f\u00e5r fotf\u00e4ste hos folk. Och det \u00e4r verkligen inte den bilden jag har. <\/span><\/span><\/p>\n<p><span style=\"font-family: Verdana,sans-serif\"><span style=\"font-size: x-small\">Men tillbaka till burkan. Jag gillar kl\u00e4der och \u00e4r intresserad av mode. Mode f\u00f6r mig handlar om att vara bekv\u00e4m, fin och kreativ. Fast det vore ju naivt att tro att det stannar d\u00e4r, mode \u00e4r s\u00e5 mycket mer. Det \u00e4r roller och acceptans och tillh\u00f6righet. Jag skulle personligen ha v\u00e4ldigt sv\u00e5rt att anpassa min kl\u00e4dstil till ett samh\u00e4lle d\u00e4r andra normer och sociala koder r\u00e5der. Kl\u00e4der \u00e4r s\u00e5 mycket mer \u00e4n tyg, samtidigt som det bara \u00e4r lite tyg. Om man kl\u00e4r sig som man \u00e4r van, till exempel i hijab, fast \u00e4ndrar n\u00e5got, s\u00e4g f\u00e4rg och m\u00f6nster, s\u00e5 att det passar i folkdr\u00e4ktsgropen i Leksand p\u00e5 midsommar \u2013 hur blir det d\u00e5? Blir man mer accepterad d\u00e5, eller mer utst\u00f6tt? N\u00e4r slutar textilen att vara ett tygstycke vilket som helst, och blir en bomb? <\/span><\/span><\/p>\n<p><span style=\"font-family: Verdana,sans-serif\"><span style=\"font-size: x-small\">Jag \u00e4r ocks\u00e5 fascinerad \u00f6ver hur fort vi gl\u00f6mmer det som varit. F\u00f6r en sis\u00e5d\u00e4r 100 \u00e5r sedan fick inte heller svenska gifta kvinnor visa h\u00e5ret hur som helst. Naturligtvis ska man inte uppmuntra f\u00f6rtryck i n\u00e5gon form, men det \u00e4r s\u00e5 l\u00e4tt att komma med tv\u00e4rs\u00e4kra \u00e5sikter om hur-vi-g\u00f6r-h\u00e4r-i-Sverige, n\u00e4r fr\u00e5gan \u00e4r s\u00e5 o\u00e4ndligt mycket mer komplex. Den beh\u00f6ver som sagt diskuteras igen och igen och igen.<br \/>\n<\/span><\/span><\/p>\n<p><span style=\"font-family: Verdana,sans-serif\"><span style=\"font-size: x-small\">Och ifall ni undrar s\u00e5 \u00e4r det en sur sverigedemokratsbock som kommer in fr\u00e5n h\u00f6rnet. Men han \u00e4r mycket mindre, s\u00e5 ingen bryr sig riktigt om vad han tycker.<\/span><\/span><\/p>\n<p>&nbsp;<\/p>\n","protected":false},"excerpt":{"rendered":"<p>N\u00e4r Kravallsl\u00f6jdcrewet h\u00f6rde av sig och undrade om jag ville blogga var det f\u00f6r att de sett vad jag gjorde p\u00e5 den textila workshop vi i Manufaktur ordnade p\u00e5 nationaldagen (och som Hertha och Alva bloggat om h\u00e4r tidigare). S\u00e5 det k\u00e4ndes lite som ett krav, att jag skulle skriva om Folkdr\u00e4ktsburkan. H\u00e4r \u00e4r den. [&hellip;]<\/p>\n","protected":false},"author":165,"featured_media":0,"comment_status":"open","ping_status":"open","sticky":false,"template":"","format":"standard","meta":[],"categories":[267],"tags":[637,348,428,347],"_links":{"self":[{"href":"https:\/\/kravallslojd.se\/wordpress\/index.php?rest_route=\/wp\/v2\/posts\/5556"}],"collection":[{"href":"https:\/\/kravallslojd.se\/wordpress\/index.php?rest_route=\/wp\/v2\/posts"}],"about":[{"href":"https:\/\/kravallslojd.se\/wordpress\/index.php?rest_route=\/wp\/v2\/types\/post"}],"author":[{"embeddable":true,"href":"https:\/\/kravallslojd.se\/wordpress\/index.php?rest_route=\/wp\/v2\/users\/165"}],"replies":[{"embeddable":true,"href":"https:\/\/kravallslojd.se\/wordpress\/index.php?rest_route=%2Fwp%2Fv2%2Fcomments&post=5556"}],"version-history":[{"count":5,"href":"https:\/\/kravallslojd.se\/wordpress\/index.php?rest_route=\/wp\/v2\/posts\/5556\/revisions"}],"predecessor-version":[{"id":5562,"href":"https:\/\/kravallslojd.se\/wordpress\/index.php?rest_route=\/wp\/v2\/posts\/5556\/revisions\/5562"}],"wp:attachment":[{"href":"https:\/\/kravallslojd.se\/wordpress\/index.php?rest_route=%2Fwp%2Fv2%2Fmedia&parent=5556"}],"wp:term":[{"taxonomy":"category","embeddable":true,"href":"https:\/\/kravallslojd.se\/wordpress\/index.php?rest_route=%2Fwp%2Fv2%2Fcategories&post=5556"},{"taxonomy":"post_tag","embeddable":true,"href":"https:\/\/kravallslojd.se\/wordpress\/index.php?rest_route=%2Fwp%2Fv2%2Ftags&post=5556"}],"curies":[{"name":"wp","href":"https:\/\/api.w.org\/{rel}","templated":true}]}}