{"id":558,"date":"2008-07-07T20:05:19","date_gmt":"2008-07-07T18:05:19","guid":{"rendered":"http:\/\/kravallslojd.se\/bloggen\/?p=702"},"modified":"2008-07-07T20:05:19","modified_gmt":"2008-07-07T18:05:19","slug":"hej-2","status":"publish","type":"post","link":"https:\/\/kravallslojd.se\/wordpress\/?p=558","title":{"rendered":"Hej!"},"content":{"rendered":"<p>Hej!\u00a0<\/p>\n<p>Ja s\u00e5 var det m\u00e5ndag igen J hoppas att ni haft en lika trevlig helg som jag!\u00a0<\/p>\n<p>Som sagt var s\u00e5 h\u00e5ller jag p\u00e5 att utbilda mig till medies\u00e4ljare p\u00e5 <a target=\"_blank\" href=\"http:\/\/www.akademi.bastad.se\"  title=\"Akademi B\u00e5stad\">Akademi B\u00e5stad<\/a>. En medies\u00e4ljare s\u00e4ljer reklam tid\/platts, just nu g\u00f6r jag min sista praktik p\u00e5 SBS Radio i Stockholm d\u00e4r jag hj\u00e4lper till att s\u00e4lja reklam i radio. Det \u00e4r m\u00e5nga som tycker att reklam i all dess form \u00e4r det v\u00e4rsta som finns, det st\u00f6r i Radio, p\u00e5 TV i tidningar och alla andra st\u00e4llen, jag har f\u00f6rst\u00e5else f\u00f6r att man k\u00e4nner s\u00e5 (jag k\u00e4nde likadant innan jag b\u00f6rjade jobba med det). Men utan reklamen skulle det inte finnas lika m\u00e5nga radiokanaler eller TV kanaler, tidningar mm. Det \u00e4r reklamint\u00e4kterna som g\u00f6r det m\u00f6jligt f\u00f6r de olika f\u00f6retagen i de olika medierna att existera, sedan f\u00e5r man ju tycka vad man vill om de kanaler som finns s\u00e5 det \u00e4r ju bra. En annan positiv sak \u00e4r ju att man som f\u00f6retag har v\u00e4ldigt m\u00e5nga valm\u00f6jligheter att marknadsf\u00f6ra sig p\u00e5 f\u00f6r att n\u00e5 ut till alla sina kunder!\u00a0<\/p>\n<p>Jag t\u00e4nkte att jag skulle ge lite tipps under veckan p\u00e5 vad man kan t\u00e4nka p\u00e5 n\u00e4r man vill marknadsf\u00f6ra sig har ni n\u00e5gra specifika fr\u00e5gor s\u00e5 f\u00e5r ni g\u00e4rna l\u00e4gga in kommentarer i bloggen.\u00a0<\/p>\n<p>Just nu \u00e4r det semester tider och mediebranschen st\u00e5r v\u00e4ldigt stilla, vanligtvis s\u00e5 \u00e4r det fokus p\u00e5 att ringa kunder och boka in m\u00f6ten f\u00f6r att f\u00e5 presentera sig sj\u00e4lv och f\u00f6retaget, f\u00f6r att se om det mediet som man jobbar med passar med hur kunden vill marknadsf\u00f6ra sig och sedan jobba utifr\u00e5n det.\u00a0<\/p>\n<p>Det man f\u00f6rst b\u00f6r t\u00e4nka p\u00e5 n\u00e4r det kommer till marknadsf\u00f6ring \u00e4r, vad \u00e4r det man vill f\u00f6rmedla? Vill man att folk skall veta vem man \u00e4r? Vill man att folk skall handla i butik? Hitta till sin hemsida? Vad \u00e4r det man vill uppn\u00e5 genom att synas och\/eller h\u00f6ras?\u00a0<\/p>\n<p>Fundera p\u00e5 det s\u00e5 \u00e5terkommer jag i morgon f\u00f6r nu m\u00e5ste jag g\u00f6ra lite skolarbete. Ingen rast och ingen ro men det \u00e4r roligt n\u00e4stan j\u00e4mt J\u00a0<\/p>\n<p>Ha en underbar kv\u00e4ll!\u00a0<\/p>\n<p>Kram \u00a0<\/p>\n<p>Karolina<\/p>\n","protected":false},"excerpt":{"rendered":"<p>Hej!\u00a0 Ja s\u00e5 var det m\u00e5ndag igen J hoppas att ni haft en lika trevlig helg som jag!\u00a0 Som sagt var s\u00e5 h\u00e5ller jag p\u00e5 att utbilda mig till medies\u00e4ljare p\u00e5 Akademi B\u00e5stad. En medies\u00e4ljare s\u00e4ljer reklam tid\/platts, just nu g\u00f6r jag min sista praktik p\u00e5 SBS Radio i Stockholm d\u00e4r jag hj\u00e4lper till att [&hellip;]<\/p>\n","protected":false},"author":1,"featured_media":0,"comment_status":"open","ping_status":"closed","sticky":false,"template":"","format":"standard","meta":[],"categories":[43],"tags":[],"_links":{"self":[{"href":"https:\/\/kravallslojd.se\/wordpress\/index.php?rest_route=\/wp\/v2\/posts\/558"}],"collection":[{"href":"https:\/\/kravallslojd.se\/wordpress\/index.php?rest_route=\/wp\/v2\/posts"}],"about":[{"href":"https:\/\/kravallslojd.se\/wordpress\/index.php?rest_route=\/wp\/v2\/types\/post"}],"author":[{"embeddable":true,"href":"https:\/\/kravallslojd.se\/wordpress\/index.php?rest_route=\/wp\/v2\/users\/1"}],"replies":[{"embeddable":true,"href":"https:\/\/kravallslojd.se\/wordpress\/index.php?rest_route=%2Fwp%2Fv2%2Fcomments&post=558"}],"version-history":[{"count":0,"href":"https:\/\/kravallslojd.se\/wordpress\/index.php?rest_route=\/wp\/v2\/posts\/558\/revisions"}],"wp:attachment":[{"href":"https:\/\/kravallslojd.se\/wordpress\/index.php?rest_route=%2Fwp%2Fv2%2Fmedia&parent=558"}],"wp:term":[{"taxonomy":"category","embeddable":true,"href":"https:\/\/kravallslojd.se\/wordpress\/index.php?rest_route=%2Fwp%2Fv2%2Fcategories&post=558"},{"taxonomy":"post_tag","embeddable":true,"href":"https:\/\/kravallslojd.se\/wordpress\/index.php?rest_route=%2Fwp%2Fv2%2Ftags&post=558"}],"curies":[{"name":"wp","href":"https:\/\/api.w.org\/{rel}","templated":true}]}}