{"id":559,"date":"2008-07-09T00:41:34","date_gmt":"2008-07-08T22:41:34","guid":{"rendered":"http:\/\/kravallslojd.se\/bloggen\/?p=703"},"modified":"2008-07-09T00:41:34","modified_gmt":"2008-07-08T22:41:34","slug":"tank-och-tipps-som-jag-tycker-ar-bra","status":"publish","type":"post","link":"https:\/\/kravallslojd.se\/wordpress\/?p=559","title":{"rendered":"T\u00e4nk och tipps som jag tycker \u00e4r bra!"},"content":{"rendered":"<p>Jag ber om urs\u00e4kt f\u00f6r att det blev sent i dag lite mycket att st\u00e5 i!<\/p>\n<p>\u00a0<\/p>\n<p>Jag b\u00f6rja ju skriva lite i g\u00e5r om vad jag tycker \u00e4r bra att t\u00e4nka p\u00e5 n\u00e4r det kommer att man vill marknadsf\u00f6ra sig och sitt f\u00f6retagande, s\u00e5 kom jag p\u00e5 i dag att jag gl\u00f6mde n\u00e4mna en viktig sak (jag ber om urs\u00e4kt f\u00f6r detta) vilket \u00e4r att se till att man har en tydlig, vi kan kalla det plattform att st\u00e5 p\u00e5, en tydlig bild av sitt f\u00f6retag hur man jobbar och vad man vill. \u00a0<\/p>\n<p>Jag kan ta mig sj\u00e4lv som ett exempel: KaoliN har funnits sedan 2004, jag vet att jag vill forts\u00e4tta skapa och kunna vara kreativ. I dag virkar och stickar jag m\u00f6ssor, vantar pannband, mobilfodral, och sjalar i olika former och konstellationer, jag vet att jag vill kunna g\u00f6ra \u201done of a kind\u201d produkter av kvallite, d\u00e5 det \u00e4r roligt att f\u00e5 ha n\u00e5gonting unikt som ingen annan har som h\u00e5ller (n\u00e4r det kommer till produkterna jag g\u00f6r i dag). \u00a0<\/p>\n<p>Vad jag d\u00e4remot inte vet \u00e4r: vill jag bredda mig, dvs. \u00e4ven sy kl\u00e4der eller f\u00f6rknippas med andra produkter? vill jag ha det som hobby eller kanske kunna leva av det i framtiden? Hur vill jag att man skall t\u00e4nka n\u00e4r man t\u00e4nker p\u00e5 KaoliN, skall jag avgr\u00e4nsa mig p\u00e5 n\u00e5got s\u00e4tt? Ja det \u00e4r bara n\u00e5gra fr\u00e5gor som jag inte har n\u00e5got svar p\u00e5 i dag. Vet jag inte sj\u00e4lv vad jag har f\u00f6r m\u00e5ls\u00e4ttning med mitt hantverkande eller \u00e4r tydlig med vad jag st\u00e5r f\u00f6r, vad jag g\u00f6r eller vad jag vill s\u00e5 kan det vara dumt att b\u00f6rja marknadsf\u00f6ra mig d\u00e5 jag anser att det kan g\u00f6ra mer skada \u00e4n nytta. \u00a0<\/p>\n<p>N\u00e4r jag har skapat mig min plattform, vet vad jag vill med KaoliN och det \u00e4r dags att b\u00f6rja marknadsf\u00f6ra mig kommer jag till g\u00e5rdagens fr\u00e5gest\u00e4llningar: vad \u00e4r det jag vill f\u00f6rmedla? Vill jag att folk skall veta vem jag \u00e4r? Vill jag att folk skall handla av mig? Hitta till min hemsida? Vad \u00e4r det jag vill uppn\u00e5 genom att synas och\/eller h\u00f6ras? N\u00e4r s\u00e5 dessa \u00e4r besvarade s\u00e5 t\u00e4nkte tipsa om ett s\u00e4tt att t\u00e4nka p\u00e5 som jag tycker \u00e4r j\u00e4ttebra. S\u00e4tt upp ett m\u00e5l med din marknadsf\u00f6ring: t\u00e4nk att m\u00e5l skall vara S M A R T (A). (Jag \u00e4r oerh\u00f6rt tacksam att min l\u00e4rare AKB bankat in detta i mitt huvud, hon \u00e4r en grymt bra marknadsf\u00f6rare.)\u00a0<\/p>\n<p><strong>S<\/strong>iffersatt \u2013 vill jag \u00f6ka f\u00f6rs\u00e4ljning, spring i butik eller p\u00e5 hemsida med <u>5% 10% eller 50%?<\/u>\u00a0<\/p>\n<p><strong>M<\/strong>\u00e4tbart \u2013 kan man m\u00e4ta resultatet? Kommer jag att kunna m\u00e4ta effekten av min marknadsf\u00f6ring?\u00a0<\/p>\n<p><strong>A<\/strong>vgr\u00e4nsat \u2013 Vart vill jag marknadsf\u00f6ra mig? i Ume\u00e5, Sverige, Europa eller v\u00e4rlden? Hur vill jag avgr\u00e4nsa mig?\u00a0<\/p>\n<p><strong>R<\/strong>imliga \u2013 \u00e4r det rimligt att jag klarar detta?\u00a0<\/p>\n<p><strong>T<\/strong>idsbest\u00e4mda \u2013 under hur l\u00e5ng tid skall denna kampanj\/marknadsf\u00f6ring p\u00e5g\u00e5?\u00a0<\/p>\n<p>(<strong>A<\/strong>nsvarig person \u2013 vem \u00e4r ytterst ansvarig och h\u00e5ller ihop kampanjen? Denna har v\u00e5r l\u00e4rare AKB sj\u00e4lv lagt till)\u00a0<\/p>\n<p>Blev lite l\u00e5ngt detta men jag hoppas att ni inte somnade efter h\u00e4lften av texten. Det finns s\u00e5 m\u00e5nga s\u00e4tt att marknadsf\u00f6ra sig p\u00e5 jag hoppas att jag kunnat inspirera till att b\u00f6rja t\u00e4nka p\u00e5 marknadsf\u00f6ring utifr\u00e5n vad jag l\u00e4rt mig och tycker \u00e4r bra.\u00a0<\/p>\n<p>Ha en underbar dag!\u00a0<\/p>\n<p>\/\/ Karolina<\/p>\n","protected":false},"excerpt":{"rendered":"<p>Jag ber om urs\u00e4kt f\u00f6r att det blev sent i dag lite mycket att st\u00e5 i! \u00a0 Jag b\u00f6rja ju skriva lite i g\u00e5r om vad jag tycker \u00e4r bra att t\u00e4nka p\u00e5 n\u00e4r det kommer att man vill marknadsf\u00f6ra sig och sitt f\u00f6retagande, s\u00e5 kom jag p\u00e5 i dag att jag gl\u00f6mde n\u00e4mna en [&hellip;]<\/p>\n","protected":false},"author":1,"featured_media":0,"comment_status":"open","ping_status":"closed","sticky":false,"template":"","format":"standard","meta":[],"categories":[43],"tags":[],"_links":{"self":[{"href":"https:\/\/kravallslojd.se\/wordpress\/index.php?rest_route=\/wp\/v2\/posts\/559"}],"collection":[{"href":"https:\/\/kravallslojd.se\/wordpress\/index.php?rest_route=\/wp\/v2\/posts"}],"about":[{"href":"https:\/\/kravallslojd.se\/wordpress\/index.php?rest_route=\/wp\/v2\/types\/post"}],"author":[{"embeddable":true,"href":"https:\/\/kravallslojd.se\/wordpress\/index.php?rest_route=\/wp\/v2\/users\/1"}],"replies":[{"embeddable":true,"href":"https:\/\/kravallslojd.se\/wordpress\/index.php?rest_route=%2Fwp%2Fv2%2Fcomments&post=559"}],"version-history":[{"count":0,"href":"https:\/\/kravallslojd.se\/wordpress\/index.php?rest_route=\/wp\/v2\/posts\/559\/revisions"}],"wp:attachment":[{"href":"https:\/\/kravallslojd.se\/wordpress\/index.php?rest_route=%2Fwp%2Fv2%2Fmedia&parent=559"}],"wp:term":[{"taxonomy":"category","embeddable":true,"href":"https:\/\/kravallslojd.se\/wordpress\/index.php?rest_route=%2Fwp%2Fv2%2Fcategories&post=559"},{"taxonomy":"post_tag","embeddable":true,"href":"https:\/\/kravallslojd.se\/wordpress\/index.php?rest_route=%2Fwp%2Fv2%2Ftags&post=559"}],"curies":[{"name":"wp","href":"https:\/\/api.w.org\/{rel}","templated":true}]}}