{"id":560,"date":"2008-07-09T22:40:41","date_gmt":"2008-07-09T20:40:41","guid":{"rendered":"http:\/\/kravallslojd.se\/bloggen\/?p=704"},"modified":"2008-07-09T22:40:41","modified_gmt":"2008-07-09T20:40:41","slug":"i-dag-ar-det-onsdag","status":"publish","type":"post","link":"https:\/\/kravallslojd.se\/wordpress\/?p=560","title":{"rendered":"I dag \u00e4r det onsdag!"},"content":{"rendered":"<p>Hej hej! \u00a0<\/p>\n<p>\u00c5 i dag har det varigt r\u00e4tt lugnt m\u00e5ste jag s\u00e4ga, sk\u00f6nt f\u00f6r omv\u00e4xlingens skull! Jag har letat f\u00f6retag att ringa till f\u00f6r att presentera SBS Radio, jobbat lite med det event som jag ansvarar f\u00f6r och varigt p\u00e5 mitt f\u00f6rsta kundm\u00f6te. J\u00e4tteroligt men inte helt enkelt, som tur var s\u00e5 var jag 2:dre pilot och beh\u00f6vde inte s\u00e4ga s\u00e5 mycket, m\u00e5ste s\u00e4ga att det \u00e4r lite annat tempo h\u00e4r i Stockholm \u00e4n det \u00e4r hemma i Ume\u00e5 som jag \u00e4r van vid men jag \u00e4r ju h\u00e4r f\u00f6r att l\u00e4ra mig s\u00e5 att\u2026\u2026\u00a0<\/p>\n<p>En bra sak som jag l\u00e4rde mig av m\u00f6tet \u00e4r att man skall st\u00e4lla m\u00e5nga fr\u00e5gor och k\u00e4nna av hur personen som man tr\u00e4ffar \u00e4r, vill hon\/han ha mycket fakta eller lite, vill de att man skall vara snabb eller \u00e4r det ok att \u201dk\u00e4nna lugnet\u201d helt enkelt k\u00e4nner man av personen man tr\u00e4ffar och anpassar sig efter den s\u00e5 g\u00e5r m\u00f6tet mycket b\u00e4ttre och det \u00e4r st\u00f6rre chans att det blir ett avslut!\u00a0<\/p>\n<p>S\u00e5 har jag f\u00e5tt bes\u00f6k av min k\u00e4ra v\u00e4n Lisen, s\u00e5 vi bara myser i kv\u00e4ll och pratar gamla goda tider och framtidens mysterier s\u00e5 d\u00e4r dr\u00f6mmande \u00e5 f\u00f6rv\u00e4ntansfullt som det kan vara!\u00a0<\/p>\n<p>I morron \u00e4r det torsdag och helgen n\u00e4rmar sig s\u00e5 nu k\u00e4mpar vi p\u00e5 de 2 sista dagarna sen hoppas jag att vi f\u00e5r njuta av ledighet, lugn och ro och SOL J\u00a0<\/p>\n<p>Kram\u00a0<\/p>\n<p>Karolina<\/p>\n","protected":false},"excerpt":{"rendered":"<p>Hej hej! \u00a0 \u00c5 i dag har det varigt r\u00e4tt lugnt m\u00e5ste jag s\u00e4ga, sk\u00f6nt f\u00f6r omv\u00e4xlingens skull! Jag har letat f\u00f6retag att ringa till f\u00f6r att presentera SBS Radio, jobbat lite med det event som jag ansvarar f\u00f6r och varigt p\u00e5 mitt f\u00f6rsta kundm\u00f6te. J\u00e4tteroligt men inte helt enkelt, som tur var s\u00e5 var [&hellip;]<\/p>\n","protected":false},"author":1,"featured_media":0,"comment_status":"open","ping_status":"closed","sticky":false,"template":"","format":"standard","meta":[],"categories":[43],"tags":[],"_links":{"self":[{"href":"https:\/\/kravallslojd.se\/wordpress\/index.php?rest_route=\/wp\/v2\/posts\/560"}],"collection":[{"href":"https:\/\/kravallslojd.se\/wordpress\/index.php?rest_route=\/wp\/v2\/posts"}],"about":[{"href":"https:\/\/kravallslojd.se\/wordpress\/index.php?rest_route=\/wp\/v2\/types\/post"}],"author":[{"embeddable":true,"href":"https:\/\/kravallslojd.se\/wordpress\/index.php?rest_route=\/wp\/v2\/users\/1"}],"replies":[{"embeddable":true,"href":"https:\/\/kravallslojd.se\/wordpress\/index.php?rest_route=%2Fwp%2Fv2%2Fcomments&post=560"}],"version-history":[{"count":0,"href":"https:\/\/kravallslojd.se\/wordpress\/index.php?rest_route=\/wp\/v2\/posts\/560\/revisions"}],"wp:attachment":[{"href":"https:\/\/kravallslojd.se\/wordpress\/index.php?rest_route=%2Fwp%2Fv2%2Fmedia&parent=560"}],"wp:term":[{"taxonomy":"category","embeddable":true,"href":"https:\/\/kravallslojd.se\/wordpress\/index.php?rest_route=%2Fwp%2Fv2%2Fcategories&post=560"},{"taxonomy":"post_tag","embeddable":true,"href":"https:\/\/kravallslojd.se\/wordpress\/index.php?rest_route=%2Fwp%2Fv2%2Ftags&post=560"}],"curies":[{"name":"wp","href":"https:\/\/api.w.org\/{rel}","templated":true}]}}