{"id":561,"date":"2008-07-10T22:30:23","date_gmt":"2008-07-10T20:30:23","guid":{"rendered":"http:\/\/kravallslojd.se\/bloggen\/?p=705"},"modified":"2008-07-10T22:30:23","modified_gmt":"2008-07-10T20:30:23","slug":"trog-och-trott-kan-jag-lova","status":"publish","type":"post","link":"https:\/\/kravallslojd.se\/wordpress\/?p=561","title":{"rendered":"Tr\u00f6g och tr\u00f6tt kan jag lova!"},"content":{"rendered":"<p>Hej Hej!\u00a0<\/p>\n<p>I dag har min v\u00e4rd st\u00e5tt stilla m\u00e5ste jag s\u00e4ga, det k\u00e4nns att det \u00e4r sommar och folk har semester det har varigt riktigt tr\u00f6gt p\u00e5 jobbet och konstigt v\u00e4der med sol p\u00e5 morgon och regn p\u00e5 eftermiddagen, inte blev det b\u00e4ttre av att jag f\u00f6rsov mig en timme i morse!! *morr* men men livet g\u00e5r vidare, enbart s\u00f6kt kunder i dag blir lite tradigt i l\u00e4ngden men morgondagen bjuder p\u00e5 sp\u00e4nning s\u00e5 det ser jag fram emot! Har f\u00e5tt underbart bes\u00f6k fr\u00e5n Ume\u00e5 i kv\u00e4ll fr\u00e5n min k\u00e4ra v\u00e4n Nellie som skall stanna tills p\u00e5 m\u00e5ndag, s\u00e5 att det blir mys \u00e5 bus i helgen det ser jag fram emot.\u00a0<\/p>\n<p>Skall inspektera Stockholms *piller* shoppar i helgen det ser jag fram emot, allt mitt garn \u00e4r nerpackat i f\u00f6rr\u00e5det och symaskinen st\u00e5r och dammar hos mina f\u00f6r\u00e4ldrar men kreativiteten \u00e4r det inget fel p\u00e5, s\u00e5 att jag m\u00e5ste hitta n\u00e5tt att pilla med n\u00e4r jag \u00e4r i Stockholm. Skall bli sp\u00e4nnande att se vad man kan hitta J\u00a0<\/p>\n<p>Vill man h\u00e4nga med i mediebranschen kan man kolla p\u00e5 f\u00f6ljande hemsidor:<a target=\"_blank\" href=\"http:\/\/www.resume.se\/\" >www.resume.se<\/a>www.dagensmedia.se \u00a0<\/p>\n<p>Roligare \u00e4n s\u00e5 h\u00e4r blir det inte i dag men vi f\u00e5r se vad som h\u00e4nder i morron!\u00a0<\/p>\n<p>Kram natten!\u00a0<\/p>\n<p>Karolina<\/p>\n","protected":false},"excerpt":{"rendered":"<p>Hej Hej!\u00a0 I dag har min v\u00e4rd st\u00e5tt stilla m\u00e5ste jag s\u00e4ga, det k\u00e4nns att det \u00e4r sommar och folk har semester det har varigt riktigt tr\u00f6gt p\u00e5 jobbet och konstigt v\u00e4der med sol p\u00e5 morgon och regn p\u00e5 eftermiddagen, inte blev det b\u00e4ttre av att jag f\u00f6rsov mig en timme i morse!! *morr* men [&hellip;]<\/p>\n","protected":false},"author":1,"featured_media":0,"comment_status":"open","ping_status":"closed","sticky":false,"template":"","format":"standard","meta":[],"categories":[43],"tags":[],"_links":{"self":[{"href":"https:\/\/kravallslojd.se\/wordpress\/index.php?rest_route=\/wp\/v2\/posts\/561"}],"collection":[{"href":"https:\/\/kravallslojd.se\/wordpress\/index.php?rest_route=\/wp\/v2\/posts"}],"about":[{"href":"https:\/\/kravallslojd.se\/wordpress\/index.php?rest_route=\/wp\/v2\/types\/post"}],"author":[{"embeddable":true,"href":"https:\/\/kravallslojd.se\/wordpress\/index.php?rest_route=\/wp\/v2\/users\/1"}],"replies":[{"embeddable":true,"href":"https:\/\/kravallslojd.se\/wordpress\/index.php?rest_route=%2Fwp%2Fv2%2Fcomments&post=561"}],"version-history":[{"count":0,"href":"https:\/\/kravallslojd.se\/wordpress\/index.php?rest_route=\/wp\/v2\/posts\/561\/revisions"}],"wp:attachment":[{"href":"https:\/\/kravallslojd.se\/wordpress\/index.php?rest_route=%2Fwp%2Fv2%2Fmedia&parent=561"}],"wp:term":[{"taxonomy":"category","embeddable":true,"href":"https:\/\/kravallslojd.se\/wordpress\/index.php?rest_route=%2Fwp%2Fv2%2Fcategories&post=561"},{"taxonomy":"post_tag","embeddable":true,"href":"https:\/\/kravallslojd.se\/wordpress\/index.php?rest_route=%2Fwp%2Fv2%2Ftags&post=561"}],"curies":[{"name":"wp","href":"https:\/\/api.w.org\/{rel}","templated":true}]}}