{"id":567,"date":"2008-07-21T08:11:45","date_gmt":"2008-07-21T06:11:45","guid":{"rendered":"http:\/\/kravallslojd.se\/bloggen\/?p=715"},"modified":"2008-07-21T08:11:45","modified_gmt":"2008-07-21T06:11:45","slug":"dag-1","status":"publish","type":"post","link":"https:\/\/kravallslojd.se\/wordpress\/?p=567","title":{"rendered":"Dag 1"},"content":{"rendered":"<p>Japp, denna vecka \u00e4r det jag som ska blogga h\u00e4r. Jag har ingen aning vad jag ska skriva om utan det f\u00e5r komma som det kommer.<\/p>\n<p>Anyway, Emelie heter jag som ni kanske redan\u00a0sett :) Fyller hela 20 \u00e5r i \u00e5r, h\u00f6r \u00e5 h\u00e4pna, ton\u00e5ren f\u00f6rsvinner fort!<\/p>\n<p>I dag \u00e4r det min f\u00f6rsta arbetsdag sen semestern s\u00e5 detta inl\u00e4gget blir f\u00f6rmodligen inte s\u00e5 l\u00e5ngt, har en del att st\u00e5 i, men jag t\u00e4nkte ber\u00e4tta kort om\u00a0hur hela ide\u00e9n med att starta eget tog form.<\/p>\n<p>Jag tror det h\u00e4nde s\u00e5 sent som i april 2007, hade ca 1 m\u00e5nad kvar\u00a0i skolan\u00a0och paniken \u00f6ver vad jag skulle g\u00f6ra med livet tog fart. Tanken var v\u00e4l att jag skulle b\u00f6rja p\u00e5 Astra Zeneca, ett 7-4 jobb. Ber\u00e4ttade mina planer f\u00f6r pappa och han blev helt f\u00f6rtvivlad! Han trodde ju sj\u00e4lvklart att jag skulle fastna d\u00e4r f\u00f6r resten av mitt liv, att han inte k\u00e4nner mig b\u00e4ttre \u00e4n s\u00e5, haha!<br \/>\nSen innan hade jag b\u00f6rjat sy v\u00e4skor p\u00e5 skoj, s\u00e5lde n\u00e5gra i en butik. Detta tyckte min far att jag skulle sp\u00e5na vidare p\u00e5. En kv\u00e4ll ringde han mig och undrade om jag &#8221;kunde sy b\u00e5tdynor?&#8221;. B\u00e5tdynor? ja jag kan v\u00e4l f\u00f6rs\u00f6ka sa jag och p\u00e5 den v\u00e4gen \u00e4r det. Nej, jag syr inte b\u00e5tdynor idag, har sytt ett par inredningar till husbilar d\u00e4rimot, men det \u00e4r ju kl\u00e4der och v\u00e4skor som intresserar mig och det \u00e4r vad jag sysslar med i f\u00f6retaget.<\/p>\n<p>Efter studenten s\u00e5 inf\u00f6rskaffade jag mig lite symaskiner, k\u00f6pte en bok om m\u00f6nsterkonstruktion\u00a0och sen var jag ig\u00e5ng. Jag har alltid haft v\u00e4ldigt l\u00e4tt f\u00f6r att sy och jag vet vad jag gillar. Mamma l\u00e4rde mig att tr\u00e4 en symaskin f\u00f6rsta g\u00e5ngen n\u00e4r jag var ca 6 \u00e5r. Hon har alltid h\u00e5llt p\u00e5 att sy s\u00e5 jag antar att jag \u00e4rvt i alla fall 1 bra egenskap av henne :)<\/p>\n<p>Sj\u00e4lva namnet <strong>Hjortmarker Design <\/strong>\u00e4r ju taget fr\u00e5n mitt efternamn. Sen har jag ett kl\u00e4dm\u00e4rke som heter <strong>DaisyChain. <\/strong>Jag hade j\u00e4ttesv\u00e5rt att best\u00e4mma mig i b\u00f6rjan f\u00f6r vilket det skulle bli, Hjortmarker l\u00e5ter ju\u00a0aningen flashigt, typ lite J.Linderberg stuk p\u00e5 det. Men s\u00e5 t\u00e4nkte jag som s\u00e5 att jag ju faktiskt i f\u00f6retaget kan starta olika kl\u00e4dm\u00e4rken. F\u00f6retagsnamnet fungerar ju egentligen till de flesta stilar. Just nu \u00e4r det rock&#8217;n&#8217;roll som tilltalar mig, men vem vet, om n\u00e5gra \u00e5r kanske jag \u00e4r inne p\u00e5 det d\u00e4r med br\u00f6llopskl\u00e4nningar och d\u00e5 kan det vara sk\u00f6nt att slippa byta namn.<\/p>\n<p>Vill ni se lite vad jag sysslar med s\u00e5 finns det mesta av mina kl\u00e4der p\u00e5 min hemsida: <a target=\"_blank\" href=\"http:\/\/www.hjortmarkerdesign.se\/\" >http:\/\/www.hjortmarkerdesign.se<\/a><\/p>\n<p>Nej nu m\u00e5ste jag f\u00f6rs\u00f6ka komma ig\u00e5ng med dagen.<\/p>\n<p>\u00a0Ha det fint s\u00e5 l\u00e4nge!<\/p>\n<p>\/\/ Emmi<\/p>\n","protected":false},"excerpt":{"rendered":"<p>Japp, denna vecka \u00e4r det jag som ska blogga h\u00e4r. Jag har ingen aning vad jag ska skriva om utan det f\u00e5r komma som det kommer. Anyway, Emelie heter jag som ni kanske redan\u00a0sett :) Fyller hela 20 \u00e5r i \u00e5r, h\u00f6r \u00e5 h\u00e4pna, ton\u00e5ren f\u00f6rsvinner fort! I dag \u00e4r det min f\u00f6rsta arbetsdag sen [&hellip;]<\/p>\n","protected":false},"author":1,"featured_media":0,"comment_status":"open","ping_status":"closed","sticky":false,"template":"","format":"standard","meta":[],"categories":[18],"tags":[],"_links":{"self":[{"href":"https:\/\/kravallslojd.se\/wordpress\/index.php?rest_route=\/wp\/v2\/posts\/567"}],"collection":[{"href":"https:\/\/kravallslojd.se\/wordpress\/index.php?rest_route=\/wp\/v2\/posts"}],"about":[{"href":"https:\/\/kravallslojd.se\/wordpress\/index.php?rest_route=\/wp\/v2\/types\/post"}],"author":[{"embeddable":true,"href":"https:\/\/kravallslojd.se\/wordpress\/index.php?rest_route=\/wp\/v2\/users\/1"}],"replies":[{"embeddable":true,"href":"https:\/\/kravallslojd.se\/wordpress\/index.php?rest_route=%2Fwp%2Fv2%2Fcomments&post=567"}],"version-history":[{"count":0,"href":"https:\/\/kravallslojd.se\/wordpress\/index.php?rest_route=\/wp\/v2\/posts\/567\/revisions"}],"wp:attachment":[{"href":"https:\/\/kravallslojd.se\/wordpress\/index.php?rest_route=%2Fwp%2Fv2%2Fmedia&parent=567"}],"wp:term":[{"taxonomy":"category","embeddable":true,"href":"https:\/\/kravallslojd.se\/wordpress\/index.php?rest_route=%2Fwp%2Fv2%2Fcategories&post=567"},{"taxonomy":"post_tag","embeddable":true,"href":"https:\/\/kravallslojd.se\/wordpress\/index.php?rest_route=%2Fwp%2Fv2%2Ftags&post=567"}],"curies":[{"name":"wp","href":"https:\/\/api.w.org\/{rel}","templated":true}]}}