{"id":568,"date":"2008-07-23T08:12:47","date_gmt":"2008-07-23T06:12:47","guid":{"rendered":"http:\/\/kravallslojd.se\/bloggen\/?p=716"},"modified":"2008-07-23T08:12:47","modified_gmt":"2008-07-23T06:12:47","slug":"forsenad","status":"publish","type":"post","link":"https:\/\/kravallslojd.se\/wordpress\/?p=568","title":{"rendered":"F\u00f6rsenad"},"content":{"rendered":"<p>I dag blev det lite sovmorgon, en av grannarna fyllde \u00e5r i g\u00e5r s\u00e5 det blev sent. K\u00e4nner mig inte riktigt i form \u00e4n, men n\u00e5gra koppar kaffe g\u00f6r nog susen.<\/p>\n<p>\u00a0Ig\u00e5r var det inte min dag!<\/p>\n<p>De f\u00f6rsta tv\u00e5 timmarna rullade p\u00e5 hyfsat smidigt men sen helt pl\u00f6tsligt skulle ALLT kr\u00e5ngla. Det b\u00f6rjade med att tr\u00e5darna p\u00e5 industri raks\u00f6mmarn skulle g\u00e5 av g\u00e5ng p\u00e5 g\u00e5ng, sen envisades min flatlock med att fastna i tyget,\u00a0jag lyckades sticka en n\u00e5l r\u00e4tt djupt in i tummen\u00a0och p\u00e5 det hela s\u00e5 br\u00e4nde jag underarmen p\u00e5 strykj\u00e4rnet. Mmmm, underbart!<\/p>\n<p>Hoppas det g\u00e5r smidigare till idag. Nu f\u00f6rst p\u00e5 morgonen ska jag sitta med ink\u00f6p och leta tyg sen blir det till att \u00e5ka upp till atalj\u00e9n och sy lite. Jag har trots g\u00e5rdagens motg\u00e5ngar jobbat av ganska m\u00e5nga best\u00e4llningar nu. Det k\u00e4nns r\u00e4tt bra att komma ig\u00e5ng s\u00e5 h\u00e4r efter semestern och jag har massa framf\u00f6r mig. Dels s\u00e5 ska jag fixa en ny hemsida, f\u00f6rhoppningsvis blir det en riktig webshop denna g\u00e5ngen. Just nu \u00e4r den v\u00e4ldigt enkel.\u00a0<br \/>\nI augusti\/september planerar jag en fotografering och d\u00e5 beh\u00f6ver man ju s\u00e5klart lite nya designs, plus att jag f\u00e5r ta och sy upp lite gamla ocks\u00e5 som kan vara med p\u00e5 bild. Jag har \u00e4ven\u00a0lovat Rockhouse i G\u00f6teborg att l\u00e4mna in lite mer kl\u00e4der, det var r\u00e4tt utplockat nu senast jag var d\u00e4r. Massa kjolar, kl\u00e4nningar och olika v\u00e4skor hade s\u00e5lts. \u00a0S\u00e5 ja, de kommande tv\u00e5 m\u00e5naderna kommer det bli fullt upp!<\/p>\n","protected":false},"excerpt":{"rendered":"<p>I dag blev det lite sovmorgon, en av grannarna fyllde \u00e5r i g\u00e5r s\u00e5 det blev sent. K\u00e4nner mig inte riktigt i form \u00e4n, men n\u00e5gra koppar kaffe g\u00f6r nog susen. \u00a0Ig\u00e5r var det inte min dag! De f\u00f6rsta tv\u00e5 timmarna rullade p\u00e5 hyfsat smidigt men sen helt pl\u00f6tsligt skulle ALLT kr\u00e5ngla. Det b\u00f6rjade med [&hellip;]<\/p>\n","protected":false},"author":1,"featured_media":0,"comment_status":"open","ping_status":"closed","sticky":false,"template":"","format":"standard","meta":[],"categories":[18],"tags":[],"_links":{"self":[{"href":"https:\/\/kravallslojd.se\/wordpress\/index.php?rest_route=\/wp\/v2\/posts\/568"}],"collection":[{"href":"https:\/\/kravallslojd.se\/wordpress\/index.php?rest_route=\/wp\/v2\/posts"}],"about":[{"href":"https:\/\/kravallslojd.se\/wordpress\/index.php?rest_route=\/wp\/v2\/types\/post"}],"author":[{"embeddable":true,"href":"https:\/\/kravallslojd.se\/wordpress\/index.php?rest_route=\/wp\/v2\/users\/1"}],"replies":[{"embeddable":true,"href":"https:\/\/kravallslojd.se\/wordpress\/index.php?rest_route=%2Fwp%2Fv2%2Fcomments&post=568"}],"version-history":[{"count":0,"href":"https:\/\/kravallslojd.se\/wordpress\/index.php?rest_route=\/wp\/v2\/posts\/568\/revisions"}],"wp:attachment":[{"href":"https:\/\/kravallslojd.se\/wordpress\/index.php?rest_route=%2Fwp%2Fv2%2Fmedia&parent=568"}],"wp:term":[{"taxonomy":"category","embeddable":true,"href":"https:\/\/kravallslojd.se\/wordpress\/index.php?rest_route=%2Fwp%2Fv2%2Fcategories&post=568"},{"taxonomy":"post_tag","embeddable":true,"href":"https:\/\/kravallslojd.se\/wordpress\/index.php?rest_route=%2Fwp%2Fv2%2Ftags&post=568"}],"curies":[{"name":"wp","href":"https:\/\/api.w.org\/{rel}","templated":true}]}}