{"id":5739,"date":"2011-07-26T22:30:46","date_gmt":"2011-07-26T21:30:46","guid":{"rendered":"http:\/\/kravallslojd.se\/wordpress\/?p=5739"},"modified":"2011-07-26T22:30:46","modified_gmt":"2011-07-26T21:30:46","slug":"tisdag-26-juli-2011","status":"publish","type":"post","link":"https:\/\/kravallslojd.se\/wordpress\/?p=5739","title":{"rendered":"Tisdag 26 juli 2011"},"content":{"rendered":"<p>Den finaste blomman och ett ljus till de drabbade i Norge. L\u00e5t oss inte gl\u00f6mma att vi har att g\u00f6ra med h\u00f6gerextremister, som inte f\u00e5r st\u00e5 oemotsagda. Detta \u00e4r terror p\u00e5 n\u00e4ra h\u00e5ll. <\/p>\n<p><a href=\"http:\/\/kravallslojd.se\/wordpress\/wp-content\/uploads\/2011\/07\/Ljus-och-blomma.jpg\" ><img decoding=\"async\" loading=\"lazy\" src=\"http:\/\/kravallslojd.se\/wordpress\/wp-content\/uploads\/2011\/07\/Ljus-och-blomma-225x300.jpg\" alt=\"\" width=\"225\" height=\"300\" class=\"alignnone size-medium wp-image-5740\" srcset=\"https:\/\/kravallslojd.se\/wordpress\/wp-content\/uploads\/2011\/07\/Ljus-och-blomma-225x300.jpg 225w, https:\/\/kravallslojd.se\/wordpress\/wp-content\/uploads\/2011\/07\/Ljus-och-blomma-768x1024.jpg 768w, https:\/\/kravallslojd.se\/wordpress\/wp-content\/uploads\/2011\/07\/Ljus-och-blomma.jpg 1536w\" sizes=\"(max-width: 225px) 100vw, 225px\" \/><\/a><\/p>\n<p>___________________________________________________________________________<\/p>\n<p>Ett av mina stora intressen \u00e4r bakning.<br \/>\nIdag har vi bakat i en bagarstuga p\u00e5 Holm\u00f6n.<br \/>\n(P\u00e5 tal om Holm\u00f6n: \u00c4r du sugen p\u00e5 en pallkurs har du chansen i augusti, en kurs som ges p\u00e5 Holm\u00f6n utanf\u00f6r Ume\u00e5. Du f\u00e5r l\u00e4ra dig att g\u00f6ra en krymppall. 6-10 augusti. Om du \u00e4r intresserad, kontakta omg\u00e5ende Kristina Ersviken, tel 070-5169591!)<\/p>\n<p>Tillbaka till bakningen.<br \/>\nJag brukar baka en ganska traditionell mjukkaka med socker och br\u00f6dkryddor och r\u00e5gsikt. Men inspirerad av Olofs surdegskulturer som han odlar i sitt kylsk\u00e5p, s\u00e5 ville jag g\u00f6ra en mjukkaka p\u00e5 surdegsbas. Vetemj\u00f6l special, olivolja, salt och vatten fick bli huvudingredienser. Det blev ett gott och segtuggat br\u00f6d, mums!<br \/>\nSurdegen:<br \/>\n<a href=\"http:\/\/kravallslojd.se\/wordpress\/wp-content\/uploads\/2011\/07\/Surdegen.jpg\" ><img decoding=\"async\" loading=\"lazy\" src=\"http:\/\/kravallslojd.se\/wordpress\/wp-content\/uploads\/2011\/07\/Surdegen-300x224.jpg\" alt=\"\" width=\"300\" height=\"224\" class=\"alignnone size-medium wp-image-5743\" srcset=\"https:\/\/kravallslojd.se\/wordpress\/wp-content\/uploads\/2011\/07\/Surdegen-300x224.jpg 300w, https:\/\/kravallslojd.se\/wordpress\/wp-content\/uploads\/2011\/07\/Surdegen.jpg 640w\" sizes=\"(max-width: 300px) 100vw, 300px\" \/><\/a><br \/>\nKakorna:<br \/>\n<a href=\"http:\/\/kravallslojd.se\/wordpress\/wp-content\/uploads\/2011\/07\/F\u00e4rdiga-kakor.jpg\" ><img decoding=\"async\" loading=\"lazy\" src=\"http:\/\/kravallslojd.se\/wordpress\/wp-content\/uploads\/2011\/07\/F\u00e4rdiga-kakor-300x224.jpg\" alt=\"\" width=\"300\" height=\"224\" class=\"alignnone size-medium wp-image-5753\" srcset=\"https:\/\/kravallslojd.se\/wordpress\/wp-content\/uploads\/2011\/07\/F\u00e4rdiga-kakor-300x224.jpg 300w, https:\/\/kravallslojd.se\/wordpress\/wp-content\/uploads\/2011\/07\/F\u00e4rdiga-kakor.jpg 640w\" sizes=\"(max-width: 300px) 100vw, 300px\" \/><\/a><\/p>\n<p>Sj\u00e4lv \u00e4r jag lycklig \u00e4gare till en egen bagarstuga p\u00e5 min g\u00e5rd i Sk\u00e4ran. H\u00e4r \u00e4r den. (Det \u00e5skar, d\u00e4rf\u00f6r skakar bilden n\u00e5got.)<br \/>\n<a href=\"http:\/\/kravallslojd.se\/wordpress\/wp-content\/uploads\/2011\/07\/DSC00149.jpg\" ><img decoding=\"async\" loading=\"lazy\" src=\"http:\/\/kravallslojd.se\/wordpress\/wp-content\/uploads\/2011\/07\/DSC00149-300x225.jpg\" alt=\"\" width=\"300\" height=\"225\" class=\"alignnone size-medium wp-image-5741\" srcset=\"https:\/\/kravallslojd.se\/wordpress\/wp-content\/uploads\/2011\/07\/DSC00149-300x225.jpg 300w, https:\/\/kravallslojd.se\/wordpress\/wp-content\/uploads\/2011\/07\/DSC00149-1024x768.jpg 1024w, https:\/\/kravallslojd.se\/wordpress\/wp-content\/uploads\/2011\/07\/DSC00149.jpg 2048w\" sizes=\"(max-width: 300px) 100vw, 300px\" \/><\/a><br \/>\nSedan fem \u00e5r tillbaka bakar jag ett par g\u00e5nger om \u00e5ret och man l\u00e4r sig lite mer och f\u00e5r nya id\u00e9er f\u00f6r varje g\u00e5ng. Det senaste \u00e4r pitabr\u00f6d, som \u00e4r busenkelt och mycket underh\u00e5llande att titta p\u00e5 n\u00e4r de pl\u00f6tsligt bubblar upp i den heta ugnen. Vi har f\u00f6rst\u00e5s ocks\u00e5 bakat pizzor, tunnbr\u00f6d och &#8221;bullpizzor&#8221;. Det sistn\u00e4mnda \u00e4r ett pizzaformat bulldegs\u00e4mne som fylls med \u00e4ppleskivor\/socker\/kanel eller saffran och mandelmassa eller bl\u00e5b\u00e4r och florsocker osv&#8230; Gr\u00e4ddas som pizzan i bakugnan. Mycket gott.<br \/>\n<a href=\"http:\/\/kravallslojd.se\/wordpress\/wp-content\/uploads\/2011\/07\/Bagarstugan.jpg\" ><img decoding=\"async\" loading=\"lazy\" src=\"http:\/\/kravallslojd.se\/wordpress\/wp-content\/uploads\/2011\/07\/Bagarstugan-225x300.jpg\" alt=\"\" width=\"225\" height=\"300\" class=\"alignnone size-medium wp-image-5744\" srcset=\"https:\/\/kravallslojd.se\/wordpress\/wp-content\/uploads\/2011\/07\/Bagarstugan-225x300.jpg 225w, https:\/\/kravallslojd.se\/wordpress\/wp-content\/uploads\/2011\/07\/Bagarstugan-768x1024.jpg 768w, https:\/\/kravallslojd.se\/wordpress\/wp-content\/uploads\/2011\/07\/Bagarstugan.jpg 1536w\" sizes=\"(max-width: 225px) 100vw, 225px\" \/><\/a><\/p>\n<p><a href=\"http:\/\/kravallslojd.se\/wordpress\/wp-content\/uploads\/2011\/07\/Kv\u00e4llen.jpg\" ><img decoding=\"async\" loading=\"lazy\" src=\"http:\/\/kravallslojd.se\/wordpress\/wp-content\/uploads\/2011\/07\/Kv\u00e4llen-300x224.jpg\" alt=\"\" width=\"300\" height=\"224\" class=\"alignnone size-medium wp-image-5746\" srcset=\"https:\/\/kravallslojd.se\/wordpress\/wp-content\/uploads\/2011\/07\/Kv\u00e4llen-300x224.jpg 300w, https:\/\/kravallslojd.se\/wordpress\/wp-content\/uploads\/2011\/07\/Kv\u00e4llen.jpg 640w\" sizes=\"(max-width: 300px) 100vw, 300px\" \/><\/a><br \/>\nDegen ska st\u00f6pas (j\u00e4sten blandas med degv\u00e4tska, kryddor och mj\u00f6l) kv\u00e4llen innan baket. D\u00e5 har ugnen b\u00f6rjat v\u00e4rmas upp med hj\u00e4lp av sm\u00e5 vedbrasor under eftermiddagen. Tidigt p\u00e5 bakdagen m\u00e5ste det ocks\u00e5 eldas.<br \/>\n<a href=\"http:\/\/kravallslojd.se\/wordpress\/wp-content\/uploads\/2011\/07\/Elden.jpg\" ><img decoding=\"async\" loading=\"lazy\" src=\"http:\/\/kravallslojd.se\/wordpress\/wp-content\/uploads\/2011\/07\/Elden-300x224.jpg\" alt=\"\" width=\"300\" height=\"224\" class=\"alignnone size-medium wp-image-5745\" srcset=\"https:\/\/kravallslojd.se\/wordpress\/wp-content\/uploads\/2011\/07\/Elden-300x224.jpg 300w, https:\/\/kravallslojd.se\/wordpress\/wp-content\/uploads\/2011\/07\/Elden.jpg 640w\" sizes=\"(max-width: 300px) 100vw, 300px\" \/><\/a><br \/>\nStiger man upp klockan sex kan man efter att en ny brasa \u00e4r t\u00e4nd, g\u00e5 och l\u00e4gga sig igen, det \u00e4r sk\u00f6\u00f6\u00f6nt. Och ett par timmar senare stiger man upp, eldar, dricker kaffe, eldar, g\u00f6r f\u00e4rdigt degen, eldar och s\u00e4tter ig\u00e5ng och bakar.<br \/>\n<a href=\"http:\/\/kravallslojd.se\/wordpress\/wp-content\/uploads\/2011\/07\/Hillevi.jpg\" ><img decoding=\"async\" loading=\"lazy\" src=\"http:\/\/kravallslojd.se\/wordpress\/wp-content\/uploads\/2011\/07\/Hillevi-300x224.jpg\" alt=\"\" width=\"300\" height=\"224\" class=\"alignnone size-medium wp-image-5747\" srcset=\"https:\/\/kravallslojd.se\/wordpress\/wp-content\/uploads\/2011\/07\/Hillevi-300x224.jpg 300w, https:\/\/kravallslojd.se\/wordpress\/wp-content\/uploads\/2011\/07\/Hillevi.jpg 640w\" sizes=\"(max-width: 300px) 100vw, 300px\" \/><\/a><br \/>\n<a href=\"http:\/\/kravallslojd.se\/wordpress\/wp-content\/uploads\/2011\/07\/Borsta.jpg\" ><img decoding=\"async\" loading=\"lazy\" src=\"http:\/\/kravallslojd.se\/wordpress\/wp-content\/uploads\/2011\/07\/Borsta-300x224.jpg\" alt=\"\" width=\"300\" height=\"224\" class=\"alignnone size-medium wp-image-5748\" srcset=\"https:\/\/kravallslojd.se\/wordpress\/wp-content\/uploads\/2011\/07\/Borsta-300x224.jpg 300w, https:\/\/kravallslojd.se\/wordpress\/wp-content\/uploads\/2011\/07\/Borsta.jpg 640w\" sizes=\"(max-width: 300px) 100vw, 300px\" \/><\/a><\/p>\n<p>Det \u00e4r mycket jobb, men roligt jobb och jag vill s\u00e4nda en h\u00e4lsning till mina bagarstugekopmpisar idag; G\u00f6ran, Anna, Olof och Zelda (som var m\u00e5ttligt road).<br \/>\n<a href=\"http:\/\/kravallslojd.se\/wordpress\/wp-content\/uploads\/2011\/07\/Zelda.jpg\" ><img decoding=\"async\" loading=\"lazy\" src=\"http:\/\/kravallslojd.se\/wordpress\/wp-content\/uploads\/2011\/07\/Zelda-300x224.jpg\" alt=\"\" width=\"300\" height=\"224\" class=\"alignnone size-medium wp-image-5742\" srcset=\"https:\/\/kravallslojd.se\/wordpress\/wp-content\/uploads\/2011\/07\/Zelda-300x224.jpg 300w, https:\/\/kravallslojd.se\/wordpress\/wp-content\/uploads\/2011\/07\/Zelda.jpg 640w\" sizes=\"(max-width: 300px) 100vw, 300px\" \/><\/a><\/p>\n<p>En g\u00e5ng om \u00e5ret bjuder vi p\u00e5 sommarkaf\u00e9 i Sk\u00e4ran, d\u00e5 bakar vi och s\u00e4ljer br\u00f6d och man kan \u00e4ven ta en god fika.<br \/>\n<a href=\"http:\/\/kravallslojd.se\/wordpress\/wp-content\/uploads\/2011\/07\/DSC00119.jpg\" ><img decoding=\"async\" loading=\"lazy\" src=\"http:\/\/kravallslojd.se\/wordpress\/wp-content\/uploads\/2011\/07\/DSC00119-300x225.jpg\" alt=\"\" width=\"300\" height=\"225\" class=\"alignnone size-medium wp-image-5750\" srcset=\"https:\/\/kravallslojd.se\/wordpress\/wp-content\/uploads\/2011\/07\/DSC00119-300x225.jpg 300w, https:\/\/kravallslojd.se\/wordpress\/wp-content\/uploads\/2011\/07\/DSC00119-1024x768.jpg 1024w, https:\/\/kravallslojd.se\/wordpress\/wp-content\/uploads\/2011\/07\/DSC00119.jpg 2048w\" sizes=\"(max-width: 300px) 100vw, 300px\" \/><\/a><br \/>\nEsters sommarkaf\u00e9:<br \/>\n<a href=\"http:\/\/kravallslojd.se\/wordpress\/wp-content\/uploads\/2011\/07\/Esters-sommarkafe.jpg\" ><img decoding=\"async\" loading=\"lazy\" src=\"http:\/\/kravallslojd.se\/wordpress\/wp-content\/uploads\/2011\/07\/Esters-sommarkafe-225x300.jpg\" alt=\"\" width=\"225\" height=\"300\" class=\"alignnone size-medium wp-image-5751\" srcset=\"https:\/\/kravallslojd.se\/wordpress\/wp-content\/uploads\/2011\/07\/Esters-sommarkafe-225x300.jpg 225w, https:\/\/kravallslojd.se\/wordpress\/wp-content\/uploads\/2011\/07\/Esters-sommarkafe-768x1024.jpg 768w, https:\/\/kravallslojd.se\/wordpress\/wp-content\/uploads\/2011\/07\/Esters-sommarkafe.jpg 1536w\" sizes=\"(max-width: 225px) 100vw, 225px\" \/><\/a><\/p>\n<p><a href=\"http:\/\/kravallslojd.se\/wordpress\/wp-content\/uploads\/2011\/07\/Serveringen.jpg\" ><img decoding=\"async\" loading=\"lazy\" src=\"http:\/\/kravallslojd.se\/wordpress\/wp-content\/uploads\/2011\/07\/Serveringen-225x300.jpg\" alt=\"\" width=\"225\" height=\"300\" class=\"alignnone size-medium wp-image-5752\" srcset=\"https:\/\/kravallslojd.se\/wordpress\/wp-content\/uploads\/2011\/07\/Serveringen-225x300.jpg 225w, https:\/\/kravallslojd.se\/wordpress\/wp-content\/uploads\/2011\/07\/Serveringen-768x1024.jpg 768w, https:\/\/kravallslojd.se\/wordpress\/wp-content\/uploads\/2011\/07\/Serveringen.jpg 1536w\" sizes=\"(max-width: 225px) 100vw, 225px\" \/><\/a><\/p>\n<p>PS Elefantgarnet k\u00f6pte vi p\u00e5 v\u00e5r underbara resa i \u00d6sterbotten just f\u00f6re sommaren.<br \/>\n<a href=\"http:\/\/kravallslojd.se\/wordpress\/wp-content\/uploads\/2011\/07\/Elefantgarner.jpg\" ><img decoding=\"async\" loading=\"lazy\" src=\"http:\/\/kravallslojd.se\/wordpress\/wp-content\/uploads\/2011\/07\/Elefantgarner-225x300.jpg\" alt=\"\" width=\"225\" height=\"300\" class=\"alignnone size-medium wp-image-5754\" srcset=\"https:\/\/kravallslojd.se\/wordpress\/wp-content\/uploads\/2011\/07\/Elefantgarner-225x300.jpg 225w, https:\/\/kravallslojd.se\/wordpress\/wp-content\/uploads\/2011\/07\/Elefantgarner.jpg 768w\" sizes=\"(max-width: 225px) 100vw, 225px\" \/><\/a><\/p>\n","protected":false},"excerpt":{"rendered":"<p>Den finaste blomman och ett ljus till de drabbade i Norge. L\u00e5t oss inte gl\u00f6mma att vi har att g\u00f6ra med h\u00f6gerextremister, som inte f\u00e5r st\u00e5 oemotsagda. Detta \u00e4r terror p\u00e5 n\u00e4ra h\u00e5ll. ___________________________________________________________________________ Ett av mina stora intressen \u00e4r bakning. Idag har vi bakat i en bagarstuga p\u00e5 Holm\u00f6n. (P\u00e5 tal om Holm\u00f6n: \u00c4r [&hellip;]<\/p>\n","protected":false},"author":168,"featured_media":0,"comment_status":"open","ping_status":"open","sticky":false,"template":"","format":"standard","meta":[],"categories":[646],"tags":[648],"_links":{"self":[{"href":"https:\/\/kravallslojd.se\/wordpress\/index.php?rest_route=\/wp\/v2\/posts\/5739"}],"collection":[{"href":"https:\/\/kravallslojd.se\/wordpress\/index.php?rest_route=\/wp\/v2\/posts"}],"about":[{"href":"https:\/\/kravallslojd.se\/wordpress\/index.php?rest_route=\/wp\/v2\/types\/post"}],"author":[{"embeddable":true,"href":"https:\/\/kravallslojd.se\/wordpress\/index.php?rest_route=\/wp\/v2\/users\/168"}],"replies":[{"embeddable":true,"href":"https:\/\/kravallslojd.se\/wordpress\/index.php?rest_route=%2Fwp%2Fv2%2Fcomments&post=5739"}],"version-history":[{"count":2,"href":"https:\/\/kravallslojd.se\/wordpress\/index.php?rest_route=\/wp\/v2\/posts\/5739\/revisions"}],"predecessor-version":[{"id":5756,"href":"https:\/\/kravallslojd.se\/wordpress\/index.php?rest_route=\/wp\/v2\/posts\/5739\/revisions\/5756"}],"wp:attachment":[{"href":"https:\/\/kravallslojd.se\/wordpress\/index.php?rest_route=%2Fwp%2Fv2%2Fmedia&parent=5739"}],"wp:term":[{"taxonomy":"category","embeddable":true,"href":"https:\/\/kravallslojd.se\/wordpress\/index.php?rest_route=%2Fwp%2Fv2%2Fcategories&post=5739"},{"taxonomy":"post_tag","embeddable":true,"href":"https:\/\/kravallslojd.se\/wordpress\/index.php?rest_route=%2Fwp%2Fv2%2Ftags&post=5739"}],"curies":[{"name":"wp","href":"https:\/\/api.w.org\/{rel}","templated":true}]}}