{"id":5757,"date":"2011-07-27T20:25:34","date_gmt":"2011-07-27T19:25:34","guid":{"rendered":"http:\/\/kravallslojd.se\/wordpress\/?p=5757"},"modified":"2011-07-27T20:25:34","modified_gmt":"2011-07-27T19:25:34","slug":"onsdag-27-juli-2011","status":"publish","type":"post","link":"https:\/\/kravallslojd.se\/wordpress\/?p=5757","title":{"rendered":"onsdag 27 juli 2011"},"content":{"rendered":"<p>Tidigare i somras var jag p\u00e5 auktion strax utanf\u00f6r Vippersr\u00f6nningen (\u00c5n\u00e4set). Jag var ute efter gammal textil. Det mesta var bortst\u00e4dat men en av huset d\u00f6ttrar kom pl\u00f6tsligt och visade mig dessa vantar. Sex stickade innervantar och ett par yttervantar i skinn. Vilken skatt! Jag k\u00f6pte dem genast och kommer att sk\u00e4nka dem till v\u00e5r textilsamling vid museet.<\/p>\n<p><a href=\"http:\/\/kravallslojd.se\/wordpress\/wp-content\/uploads\/2011\/07\/Vantfynd.jpg\" ><img decoding=\"async\" loading=\"lazy\" src=\"http:\/\/kravallslojd.se\/wordpress\/wp-content\/uploads\/2011\/07\/Vantfynd-300x225.jpg\" alt=\"\" width=\"300\" height=\"225\" class=\"alignnone size-medium wp-image-5758\" srcset=\"https:\/\/kravallslojd.se\/wordpress\/wp-content\/uploads\/2011\/07\/Vantfynd-300x225.jpg 300w, https:\/\/kravallslojd.se\/wordpress\/wp-content\/uploads\/2011\/07\/Vantfynd-1024x768.jpg 1024w, https:\/\/kravallslojd.se\/wordpress\/wp-content\/uploads\/2011\/07\/Vantfynd.jpg 2048w\" sizes=\"(max-width: 300px) 100vw, 300px\" \/><\/a><\/p>\n<p>Jag jobbar till vardags vid V\u00e4sterbottens museum, med hela l\u00e4net som min arbetsplats. I mitt arbete f\u00e5r jag p\u00e5 m\u00e5nga s\u00e4tt utlopp f\u00f6r min kreativitet. Som en av museets etnologer, har jag f\u00e5tt m\u00e5nga fina m\u00f6ten med m\u00e4nniskor i l\u00e4net. Teman har varit familjen, hembygden, G\u00f6teborgskravallerna, motorer, samisk kultur, \u00e4ldre och nyare foton, kultur i kommunerna mm. P\u00e5 senare tid har mitt arbete inriktats mer och mer mot textil; dr\u00e4kthistoria och annan textil ur kulturhistoriskt perspektiv. Min dr\u00f6m \u00e4r att innan pensionen f\u00e5 titeln textilantikvarie! Det \u00e4r knappt tio \u00e5r kvar att jobba p\u00e5 att den dr\u00f6mmen g\u00e5r i uppfyllelse. \u00d6nska mig lycka till!<\/p>\n<p><a href=\"http:\/\/kravallslojd.se\/wordpress\/wp-content\/uploads\/2011\/07\/Ingeborgs-disktrasa-2.jpg\" ><img decoding=\"async\" loading=\"lazy\" src=\"http:\/\/kravallslojd.se\/wordpress\/wp-content\/uploads\/2011\/07\/Ingeborgs-disktrasa-2-225x300.jpg\" alt=\"\" width=\"225\" height=\"300\" class=\"alignnone size-medium wp-image-5759\" srcset=\"https:\/\/kravallslojd.se\/wordpress\/wp-content\/uploads\/2011\/07\/Ingeborgs-disktrasa-2-225x300.jpg 225w, https:\/\/kravallslojd.se\/wordpress\/wp-content\/uploads\/2011\/07\/Ingeborgs-disktrasa-2-768x1024.jpg 768w, https:\/\/kravallslojd.se\/wordpress\/wp-content\/uploads\/2011\/07\/Ingeborgs-disktrasa-2.jpg 1536w\" sizes=\"(max-width: 225px) 100vw, 225px\" \/><\/a><\/p>\n<p>H\u00e4r ser du en disktrasa, stickad i oblekt bomullsgarn, av Ingeborg Forsmark i Dorotea. Henne tr\u00e4ffade jag p\u00e5 en jobbresa. Hon ber\u00e4ttade att hon som ung fick en kritstr\u00e4cksrandig kostym f\u00f6r att sy en dr\u00e4kt av. Men eftersom hon tyckte det s\u00e5g gammeldags ut med alla dessa \u201dkritstr\u00e4ck\u201d, drog hon ut varenda ljus tr\u00e5d ur kostymtyget!! H\u00e4r kan man tala om t\u00e5lmodigt arbete!<\/p>\n<p>En annan sp\u00e4nnande kvinna jag tr\u00e4ffat i inlandet \u00e4r Ulla Danielsson fr\u00e5n Fredrika och \u00d6rtr\u00e4sk. Hon bor i Fredrika och har sommarhus i \u00d6rtr\u00e4sk och har jobbat p\u00e5 b\u00e5da st\u00e4llena. Ulla \u00e4r m\u00e5ngsidig och bl a stickar hon sm\u00e5 s\u00f6ta dockor, vilka alltid f\u00e5r en personlig stil och kl\u00e4dsel. Denna docka fick jag av henne. En pojkflicka som jag kallar Grogg. F\u00f6r att f\u00e5 dockan att st\u00e5 har Ulla stoppat benen med rullade wettexdukar.<\/p>\n<p><a href=\"http:\/\/kravallslojd.se\/wordpress\/wp-content\/uploads\/2011\/07\/Ullas-docka.jpg\" ><img decoding=\"async\" loading=\"lazy\" src=\"http:\/\/kravallslojd.se\/wordpress\/wp-content\/uploads\/2011\/07\/Ullas-docka-225x300.jpg\" alt=\"\" width=\"225\" height=\"300\" class=\"alignnone size-medium wp-image-5760\" srcset=\"https:\/\/kravallslojd.se\/wordpress\/wp-content\/uploads\/2011\/07\/Ullas-docka-225x300.jpg 225w, https:\/\/kravallslojd.se\/wordpress\/wp-content\/uploads\/2011\/07\/Ullas-docka-768x1024.jpg 768w, https:\/\/kravallslojd.se\/wordpress\/wp-content\/uploads\/2011\/07\/Ullas-docka.jpg 1536w\" sizes=\"(max-width: 225px) 100vw, 225px\" \/><\/a><\/p>\n<p>Vid V\u00e4sterbottens museum planerar vi just nu f\u00f6r en utst\u00e4llning och arena f\u00f6r skapande sl\u00f6jd, fr\u00e4mst i textila material och tekniker, l\u00e4s mer om detta i slutet av veckan!<\/p>\n","protected":false},"excerpt":{"rendered":"<p>Tidigare i somras var jag p\u00e5 auktion strax utanf\u00f6r Vippersr\u00f6nningen (\u00c5n\u00e4set). Jag var ute efter gammal textil. Det mesta var bortst\u00e4dat men en av huset d\u00f6ttrar kom pl\u00f6tsligt och visade mig dessa vantar. Sex stickade innervantar och ett par yttervantar i skinn. Vilken skatt! Jag k\u00f6pte dem genast och kommer att sk\u00e4nka dem till v\u00e5r [&hellip;]<\/p>\n","protected":false},"author":168,"featured_media":0,"comment_status":"open","ping_status":"open","sticky":false,"template":"","format":"standard","meta":[],"categories":[646],"tags":[226,138,141,650],"_links":{"self":[{"href":"https:\/\/kravallslojd.se\/wordpress\/index.php?rest_route=\/wp\/v2\/posts\/5757"}],"collection":[{"href":"https:\/\/kravallslojd.se\/wordpress\/index.php?rest_route=\/wp\/v2\/posts"}],"about":[{"href":"https:\/\/kravallslojd.se\/wordpress\/index.php?rest_route=\/wp\/v2\/types\/post"}],"author":[{"embeddable":true,"href":"https:\/\/kravallslojd.se\/wordpress\/index.php?rest_route=\/wp\/v2\/users\/168"}],"replies":[{"embeddable":true,"href":"https:\/\/kravallslojd.se\/wordpress\/index.php?rest_route=%2Fwp%2Fv2%2Fcomments&post=5757"}],"version-history":[{"count":2,"href":"https:\/\/kravallslojd.se\/wordpress\/index.php?rest_route=\/wp\/v2\/posts\/5757\/revisions"}],"predecessor-version":[{"id":5762,"href":"https:\/\/kravallslojd.se\/wordpress\/index.php?rest_route=\/wp\/v2\/posts\/5757\/revisions\/5762"}],"wp:attachment":[{"href":"https:\/\/kravallslojd.se\/wordpress\/index.php?rest_route=%2Fwp%2Fv2%2Fmedia&parent=5757"}],"wp:term":[{"taxonomy":"category","embeddable":true,"href":"https:\/\/kravallslojd.se\/wordpress\/index.php?rest_route=%2Fwp%2Fv2%2Fcategories&post=5757"},{"taxonomy":"post_tag","embeddable":true,"href":"https:\/\/kravallslojd.se\/wordpress\/index.php?rest_route=%2Fwp%2Fv2%2Ftags&post=5757"}],"curies":[{"name":"wp","href":"https:\/\/api.w.org\/{rel}","templated":true}]}}