{"id":5784,"date":"2011-07-30T17:40:49","date_gmt":"2011-07-30T16:40:49","guid":{"rendered":"http:\/\/kravallslojd.se\/wordpress\/?p=5784"},"modified":"2011-07-30T17:40:49","modified_gmt":"2011-07-30T16:40:49","slug":"lordag-30-juli-2011","status":"publish","type":"post","link":"https:\/\/kravallslojd.se\/wordpress\/?p=5784","title":{"rendered":"L\u00f6rdag 30 juli 2011"},"content":{"rendered":"<p><a href=\"http:\/\/kravallslojd.se\/wordpress\/wp-content\/uploads\/2011\/07\/Broschyr.jpg\" ><img decoding=\"async\" loading=\"lazy\" src=\"http:\/\/kravallslojd.se\/wordpress\/wp-content\/uploads\/2011\/07\/Broschyr-e1312041573956-225x300.jpg\" alt=\"\" width=\"225\" height=\"300\" class=\"alignnone size-medium wp-image-5786\" srcset=\"https:\/\/kravallslojd.se\/wordpress\/wp-content\/uploads\/2011\/07\/Broschyr-e1312041573956-225x300.jpg 225w, https:\/\/kravallslojd.se\/wordpress\/wp-content\/uploads\/2011\/07\/Broschyr-e1312041573956-768x1024.jpg 768w, https:\/\/kravallslojd.se\/wordpress\/wp-content\/uploads\/2011\/07\/Broschyr-e1312041573956.jpg 1536w\" sizes=\"(max-width: 225px) 100vw, 225px\" \/><\/a><\/p>\n<p>Holm\u00f6n<br \/>\n5 \u00e5rstider \u2013 5 f\u00e4rger<\/p>\n<p>\u2026 heter ett projekt som p\u00e5g\u00e5r just nu, p\u00e5 initiativ av Karin Lundemark, kreat\u00f6r mm i Ume\u00e5. Undertecknad och textilkonstn\u00e4r Annika Sandstr\u00f6m ing\u00e5r ocks\u00e5 i projektledningen. Projektet syftar till att inspirera m\u00e4nniskor med anknytning till Holm\u00f6n, f\u00f6r att skapa nya textila alster utifr\u00e5n en av Holm\u00f6v\u00e4varnas m\u00f6nster och f\u00e4rger.<br \/>\nEftersom vi ocks\u00e5 \u00f6nskar kontakt med textilkreat\u00f6rer p\u00e5 andra sidan Kvarken (i \u00d6sterbotten), s\u00e5 pratar vi \u00e4ven om Kvarkenvarpen.<\/p>\n<p>Se mer p\u00e5 hemsidan www.kvarkenvarpen.se<\/p>\n<p><a href=\"http:\/\/kravallslojd.se\/wordpress\/wp-content\/uploads\/2011\/07\/Toyotan.jpg\" ><img decoding=\"async\" loading=\"lazy\" src=\"http:\/\/kravallslojd.se\/wordpress\/wp-content\/uploads\/2011\/07\/Toyotan-300x225.jpg\" alt=\"\" width=\"300\" height=\"225\" class=\"alignnone size-medium wp-image-5787\" srcset=\"https:\/\/kravallslojd.se\/wordpress\/wp-content\/uploads\/2011\/07\/Toyotan-300x225.jpg 300w, https:\/\/kravallslojd.se\/wordpress\/wp-content\/uploads\/2011\/07\/Toyotan-1024x768.jpg 1024w\" sizes=\"(max-width: 300px) 100vw, 300px\" \/><\/a><\/p>\n<p>F\u00f6r ett par m\u00e5nader sedan gjorde projektledningen en resa till \u00d6sterbotten. Vi s\u00f6ker kontakter och vill orientera oss i vilka likheter vi kan hitta p\u00e5 andra sidan Kvarken. (Kvarken = havet mellan V\u00e4sterbotten och \u00d6sterbotten).<br \/>\nResan var mycket givande p\u00e5 alla s\u00e4tt och vi hann p\u00e5 endast tre dagar uppleva och se mycket, som vi kan ha nytta av. Nedan f\u00f6ljer lite fotograferade smakprov p\u00e5 v\u00e5r resa.<br \/>\nEn slutsats som vi kan dra av resan \u00e4r att det \u00e4r f\u00f6rv\u00e5nansv\u00e4rt lite textila f\u00e4rger och former, som p\u00e5minner om varandra. Vi fick se textilt material fr\u00e5n decennierna runt 1900 och var \u00f6verraskade av att det fanns s\u00e5 mycket rikare samlingar i \u00d6sterbotten j\u00e4mf\u00f6rt med V\u00e4sterbotten. Vi vet \u00e4nd\u00e5 att m\u00e4nniskor vid svenska kusten och p\u00e5 Holm\u00f6n haft mycket kontakt med befolkningen p\u00e5 finska sidan. Men i det textila materialet hittar vi inte m\u00e5nga likheter. Av detta kan vi anta att det fr\u00e4mst \u00e4r den manliga befolkningen som st\u00e5tt f\u00f6r kontakterna i sitt arbete med b\u00e5tar, fiske, s\u00e4ljakt mm. Kvinnorna i \u00d6ster- och V\u00e4sterbotten har levt sina liv och skapat sina v\u00e4var och s\u00f6mnader p\u00e5 var sitt h\u00e5ll. <\/p>\n<p>Bilder fr\u00e5n v\u00e5r resa:<br \/>\nVirkad m\u00f6ssa i hembygdsg\u00e5rden i V\u00f6r\u00e5<br \/>\n<a href=\"http:\/\/kravallslojd.se\/wordpress\/wp-content\/uploads\/2011\/07\/Virkad-m\u00f6ssa.jpg\" ><img decoding=\"async\" loading=\"lazy\" src=\"http:\/\/kravallslojd.se\/wordpress\/wp-content\/uploads\/2011\/07\/Virkad-m\u00f6ssa-300x225.jpg\" alt=\"\" width=\"300\" height=\"225\" class=\"alignnone size-medium wp-image-5788\" srcset=\"https:\/\/kravallslojd.se\/wordpress\/wp-content\/uploads\/2011\/07\/Virkad-m\u00f6ssa-300x225.jpg 300w, https:\/\/kravallslojd.se\/wordpress\/wp-content\/uploads\/2011\/07\/Virkad-m\u00f6ssa.jpg 1024w\" sizes=\"(max-width: 300px) 100vw, 300px\" \/><\/a><\/p>\n<p>En uppb\u00e4ddad sk\u00e5ps\u00e4ng i V\u00f6r\u00e5<br \/>\n<a href=\"http:\/\/kravallslojd.se\/wordpress\/wp-content\/uploads\/2011\/07\/Uppb\u00e4ddad-s\u00e4ng.jpg\" ><img decoding=\"async\" loading=\"lazy\" src=\"http:\/\/kravallslojd.se\/wordpress\/wp-content\/uploads\/2011\/07\/Uppb\u00e4ddad-s\u00e4ng-225x300.jpg\" alt=\"\" width=\"225\" height=\"300\" class=\"alignnone size-medium wp-image-5789\" srcset=\"https:\/\/kravallslojd.se\/wordpress\/wp-content\/uploads\/2011\/07\/Uppb\u00e4ddad-s\u00e4ng-225x300.jpg 225w, https:\/\/kravallslojd.se\/wordpress\/wp-content\/uploads\/2011\/07\/Uppb\u00e4ddad-s\u00e4ng.jpg 768w\" sizes=\"(max-width: 225px) 100vw, 225px\" \/><\/a><\/p>\n<p>S\u00e4ngtextilier hos en samlare strax utanf\u00f6r Stundars<br \/>\n<a href=\"http:\/\/kravallslojd.se\/wordpress\/wp-content\/uploads\/2011\/07\/Kudd-och-bolstervar.jpg\" ><img decoding=\"async\" loading=\"lazy\" src=\"http:\/\/kravallslojd.se\/wordpress\/wp-content\/uploads\/2011\/07\/Kudd-och-bolstervar-300x225.jpg\" alt=\"\" width=\"300\" height=\"225\" class=\"alignnone size-medium wp-image-5790\" srcset=\"https:\/\/kravallslojd.se\/wordpress\/wp-content\/uploads\/2011\/07\/Kudd-och-bolstervar-300x225.jpg 300w, https:\/\/kravallslojd.se\/wordpress\/wp-content\/uploads\/2011\/07\/Kudd-och-bolstervar-1024x768.jpg 1024w\" sizes=\"(max-width: 300px) 100vw, 300px\" \/><\/a><\/p>\n<p>Detalj av Korsn\u00e4str\u00f6ja<br \/>\n<a href=\"http:\/\/kravallslojd.se\/wordpress\/wp-content\/uploads\/2011\/07\/Detalj-av-korsn\u00e4str\u00f6ja-2.jpg\" ><img decoding=\"async\" loading=\"lazy\" src=\"http:\/\/kravallslojd.se\/wordpress\/wp-content\/uploads\/2011\/07\/Detalj-av-korsn\u00e4str\u00f6ja-2-225x300.jpg\" alt=\"\" width=\"225\" height=\"300\" class=\"alignnone size-medium wp-image-5791\" srcset=\"https:\/\/kravallslojd.se\/wordpress\/wp-content\/uploads\/2011\/07\/Detalj-av-korsn\u00e4str\u00f6ja-2-225x300.jpg 225w, https:\/\/kravallslojd.se\/wordpress\/wp-content\/uploads\/2011\/07\/Detalj-av-korsn\u00e4str\u00f6ja-2-768x1024.jpg 768w, https:\/\/kravallslojd.se\/wordpress\/wp-content\/uploads\/2011\/07\/Detalj-av-korsn\u00e4str\u00f6ja-2.jpg 1944w\" sizes=\"(max-width: 225px) 100vw, 225px\" \/><\/a><\/p>\n<p>Virkad p\u00e5se<br \/>\n<a href=\"http:\/\/kravallslojd.se\/wordpress\/wp-content\/uploads\/2011\/07\/Virkad-p\u00e5se.jpg\" ><img decoding=\"async\" loading=\"lazy\" src=\"http:\/\/kravallslojd.se\/wordpress\/wp-content\/uploads\/2011\/07\/Virkad-p\u00e5se-225x300.jpg\" alt=\"\" width=\"225\" height=\"300\" class=\"alignnone size-medium wp-image-5792\" srcset=\"https:\/\/kravallslojd.se\/wordpress\/wp-content\/uploads\/2011\/07\/Virkad-p\u00e5se-225x300.jpg 225w, https:\/\/kravallslojd.se\/wordpress\/wp-content\/uploads\/2011\/07\/Virkad-p\u00e5se-768x1024.jpg 768w, https:\/\/kravallslojd.se\/wordpress\/wp-content\/uploads\/2011\/07\/Virkad-p\u00e5se.jpg 1944w\" sizes=\"(max-width: 225px) 100vw, 225px\" \/><\/a><\/p>\n<p>Gissa om vi blev inspirerade till att skapa saker sj\u00e4lva!<br \/>\nBl a s\u00e5g vi vackra virkade p\u00e5sar. I min iver att virka en liknande p\u00e5se men med Holm\u00f6v\u00e4vens f\u00e4rg och form, s\u00e5 blev \u201dr\u00f6ret\u201d lite f\u00f6r smalt. Men varf\u00f6r inte i st\u00e4llet g\u00f6ra en manschett till en svart jacka? S\u00e5 det blev tv\u00e5 \u201dr\u00f6r\u201d, som jag kommer att sy fast p\u00e5 \u00e4rmarna. Kanske blir det \u00e4ven en kant nedtill p\u00e5 jackan ocks\u00e5.<\/p>\n<p><a href=\"http:\/\/kravallslojd.se\/wordpress\/wp-content\/uploads\/2011\/07\/Virkade-manchetter.jpg\" ><img decoding=\"async\" loading=\"lazy\" src=\"http:\/\/kravallslojd.se\/wordpress\/wp-content\/uploads\/2011\/07\/Virkade-manchetter-300x225.jpg\" alt=\"\" width=\"300\" height=\"225\" class=\"alignnone size-medium wp-image-5793\" srcset=\"https:\/\/kravallslojd.se\/wordpress\/wp-content\/uploads\/2011\/07\/Virkade-manchetter-300x225.jpg 300w, https:\/\/kravallslojd.se\/wordpress\/wp-content\/uploads\/2011\/07\/Virkade-manchetter-1024x768.jpg 1024w, https:\/\/kravallslojd.se\/wordpress\/wp-content\/uploads\/2011\/07\/Virkade-manchetter.jpg 2048w\" sizes=\"(max-width: 300px) 100vw, 300px\" \/><\/a><\/p>\n<p>Vi har ocks\u00e5 f\u00e4rgat garn och tyger. I mitt fall kommer jag att jobba med n\u00e5gra barnplagg av tyg och garner som jag f\u00e4rgat. En liten r\u00f6d kolt i r\u00f6tt ylletyg med stickade detaljer, kanske en kapuschong eller en v\u00e4st?<\/p>\n<p><a href=\"http:\/\/kravallslojd.se\/wordpress\/wp-content\/uploads\/2011\/07\/F\u00e4rgat-garn.jpg\" ><img decoding=\"async\" loading=\"lazy\" src=\"http:\/\/kravallslojd.se\/wordpress\/wp-content\/uploads\/2011\/07\/F\u00e4rgat-garn-300x225.jpg\" alt=\"\" width=\"300\" height=\"225\" class=\"alignnone size-medium wp-image-5794\" srcset=\"https:\/\/kravallslojd.se\/wordpress\/wp-content\/uploads\/2011\/07\/F\u00e4rgat-garn-300x225.jpg 300w, https:\/\/kravallslojd.se\/wordpress\/wp-content\/uploads\/2011\/07\/F\u00e4rgat-garn-1024x768.jpg 1024w, https:\/\/kravallslojd.se\/wordpress\/wp-content\/uploads\/2011\/07\/F\u00e4rgat-garn.jpg 2048w\" sizes=\"(max-width: 300px) 100vw, 300px\" \/><\/a><\/p>\n<p><a href=\"http:\/\/kravallslojd.se\/wordpress\/wp-content\/uploads\/2011\/07\/Tyg-o-garn.jpg\" ><img decoding=\"async\" loading=\"lazy\" src=\"http:\/\/kravallslojd.se\/wordpress\/wp-content\/uploads\/2011\/07\/Tyg-o-garn-300x225.jpg\" alt=\"\" width=\"300\" height=\"225\" class=\"alignnone size-medium wp-image-5795\" srcset=\"https:\/\/kravallslojd.se\/wordpress\/wp-content\/uploads\/2011\/07\/Tyg-o-garn-300x225.jpg 300w, https:\/\/kravallslojd.se\/wordpress\/wp-content\/uploads\/2011\/07\/Tyg-o-garn-1024x768.jpg 1024w, https:\/\/kravallslojd.se\/wordpress\/wp-content\/uploads\/2011\/07\/Tyg-o-garn.jpg 2048w\" sizes=\"(max-width: 300px) 100vw, 300px\" \/><\/a><\/p>\n<p><a href=\"http:\/\/kravallslojd.se\/wordpress\/wp-content\/uploads\/2011\/07\/Barnkolt.jpg\" ><img decoding=\"async\" loading=\"lazy\" src=\"http:\/\/kravallslojd.se\/wordpress\/wp-content\/uploads\/2011\/07\/Barnkolt-e1312043820949-225x300.jpg\" alt=\"\" width=\"225\" height=\"300\" class=\"alignnone size-medium wp-image-5796\" srcset=\"https:\/\/kravallslojd.se\/wordpress\/wp-content\/uploads\/2011\/07\/Barnkolt-e1312043820949-225x300.jpg 225w, https:\/\/kravallslojd.se\/wordpress\/wp-content\/uploads\/2011\/07\/Barnkolt-e1312043820949.jpg 768w\" sizes=\"(max-width: 225px) 100vw, 225px\" \/><\/a><\/p>\n<p>Liksom i stickcaf\u00e9er, syjuntor och i andra sammanhang, \u00e4r det mycket inspirerande att jobba tillsammans. Projektet Kvarkenvarpen\/Holm\u00f6n vill uppmuntra textilt nyskapande tillsammans och anordnar \u00e4ven kurser, korta och l\u00e5nga, med olika teman. Detta kommer att p\u00e5g\u00e5 \u00e4ven under h\u00f6sten 2011. N\u00e4sta sommar, 2012, siktar vi p\u00e5 att ha en utst\u00e4llning vid B\u00e5tmuseet med de alster som skapats under projekttiden.<\/p>\n<p>Ps Mattan jag v\u00e4vt av elefantgarnet fr\u00e5n Finland, \u00e4r inte riktigt klar, men s\u00e5 h\u00e4r kommer den att se ut:<\/p>\n<p><a href=\"http:\/\/kravallslojd.se\/wordpress\/wp-content\/uploads\/2011\/07\/DSC00163.jpg\" ><img decoding=\"async\" loading=\"lazy\" src=\"http:\/\/kravallslojd.se\/wordpress\/wp-content\/uploads\/2011\/07\/DSC00163-e1312041027793-225x300.jpg\" alt=\"\" width=\"225\" height=\"300\" class=\"alignnone size-medium wp-image-5785\" srcset=\"https:\/\/kravallslojd.se\/wordpress\/wp-content\/uploads\/2011\/07\/DSC00163-e1312041027793-225x300.jpg 225w, https:\/\/kravallslojd.se\/wordpress\/wp-content\/uploads\/2011\/07\/DSC00163-e1312041027793.jpg 768w\" sizes=\"(max-width: 225px) 100vw, 225px\" \/><\/a><\/p>\n","protected":false},"excerpt":{"rendered":"<p>Holm\u00f6n 5 \u00e5rstider \u2013 5 f\u00e4rger \u2026 heter ett projekt som p\u00e5g\u00e5r just nu, p\u00e5 initiativ av Karin Lundemark, kreat\u00f6r mm i Ume\u00e5. Undertecknad och textilkonstn\u00e4r Annika Sandstr\u00f6m ing\u00e5r ocks\u00e5 i projektledningen. Projektet syftar till att inspirera m\u00e4nniskor med anknytning till Holm\u00f6n, f\u00f6r att skapa nya textila alster utifr\u00e5n en av Holm\u00f6v\u00e4varnas m\u00f6nster och f\u00e4rger. [&hellip;]<\/p>\n","protected":false},"author":168,"featured_media":0,"comment_status":"open","ping_status":"open","sticky":false,"template":"","format":"standard","meta":[],"categories":[646],"tags":[655,656,654,136],"_links":{"self":[{"href":"https:\/\/kravallslojd.se\/wordpress\/index.php?rest_route=\/wp\/v2\/posts\/5784"}],"collection":[{"href":"https:\/\/kravallslojd.se\/wordpress\/index.php?rest_route=\/wp\/v2\/posts"}],"about":[{"href":"https:\/\/kravallslojd.se\/wordpress\/index.php?rest_route=\/wp\/v2\/types\/post"}],"author":[{"embeddable":true,"href":"https:\/\/kravallslojd.se\/wordpress\/index.php?rest_route=\/wp\/v2\/users\/168"}],"replies":[{"embeddable":true,"href":"https:\/\/kravallslojd.se\/wordpress\/index.php?rest_route=%2Fwp%2Fv2%2Fcomments&post=5784"}],"version-history":[{"count":2,"href":"https:\/\/kravallslojd.se\/wordpress\/index.php?rest_route=\/wp\/v2\/posts\/5784\/revisions"}],"predecessor-version":[{"id":5798,"href":"https:\/\/kravallslojd.se\/wordpress\/index.php?rest_route=\/wp\/v2\/posts\/5784\/revisions\/5798"}],"wp:attachment":[{"href":"https:\/\/kravallslojd.se\/wordpress\/index.php?rest_route=%2Fwp%2Fv2%2Fmedia&parent=5784"}],"wp:term":[{"taxonomy":"category","embeddable":true,"href":"https:\/\/kravallslojd.se\/wordpress\/index.php?rest_route=%2Fwp%2Fv2%2Fcategories&post=5784"},{"taxonomy":"post_tag","embeddable":true,"href":"https:\/\/kravallslojd.se\/wordpress\/index.php?rest_route=%2Fwp%2Fv2%2Ftags&post=5784"}],"curies":[{"name":"wp","href":"https:\/\/api.w.org\/{rel}","templated":true}]}}