{"id":5804,"date":"2011-07-31T15:51:33","date_gmt":"2011-07-31T14:51:33","guid":{"rendered":"http:\/\/kravallslojd.se\/wordpress\/?p=5804"},"modified":"2011-07-31T15:58:06","modified_gmt":"2011-07-31T14:58:06","slug":"5804","status":"publish","type":"post","link":"https:\/\/kravallslojd.se\/wordpress\/?p=5804","title":{"rendered":"S\u00f6ndag 31 juli 2011"},"content":{"rendered":"<p>Disktrasa<\/p>\n<p><a href=\"http:\/\/kravallslojd.se\/wordpress\/wp-content\/uploads\/2011\/07\/Under-diskb\u00e4nken1.jpg\" ><img decoding=\"async\" loading=\"lazy\" src=\"http:\/\/kravallslojd.se\/wordpress\/wp-content\/uploads\/2011\/07\/Under-diskb\u00e4nken1-200x300.jpg\" alt=\"\" width=\"200\" height=\"300\" class=\"alignnone size-medium wp-image-5805\" srcset=\"https:\/\/kravallslojd.se\/wordpress\/wp-content\/uploads\/2011\/07\/Under-diskb\u00e4nken1-200x300.jpg 200w, https:\/\/kravallslojd.se\/wordpress\/wp-content\/uploads\/2011\/07\/Under-diskb\u00e4nken1.jpg 605w\" sizes=\"(max-width: 200px) 100vw, 200px\" \/><\/a><\/p>\n<p>En galen id\u00e9 som jag haft de senaste \u00e5ren \u00e4r att jag virkat disktrasor i parti och minut. Det visade sig vare en funktionell produkt, som torkar bra och \u00e4r fin att pryda diskb\u00e4nken med. Det \u00e4r ocks\u00e5 en bra present eller julklapp och jag har f\u00e5tt s\u00e4lja en hel del. Men det b\u00e4sta jag sj\u00e4lv f\u00e5tt ut av det \u00e4r att det \u00e4r ett lagomt stort handarbete att ha med sig p\u00e5 resa eller g\u00e5nger d\u00e5 jag vill ha n\u00e5got f\u00f6r h\u00e4nderna. Att virka disktrasor har ocks\u00e5 varit kontaktskapande! Trasorna har spridit sig runt om i Sverige och v\u00e4rlden. Kolla p\u00e5 f\u00f6ljande webbsida:  www.disktrasan.page.tl<\/p>\n<p><a href=\"http:\/\/kravallslojd.se\/wordpress\/wp-content\/uploads\/2011\/07\/Annas-disktrasa-i-A\u00e5s.jpg\" ><img decoding=\"async\" loading=\"lazy\" src=\"http:\/\/kravallslojd.se\/wordpress\/wp-content\/uploads\/2011\/07\/Annas-disktrasa-i-A\u00e5s-150x150.jpg\" alt=\"\" width=\"150\" height=\"150\" class=\"alignnone size-thumbnail wp-image-5808\" \/> <\/a><a href=\"http:\/\/kravallslojd.se\/wordpress\/wp-content\/uploads\/2011\/07\/Farmor-Berthas-disktrasa1.jpg\" ><img decoding=\"async\" loading=\"lazy\" src=\"http:\/\/kravallslojd.se\/wordpress\/wp-content\/uploads\/2011\/07\/Farmor-Berthas-disktrasa1-150x150.jpg\" alt=\"\" width=\"150\" height=\"150\" class=\"alignnone size-thumbnail wp-image-5807\" \/> <\/a><a href=\"http:\/\/kravallslojd.se\/wordpress\/wp-content\/uploads\/2011\/07\/Anders-K-disktrasa.jpg\" ><img decoding=\"async\" loading=\"lazy\" src=\"http:\/\/kravallslojd.se\/wordpress\/wp-content\/uploads\/2011\/07\/Anders-K-disktrasa-150x150.jpg\" alt=\"\" width=\"150\" height=\"150\" class=\"alignnone size-thumbnail wp-image-5812\" \/><\/a><\/p>\n<p>Jag har tidigare i veckan n\u00e4mnt mitt jobb vid V\u00e4sterbottens museum. Fram\u00f6ver kommer vi att producera en textil studieutst\u00e4llning. F\u00f6rhoppningsvis ska den st\u00e5 f\u00e4rdig i b\u00f6rjan av 2013. Utst\u00e4llning skall vila p\u00e5 tre \u201dben\u201d. Det f\u00f6rsta benet \u00e4r att visa s\u00e5 mycket som m\u00f6jligt av v\u00e5ra rika textila samlingar. Det blir framf\u00f6r allt dr\u00e4kt och textil fr\u00e5n 1900-talet. Det andra benet \u00e4r att det skall finnas en arena f\u00f6r textilt skapande och kunskapsinh\u00e4mtning. Det kan handla om kurser kring textila hantverk, stickcaf\u00e9er, f\u00f6rel\u00e4sningar och filmvisningar utifr\u00e5n textil. Och det tredje benet \u00e4r att intressegrupper utanf\u00f6r museet skall f\u00e5 m\u00f6jlighet att delta i arrangemang och i utst\u00e4llningen. En referensgrupp \u00e4r bildad och vi jobbar nu i den f\u00f6rsta planeringsfasen. Om du som l\u00e4ser detta har anknytning till V\u00e4sterbottens l\u00e4n och har n\u00e5gon id\u00e9 runt v\u00e5ra utst\u00e4llningsid\u00e9er, kan du kontakta mig genom V\u00e4sterbottens museums v\u00e4xel eller via min mailadress.<\/p>\n<p>Hillevi Wadensten  <a href=\"http:\/\/kravallslojd.se\/wordpress\/wp-content\/uploads\/2011\/07\/Hews-randiga-tr\u00f6ja.jpg\" ><img decoding=\"async\" loading=\"lazy\" src=\"http:\/\/kravallslojd.se\/wordpress\/wp-content\/uploads\/2011\/07\/Hews-randiga-tr\u00f6ja-150x150.jpg\" alt=\"\" width=\"150\" height=\"150\" class=\"alignnone size-thumbnail wp-image-5809\" \/><\/a><br \/>\nV\u00e4sterbottens museum<br \/>\n090-171800<br \/>\nhillevi.wadensten@vbm.se<\/p>\n<p>Tack f\u00f6r mig och tack f\u00f6r en rolig hemsida; kravallslojd.se!!<br \/>\n<a href=\"http:\/\/kravallslojd.se\/wordpress\/wp-content\/uploads\/2011\/07\/Ekl\u00f6v-i-vattenpuss.jpg\" ><img decoding=\"async\" loading=\"lazy\" src=\"http:\/\/kravallslojd.se\/wordpress\/wp-content\/uploads\/2011\/07\/Ekl\u00f6v-i-vattenpuss-300x225.jpg\" alt=\"\" width=\"300\" height=\"225\" class=\"alignnone size-medium wp-image-5810\" srcset=\"https:\/\/kravallslojd.se\/wordpress\/wp-content\/uploads\/2011\/07\/Ekl\u00f6v-i-vattenpuss-300x225.jpg 300w, https:\/\/kravallslojd.se\/wordpress\/wp-content\/uploads\/2011\/07\/Ekl\u00f6v-i-vattenpuss-1024x768.jpg 1024w, https:\/\/kravallslojd.se\/wordpress\/wp-content\/uploads\/2011\/07\/Ekl\u00f6v-i-vattenpuss.jpg 2048w\" sizes=\"(max-width: 300px) 100vw, 300px\" \/><\/a><\/p>\n","protected":false},"excerpt":{"rendered":"<p>Disktrasa En galen id\u00e9 som jag haft de senaste \u00e5ren \u00e4r att jag virkat disktrasor i parti och minut. Det visade sig vare en funktionell produkt, som torkar bra och \u00e4r fin att pryda diskb\u00e4nken med. Det \u00e4r ocks\u00e5 en bra present eller julklapp och jag har f\u00e5tt s\u00e4lja en hel del. Men det b\u00e4sta [&hellip;]<\/p>\n","protected":false},"author":168,"featured_media":0,"comment_status":"open","ping_status":"open","sticky":false,"template":"","format":"standard","meta":[],"categories":[646],"tags":[179,347,141],"_links":{"self":[{"href":"https:\/\/kravallslojd.se\/wordpress\/index.php?rest_route=\/wp\/v2\/posts\/5804"}],"collection":[{"href":"https:\/\/kravallslojd.se\/wordpress\/index.php?rest_route=\/wp\/v2\/posts"}],"about":[{"href":"https:\/\/kravallslojd.se\/wordpress\/index.php?rest_route=\/wp\/v2\/types\/post"}],"author":[{"embeddable":true,"href":"https:\/\/kravallslojd.se\/wordpress\/index.php?rest_route=\/wp\/v2\/users\/168"}],"replies":[{"embeddable":true,"href":"https:\/\/kravallslojd.se\/wordpress\/index.php?rest_route=%2Fwp%2Fv2%2Fcomments&post=5804"}],"version-history":[{"count":8,"href":"https:\/\/kravallslojd.se\/wordpress\/index.php?rest_route=\/wp\/v2\/posts\/5804\/revisions"}],"predecessor-version":[{"id":5816,"href":"https:\/\/kravallslojd.se\/wordpress\/index.php?rest_route=\/wp\/v2\/posts\/5804\/revisions\/5816"}],"wp:attachment":[{"href":"https:\/\/kravallslojd.se\/wordpress\/index.php?rest_route=%2Fwp%2Fv2%2Fmedia&parent=5804"}],"wp:term":[{"taxonomy":"category","embeddable":true,"href":"https:\/\/kravallslojd.se\/wordpress\/index.php?rest_route=%2Fwp%2Fv2%2Fcategories&post=5804"},{"taxonomy":"post_tag","embeddable":true,"href":"https:\/\/kravallslojd.se\/wordpress\/index.php?rest_route=%2Fwp%2Fv2%2Ftags&post=5804"}],"curies":[{"name":"wp","href":"https:\/\/api.w.org\/{rel}","templated":true}]}}