{"id":5821,"date":"2011-08-01T14:20:23","date_gmt":"2011-08-01T13:20:23","guid":{"rendered":"http:\/\/kravallslojd.se\/wordpress\/?p=5821"},"modified":"2011-08-01T14:20:23","modified_gmt":"2011-08-01T13:20:23","slug":"mandagen-den-1-augusti-2011-och-semestern-ar-till-anda","status":"publish","type":"post","link":"https:\/\/kravallslojd.se\/wordpress\/?p=5821","title":{"rendered":"M\u00e5ndagen den 1 augusti 2011 och semestern \u00e4r till \u00e4nda."},"content":{"rendered":"<p>Den h\u00e4r veckan \u00e4r det jag, Carina, textilkonstn\u00e4r fr\u00e5n Blekinge som har f\u00e5tt \u00e4ran att husera p\u00e5 denna blogg. I vanliga fall bloggar jag en del via min webbsida carinaa.com. G\u00f6r kanske ett inl\u00e4gg n\u00e5gon g\u00e5ng per vecka och ber\u00e4ttar vad som h\u00e4nder i mitt konstn\u00e4rsliv. Mest bilder och lite text. H\u00e4r t\u00e4nkte jag bli lite mer personlig och delge er hur en vecka i mitt liv som konsthantverkare ser ut.<br \/>\nDe tre senaste veckorna har jag njutit av semester. Kanske \u00e4r de f\u00e5 f\u00f6runnat att som konstn\u00e4r och egenf\u00f6retagare njuta av tre veckors sammanh\u00e4ngande semester. Men man v\u00e4ljer ju sj\u00e4lv och s\u00e5 \u00e4r det ju med allt h\u00e4r i livet. Visst har jag haft koll p\u00e5 e-post och best\u00e4llningar och gjort n\u00e5gra arbetsrelaterade grejor. Tur \u00e4r v\u00e4l det f\u00f6r annars hade jag kanske blivit totalt uttr\u00e5kad\u2026<br \/>\nSj\u00e4lvklart kommer jag ocks\u00e5 att ber\u00e4tta om h\u00e4rliga semesterminnen! Wan\u00e5s, New York och Kalmar Slott.<br \/>\nF\u00f6rsta arbetsdagen efter semestern har fortl\u00f6pt med planerande inf\u00f6r Formex-m\u00e4ssan i Stockholm 1-4 september . Jag kommer att finnas med egen monter i KHVC &#8211; monter. Det beh\u00f6vs en dag f\u00f6r att komma ig\u00e5ng och starta upp semesterhj\u00e4rnan, men jag tror att jag \u00e4r r\u00e4tt bra p\u00e5 g\u00e5ng.<\/p>\n<p>\n\t\t<style type=\"text\/css\">\n\t\t\t#gallery-1 {\n\t\t\t\tmargin: auto;\n\t\t\t}\n\t\t\t#gallery-1 .gallery-item {\n\t\t\t\tfloat: left;\n\t\t\t\tmargin-top: 10px;\n\t\t\t\ttext-align: center;\n\t\t\t\twidth: 33%;\n\t\t\t}\n\t\t\t#gallery-1 img {\n\t\t\t\tborder: 2px solid #cfcfcf;\n\t\t\t}\n\t\t\t#gallery-1 .gallery-caption {\n\t\t\t\tmargin-left: 0;\n\t\t\t}\n\t\t\t\/* see gallery_shortcode() in wp-includes\/media.php *\/\n\t\t<\/style>\n\t\t<div id='gallery-1' class='gallery galleryid-5821 gallery-columns-3 gallery-size-thumbnail'><dl class='gallery-item'>\n\t\t\t<dt class='gallery-icon landscape'>\n\t\t\t\t<a href=\"https:\/\/kravallslojd.se\/wordpress\/?attachment_id=5822\" ><img width=\"150\" height=\"150\" src=\"https:\/\/kravallslojd.se\/wordpress\/wp-content\/uploads\/2011\/08\/IMG_7054-150x150.jpg\" class=\"attachment-thumbnail size-thumbnail\" alt=\"\" decoding=\"async\" loading=\"lazy\" aria-describedby=\"gallery-1-5822\" \/><\/a>\n\t\t\t<\/dt>\n\t\t\t\t<dd class='wp-caption-text gallery-caption' id='gallery-1-5822'>\n\t\t\t\tMin atelj\u00e9\n\t\t\t\t<\/dd><\/dl><dl class='gallery-item'>\n\t\t\t<dt class='gallery-icon landscape'>\n\t\t\t\t<a href=\"https:\/\/kravallslojd.se\/wordpress\/?attachment_id=5829\" ><img width=\"150\" height=\"150\" src=\"https:\/\/kravallslojd.se\/wordpress\/wp-content\/uploads\/2011\/08\/IMG_70511-150x150.jpg\" class=\"attachment-thumbnail size-thumbnail\" alt=\"\" decoding=\"async\" loading=\"lazy\" aria-describedby=\"gallery-1-5829\" \/><\/a>\n\t\t\t<\/dt>\n\t\t\t\t<dd class='wp-caption-text gallery-caption' id='gallery-1-5829'>\n\t\t\t\tMin atelj\u00e9\n\t\t\t\t<\/dd><\/dl>\n\t\t\t<br style='clear: both' \/>\n\t\t<\/div>\n<\/p>\n","protected":false},"excerpt":{"rendered":"<p>Den h\u00e4r veckan \u00e4r det jag, Carina, textilkonstn\u00e4r fr\u00e5n Blekinge som har f\u00e5tt \u00e4ran att husera p\u00e5 denna blogg. I vanliga fall bloggar jag en del via min webbsida carinaa.com. G\u00f6r kanske ett inl\u00e4gg n\u00e5gon g\u00e5ng per vecka och ber\u00e4ttar vad som h\u00e4nder i mitt konstn\u00e4rsliv. Mest bilder och lite text. H\u00e4r t\u00e4nkte jag bli [&hellip;]<\/p>\n","protected":false},"author":169,"featured_media":0,"comment_status":"open","ping_status":"open","sticky":false,"template":"","format":"standard","meta":[],"categories":[658],"tags":[659],"_links":{"self":[{"href":"https:\/\/kravallslojd.se\/wordpress\/index.php?rest_route=\/wp\/v2\/posts\/5821"}],"collection":[{"href":"https:\/\/kravallslojd.se\/wordpress\/index.php?rest_route=\/wp\/v2\/posts"}],"about":[{"href":"https:\/\/kravallslojd.se\/wordpress\/index.php?rest_route=\/wp\/v2\/types\/post"}],"author":[{"embeddable":true,"href":"https:\/\/kravallslojd.se\/wordpress\/index.php?rest_route=\/wp\/v2\/users\/169"}],"replies":[{"embeddable":true,"href":"https:\/\/kravallslojd.se\/wordpress\/index.php?rest_route=%2Fwp%2Fv2%2Fcomments&post=5821"}],"version-history":[{"count":6,"href":"https:\/\/kravallslojd.se\/wordpress\/index.php?rest_route=\/wp\/v2\/posts\/5821\/revisions"}],"predecessor-version":[{"id":5834,"href":"https:\/\/kravallslojd.se\/wordpress\/index.php?rest_route=\/wp\/v2\/posts\/5821\/revisions\/5834"}],"wp:attachment":[{"href":"https:\/\/kravallslojd.se\/wordpress\/index.php?rest_route=%2Fwp%2Fv2%2Fmedia&parent=5821"}],"wp:term":[{"taxonomy":"category","embeddable":true,"href":"https:\/\/kravallslojd.se\/wordpress\/index.php?rest_route=%2Fwp%2Fv2%2Fcategories&post=5821"},{"taxonomy":"post_tag","embeddable":true,"href":"https:\/\/kravallslojd.se\/wordpress\/index.php?rest_route=%2Fwp%2Fv2%2Ftags&post=5821"}],"curies":[{"name":"wp","href":"https:\/\/api.w.org\/{rel}","templated":true}]}}