{"id":583,"date":"2008-08-05T16:08:55","date_gmt":"2008-08-05T14:08:55","guid":{"rendered":"http:\/\/kravallslojd.se\/bloggen\/?p=750"},"modified":"2008-08-05T16:08:55","modified_gmt":"2008-08-05T14:08:55","slug":"hembygdsgardar-inspirationskalla","status":"publish","type":"post","link":"https:\/\/kravallslojd.se\/wordpress\/?p=583","title":{"rendered":"Hembygdsg\u00e5rdar -inspirationsk\u00e4lla?"},"content":{"rendered":"<p>Det \u00e4r visst Hembygdsg\u00e5rdstema h\u00e4r p\u00e5 kravallsl\u00f6jd denna vecka. Var det n\u00e5gon av er som bes\u00f6kte en hembygdsg\u00e5rd i m\u00e5ndags? Inte jag iallafall. Jag sitter h\u00e4r och funderar p\u00e5 vad jag tycker om dessa monument \u00f6ver hembygdens p\u00e5st\u00e5dda forntida storhet.Jag \u00e4r uppvuxen ganska n\u00e4ra en hembygdsg\u00e5rd, och har tillbringat varenda midsommar d\u00e4r, eftersom jag \u00e4r engagerad i Folklig dans och musik ocks\u00e5. D\u00e5 &#8221;jobbar&#8221; man liksom p\u00e5 midsommar n\u00e4r andra \u00e4r lediga. Firandet p\u00e5 &#8221;<a target=\"_blank\" href=\"http:\/\/www.forsaforngard.nu\"  title=\"Forng\u00e5rden i Forsa, Fr\u00e4n\u00f6\">Fr\u00e4n\u00f6 Forng\u00e5rd<\/a>&#8221; \u00e4r en riktigt folklig fest med mycket barnfamiljer, danser kring st\u00e5ngen, folkdansuppvisningar, folkmusikkonserter, dr\u00e4ktkl\u00e4dda m\u00e4nniskor och hemsl\u00f6jdslotterier. Denna helg \u00e4r det verkligen full fart p\u00e5 bygdeg\u00e5rden (eller &#8221;Forng\u00e5rden&#8221; som den kallas av gammal vana -namnet \u00e4r v\u00e4l en rest fr\u00e5n tiden d\u00e5 den skapades till minne av hur det s\u00e5g ut innan industrialiseringen)\u00a0<\/p>\n<p>Annars \u00e4r forng\u00e5rden\/bygdeg\u00e5rden ganska d\u00f6d.Eftersom jag \u00e4r sl\u00f6jdare brukar jag titta in i gamla bygdeg\u00e5rdar f\u00f6r att leta efter rolig tr\u00e4sl\u00f6jd -ibland hittar man n\u00e5got inspirerande faktiskt- men oftast \u00e4r g\u00e5rdarna t\u00f6mda p\u00e5 de coolaste f\u00f6rem\u00e5len. St\u00f6ldrisken \u00e4r v\u00e4l f\u00f6r stor antar jag. Dom roliga f\u00f6rem\u00e5len ligger inst\u00e4ngda i arkiv p\u00e5 museum eller i n\u00e5gon privat amerikansk samlares stora magasin over there&#8230;\u00a0<\/p>\n<p>Nu har jag lyckats f\u00f6rdriva ytterligare n\u00e5gra minuter p\u00e5 jobbet, s\u00e5 nu \u00e4r det dags att fara hem. H\u00f6rs imorrn eller kanske m\u00f6jligen ikv\u00e4ll om jag f\u00e5r n\u00e5gra snilleblixtar&#8230;\/Johan<\/p>\n","protected":false},"excerpt":{"rendered":"<p>Det \u00e4r visst Hembygdsg\u00e5rdstema h\u00e4r p\u00e5 kravallsl\u00f6jd denna vecka. Var det n\u00e5gon av er som bes\u00f6kte en hembygdsg\u00e5rd i m\u00e5ndags? Inte jag iallafall. Jag sitter h\u00e4r och funderar p\u00e5 vad jag tycker om dessa monument \u00f6ver hembygdens p\u00e5st\u00e5dda forntida storhet.Jag \u00e4r uppvuxen ganska n\u00e4ra en hembygdsg\u00e5rd, och har tillbringat varenda midsommar d\u00e4r, eftersom jag \u00e4r [&hellip;]<\/p>\n","protected":false},"author":1,"featured_media":0,"comment_status":"open","ping_status":"closed","sticky":false,"template":"","format":"standard","meta":[],"categories":[34],"tags":[],"_links":{"self":[{"href":"https:\/\/kravallslojd.se\/wordpress\/index.php?rest_route=\/wp\/v2\/posts\/583"}],"collection":[{"href":"https:\/\/kravallslojd.se\/wordpress\/index.php?rest_route=\/wp\/v2\/posts"}],"about":[{"href":"https:\/\/kravallslojd.se\/wordpress\/index.php?rest_route=\/wp\/v2\/types\/post"}],"author":[{"embeddable":true,"href":"https:\/\/kravallslojd.se\/wordpress\/index.php?rest_route=\/wp\/v2\/users\/1"}],"replies":[{"embeddable":true,"href":"https:\/\/kravallslojd.se\/wordpress\/index.php?rest_route=%2Fwp%2Fv2%2Fcomments&post=583"}],"version-history":[{"count":0,"href":"https:\/\/kravallslojd.se\/wordpress\/index.php?rest_route=\/wp\/v2\/posts\/583\/revisions"}],"wp:attachment":[{"href":"https:\/\/kravallslojd.se\/wordpress\/index.php?rest_route=%2Fwp%2Fv2%2Fmedia&parent=583"}],"wp:term":[{"taxonomy":"category","embeddable":true,"href":"https:\/\/kravallslojd.se\/wordpress\/index.php?rest_route=%2Fwp%2Fv2%2Fcategories&post=583"},{"taxonomy":"post_tag","embeddable":true,"href":"https:\/\/kravallslojd.se\/wordpress\/index.php?rest_route=%2Fwp%2Fv2%2Ftags&post=583"}],"curies":[{"name":"wp","href":"https:\/\/api.w.org\/{rel}","templated":true}]}}