{"id":584,"date":"2008-08-06T11:33:44","date_gmt":"2008-08-06T09:33:44","guid":{"rendered":"http:\/\/kravallslojd.se\/bloggen\/?p=751"},"modified":"2008-08-06T11:33:44","modified_gmt":"2008-08-06T09:33:44","slug":"en-stressig-morgon","status":"publish","type":"post","link":"https:\/\/kravallslojd.se\/wordpress\/?p=584","title":{"rendered":"En stressig morgon"},"content":{"rendered":"<p>Hej p\u00e5 er igen. Nu \u00e4r det dags f\u00f6r ytterligare ett av de blogginl\u00e4gg jag skrev i f\u00f6rra veckan under det l\u00e4ger som jag var sl\u00f6jdledare p\u00e5&#8230;<\/p>\n<p>H\u00e4r kommer det:\u00a0<\/p>\n<p>Ojojoj. Det var p\u00e5 onsdag vi skulle ha Sl\u00f6jdtema. S\u00e5 jag r\u00e4knade kallt med att f\u00f6rbereda det sista (fixa verktyg och arbetsplatser \u00e5t alla och s\u00e5) p\u00e5 tisdagkv\u00e4ll. P\u00e5 tisdagMORGON vaknade jag tidigare \u00e4n alla andra av en viskande r\u00f6st\u2026 \u201dJohan vakna, vi blev tvungna att \u00e4ndra schemat, det blir sl\u00f6jddag IDAG ist\u00e4llet\u2026.\u201d Okej. S\u00e4tter mig nyvaken upp. Shit. Det blev en n\u00e5got stressig frukost och sedan lite snabbt fixande med verktygen innan f\u00f6rsta sl\u00f6jdg\u00e4nget kom och satte sig. Av min fantastiska lista \u00f6ver m\u00f6jliga saker att tillverka reducerade jag snabbt valm\u00f6jligheterna till att alla skulle g\u00f6ra en varsinn Kl\u00e4dh\u00e4ngare av en gren. K\u00e4nde att det blev enklast s\u00e5.\u00a0 Och det visade sig snabbt att det var ett klokt beslut. P\u00e5 en timme hinner man inte s\u00e5 l\u00e5ngt, n\u00e4r man m\u00e5ste samsas om\u00a0bara en snickarb\u00e4nk och\u00a0en instrukt\u00f6r. Alla fick sj\u00e4lv v\u00e4lja vilken gren man ville g\u00f6ra sin h\u00e4ngare av. Knivar fick jag l\u00e5na av <a target=\"_blank\" href=\"http:\/\/www.upplandsmuseet.se\/templates\/Page.aspx?id=284\"  title=\"L\u00e4nk till sl\u00f6jdkonsulenten\">Hemsl\u00f6jdskonsulten i Uppland<\/a>, Tore Qvarfordt s\u00e5 det fanns gott om verktyg i alla fall. \u00a0<\/p>\n<p>Kursdeltagarna hade ganska skilda erfarenheter och inst\u00e4llningar till sl\u00f6jd. N\u00e5gon h\u00f6ll p\u00e5 att g\u00e5 handledarkurs f\u00f6r att vara ledare f\u00f6r den lokala <a target=\"_blank\" href=\"http:\/\/www.hemslojden.org\/slojdklubben.dsp\"  title=\"L\u00e4nk till sl\u00f6jdklubbar\">Sl\u00f6jdklubben<\/a>, n\u00e5gon hade h\u00e5llt p\u00e5 lite med scouterna och m\u00e5nga hade s\u00e5klart provat sl\u00f6jd i skolan. Men d\u00e5 i torrt tr\u00e4 f\u00f6rst\u00e5ss, inte f\u00e4rskt mjukt virke. N\u00e5gon sa att sl\u00f6jd var det tr\u00e5kigaste dom visste och n\u00e5gon sa hela tiden \u201d\u00e5 vad jobbigt\u201d om alla moment\u2026 Men alla k\u00e4mpade p\u00e5, jag visade ett och annat knivgrepp f\u00f6r att underl\u00e4tta skapandet och gav muntra tillrop d\u00e4r det beh\u00f6vdes. Det visade sig efter f\u00f6rsta gruppen att jag varit en tidsoptimist (igen\u2026) Ingen hann klart. Tur att det kommer finnas m\u00f6jlighet p\u00e5 kv\u00e4llen att g\u00f6ra f\u00e4rdigt. De skulle dessutom hinna med silver- och j\u00e4rnsmide ocks\u00e5.\u00a0<\/p>\n<p>N\u00e4r alla grupper passerat vidtog mat och sedan dansande f\u00f6rst\u00e5ss, men framm\u00e5t kv\u00e4llen blev det faktiskt s\u00e5 att flera spontant kom ut p\u00e5 gr\u00e4smattan och ville forts\u00e4tta sl\u00f6jda, s\u00e5 n\u00e5got r\u00e4tt m\u00e5ste jag \u00e4nd\u00e5 ha gjort. N\u00e4r m\u00f6rkret f\u00f6ll tog vi fram stearinljus och fortsatte en bra stund till, riktigt mysigt blev det. Och hon som sa \u201d\u00e5 vad jobbigt\u201d om allting var nog den som kom f\u00f6rst ut och kv\u00e4llsl\u00f6jdande, s\u00e5 det k\u00e4ndes ju riktigt bra. Det var nog mest en attityd-grejj det d\u00e4r.<\/p>\n<p><a href=\"http:\/\/kravallslojd.se\/bloggen\/wp-content\/uploads\/2008\/08\/dsc00073.JPG\"  title=\"Kv\u00e4llssl\u00f6jdande\"><img decoding=\"async\" src=\"http:\/\/kravallslojd.se\/bloggen\/wp-content\/uploads\/2008\/08\/dsc00073.tumnagel.JPG\" alt=\"Kv\u00e4llssl\u00f6jdande\" \/><\/a>\u00a0<a href=\"http:\/\/kravallslojd.se\/bloggen\/wp-content\/uploads\/2008\/08\/dsc00071.JPG\"  title=\"N\u00e5gra blivande krokar att s\u00e4tta p\u00e5 v\u00e4ggen\"><img decoding=\"async\" src=\"http:\/\/kravallslojd.se\/bloggen\/wp-content\/uploads\/2008\/08\/dsc00071.tumnagel.JPG\" alt=\"N\u00e5gra blivande krokar att s\u00e4tta p\u00e5 v\u00e4ggen\" \/><\/a>\u00a0 <a href=\"http:\/\/kravallslojd.se\/bloggen\/wp-content\/uploads\/2008\/08\/dsc00068.JPG\"  title=\"En koncentrerad knivsk\u00e4rare\"><img decoding=\"async\" src=\"http:\/\/kravallslojd.se\/bloggen\/wp-content\/uploads\/2008\/08\/dsc00068.tumnagel.JPG\" alt=\"En koncentrerad knivsk\u00e4rare\" \/><\/a><\/p>\n<p>Erfarenheten fr\u00e5n sl\u00f6jdkursen var trevlig att f\u00e5. Jag har s\u00f6kt till <a target=\"_blank\" href=\"http:\/\/www.liu.se\/utbildning\/program\/LARAL\"  title=\"L\u00e4nk till Link\u00f6pings universitet\">tr\u00e4sl\u00f6jdsl\u00e4rar-utbilningen <\/a>i Link\u00f6ping i h\u00f6st och grubblar nu som mest p\u00e5 om jag ska g\u00e5 den eller inte. Denna kurs talar F\u00d6R att jag ska g\u00e5 utbildningen \u2013det \u00e4r kul att h\u00e5lla kurs! \u00c4r det n\u00e5gon av er som l\u00e4ser detta som vill tycka till om den l\u00e4rarutbildningen eller sj\u00e4lva jobbet som l\u00e4rare s\u00e5 \u00e4r det v\u00e4lkommet, kommentera denna blogg bara!<\/p>\n","protected":false},"excerpt":{"rendered":"<p>Hej p\u00e5 er igen. Nu \u00e4r det dags f\u00f6r ytterligare ett av de blogginl\u00e4gg jag skrev i f\u00f6rra veckan under det l\u00e4ger som jag var sl\u00f6jdledare p\u00e5&#8230; H\u00e4r kommer det:\u00a0 Ojojoj. Det var p\u00e5 onsdag vi skulle ha Sl\u00f6jdtema. S\u00e5 jag r\u00e4knade kallt med att f\u00f6rbereda det sista (fixa verktyg och arbetsplatser \u00e5t alla och [&hellip;]<\/p>\n","protected":false},"author":1,"featured_media":0,"comment_status":"open","ping_status":"closed","sticky":false,"template":"","format":"standard","meta":[],"categories":[34],"tags":[],"_links":{"self":[{"href":"https:\/\/kravallslojd.se\/wordpress\/index.php?rest_route=\/wp\/v2\/posts\/584"}],"collection":[{"href":"https:\/\/kravallslojd.se\/wordpress\/index.php?rest_route=\/wp\/v2\/posts"}],"about":[{"href":"https:\/\/kravallslojd.se\/wordpress\/index.php?rest_route=\/wp\/v2\/types\/post"}],"author":[{"embeddable":true,"href":"https:\/\/kravallslojd.se\/wordpress\/index.php?rest_route=\/wp\/v2\/users\/1"}],"replies":[{"embeddable":true,"href":"https:\/\/kravallslojd.se\/wordpress\/index.php?rest_route=%2Fwp%2Fv2%2Fcomments&post=584"}],"version-history":[{"count":0,"href":"https:\/\/kravallslojd.se\/wordpress\/index.php?rest_route=\/wp\/v2\/posts\/584\/revisions"}],"wp:attachment":[{"href":"https:\/\/kravallslojd.se\/wordpress\/index.php?rest_route=%2Fwp%2Fv2%2Fmedia&parent=584"}],"wp:term":[{"taxonomy":"category","embeddable":true,"href":"https:\/\/kravallslojd.se\/wordpress\/index.php?rest_route=%2Fwp%2Fv2%2Fcategories&post=584"},{"taxonomy":"post_tag","embeddable":true,"href":"https:\/\/kravallslojd.se\/wordpress\/index.php?rest_route=%2Fwp%2Fv2%2Ftags&post=584"}],"curies":[{"name":"wp","href":"https:\/\/api.w.org\/{rel}","templated":true}]}}