{"id":585,"date":"2008-08-08T11:00:15","date_gmt":"2008-08-08T09:00:15","guid":{"rendered":"http:\/\/kravallslojd.se\/bloggen\/?p=755"},"modified":"2008-08-08T11:00:15","modified_gmt":"2008-08-08T09:00:15","slug":"ar-slojd-alltid-materiell","status":"publish","type":"post","link":"https:\/\/kravallslojd.se\/wordpress\/?p=585","title":{"rendered":"\u00c4r sl\u00f6jd alltid materiell???"},"content":{"rendered":"<p>Var tog g\u00e5rdagen v\u00e4gen d\u00e5?<\/p>\n<p>Jag skulle ju sl\u00f6jda och blogga ig\u00e5r (efter jobbet allts\u00e5&#8230;) Men det var ju ber\u00e4ttarkv\u00e4ll i grannbyn Trogsta med en kusin p\u00e5 scenen -s\u00e5 jag blev tvungen att \u00e5ka dit. Nu t\u00e4nker jag s\u00e5h\u00e4r. \u00c4r sl\u00f6jd alltid fysiskt och materiellt, eller kan sl\u00f6jd vara immateriell ocks\u00e5? I s\u00e5 fall var det kanske live-sl\u00f6jdande som min kusin Anna h\u00f6ll p\u00e5 med p\u00e5 scenen ig\u00e5r. Hon skapade n\u00e5got med r\u00f6tter i en tradition, p\u00e5 ett traditionellt s\u00e4tt med traditionella verktyg. Det var bara det att verktygen var en del av kroppen (r\u00f6sten, blicken) och produktionen\/slutresultatet gick ju inte att ta p\u00e5, som &#8221;vanliga&#8221; sl\u00f6jdf\u00f6rem\u00e5l, utan det gick bara att lyssna p\u00e5!<\/p>\n<p>\u00c4r sl\u00f6jd en attityd, ett tillv\u00e4gag\u00e5ngss\u00e4tt eller vad? \u00c4r det skapelseprocessen eller slutresultatet eller b\u00e5de och? M\u00e5nga fr\u00e5gor och inga svar. Bara tankar. Nu ska jag sluta blogga och ist\u00e4llet jobba lite igen. \u00c4r DET sl\u00f6jd? N\u00e4 nu b\u00f6rjar det snurra f\u00f6r mycket i huvet&#8230; Vi h\u00f6rs&#8230;<\/p>\n","protected":false},"excerpt":{"rendered":"<p>Var tog g\u00e5rdagen v\u00e4gen d\u00e5? Jag skulle ju sl\u00f6jda och blogga ig\u00e5r (efter jobbet allts\u00e5&#8230;) Men det var ju ber\u00e4ttarkv\u00e4ll i grannbyn Trogsta med en kusin p\u00e5 scenen -s\u00e5 jag blev tvungen att \u00e5ka dit. Nu t\u00e4nker jag s\u00e5h\u00e4r. \u00c4r sl\u00f6jd alltid fysiskt och materiellt, eller kan sl\u00f6jd vara immateriell ocks\u00e5? I s\u00e5 fall var [&hellip;]<\/p>\n","protected":false},"author":1,"featured_media":0,"comment_status":"open","ping_status":"closed","sticky":false,"template":"","format":"standard","meta":[],"categories":[34],"tags":[],"_links":{"self":[{"href":"https:\/\/kravallslojd.se\/wordpress\/index.php?rest_route=\/wp\/v2\/posts\/585"}],"collection":[{"href":"https:\/\/kravallslojd.se\/wordpress\/index.php?rest_route=\/wp\/v2\/posts"}],"about":[{"href":"https:\/\/kravallslojd.se\/wordpress\/index.php?rest_route=\/wp\/v2\/types\/post"}],"author":[{"embeddable":true,"href":"https:\/\/kravallslojd.se\/wordpress\/index.php?rest_route=\/wp\/v2\/users\/1"}],"replies":[{"embeddable":true,"href":"https:\/\/kravallslojd.se\/wordpress\/index.php?rest_route=%2Fwp%2Fv2%2Fcomments&post=585"}],"version-history":[{"count":0,"href":"https:\/\/kravallslojd.se\/wordpress\/index.php?rest_route=\/wp\/v2\/posts\/585\/revisions"}],"wp:attachment":[{"href":"https:\/\/kravallslojd.se\/wordpress\/index.php?rest_route=%2Fwp%2Fv2%2Fmedia&parent=585"}],"wp:term":[{"taxonomy":"category","embeddable":true,"href":"https:\/\/kravallslojd.se\/wordpress\/index.php?rest_route=%2Fwp%2Fv2%2Fcategories&post=585"},{"taxonomy":"post_tag","embeddable":true,"href":"https:\/\/kravallslojd.se\/wordpress\/index.php?rest_route=%2Fwp%2Fv2%2Ftags&post=585"}],"curies":[{"name":"wp","href":"https:\/\/api.w.org\/{rel}","templated":true}]}}