{"id":586,"date":"2008-08-09T07:56:10","date_gmt":"2008-08-09T05:56:10","guid":{"rendered":"http:\/\/kravallslojd.se\/bloggen\/?p=756"},"modified":"2008-08-09T07:56:10","modified_gmt":"2008-08-09T05:56:10","slug":"inte-en-lugn-stund","status":"publish","type":"post","link":"https:\/\/kravallslojd.se\/wordpress\/?p=586","title":{"rendered":"Inte en lugn stund"},"content":{"rendered":"<p>God morgon helgfirare!<\/p>\n<p>Denna morgon befinner jag mig i Uppland, n\u00e4rmare best\u00e4mt i Enk\u00f6ping. Jag \u00e4r h\u00e4r f\u00f6r att delta som underh\u00e5llning i <a target=\"_blank\" href=\"http:\/\/www.upplandsschottisen.se\/\"  title=\"L\u00e4nk till Upplandsschottisen\">Upplands-schottisen<\/a>, en danst\u00e4vling. Jag har tidigare varit med som t\u00e4vlande, men i \u00e5r \u00e4r jag med som musiker \u00e5t den unga dansgruppen Gn\u00e5.<\/p>\n<p>Gn\u00e5\u00a0\u00e4gnar sig \u00e5t att skapa och framf\u00f6ra folkliga danser med r\u00f6tter i svensk folkdanstradition men siktet inst\u00e4llt p\u00e5 framtiden -det tycker jag \u00e4r roooligt! :-) S\u00e5 idag drar jag p\u00e5 mig folkdr\u00e4kten -arbetskostymen i dessa sammanhang. Jag \u00e4r v\u00e4l egentligen lite tr\u00f6tt p\u00e5 folkdr\u00e4kt, men den marknadsf\u00f6r ju verksamheten ganska tydligt. P\u00e5 gott och ont -det \u00e4r ju en kl\u00e4dsel f\u00f6rknippad med v\u00e4ldigt m\u00e5nga f\u00f6rdomar om regler och m\u00e5sten.<\/p>\n<p>B\u00e4st trivs jag i folkdr\u00e4kt n\u00e4r jag f\u00e5r blanda plaggen med modern kl\u00e4dsel, det skapar lite sp\u00e4nnande kopplingar mellan d\u00e5 och nu, tradition och\u00a0nyskapande och\u00a0s\u00e5. Den enklaste kombinationen \u00e4r d\u00e5 jeans och tshirt med folkdr\u00e4ktens l\u00e5ngrock, som jag anv\u00e4nder ofta.\u00a0<br \/>\n<img decoding=\"async\" src=\"http:\/\/kravallslojd.se\/bloggen\/wp-content\/uploads\/2008\/08\/johan.jpg\" alt=\"Johan i svarta l\u00e5ngrocken\" \/><\/p>\n<p>N\u00e4r jag har lite mera tid (seeeeen!) ska jag ta och kombinera ihop en egen folkdr\u00e4kt av de snyggaste dr\u00e4ktdelarna jag kan finna&#8230; Det kommer att reta gallfeber p\u00e5 en del dr\u00e4ktpoliser, men det \u00e4r ju n\u00e4stan halva n\u00f6jjet att sl\u00e5 h\u00e5l p\u00e5 deras illusioner om &#8221;\u00e4kthet&#8221;, autenticitet och provinsial patriotism&#8230;<\/p>\n<p>\u00a0N\u00e5v\u00e4l. Detta om detta. Nu ska jag pallra mig iv\u00e4g ut p\u00e5 t\u00e4vlingen. Vi h\u00f6\u00f6\u00f6\u00f6\u00f6res.<\/p>\n<p>\/Johan\u00a0<\/p>\n","protected":false},"excerpt":{"rendered":"<p>God morgon helgfirare! Denna morgon befinner jag mig i Uppland, n\u00e4rmare best\u00e4mt i Enk\u00f6ping. Jag \u00e4r h\u00e4r f\u00f6r att delta som underh\u00e5llning i Upplands-schottisen, en danst\u00e4vling. Jag har tidigare varit med som t\u00e4vlande, men i \u00e5r \u00e4r jag med som musiker \u00e5t den unga dansgruppen Gn\u00e5. Gn\u00e5\u00a0\u00e4gnar sig \u00e5t att skapa och framf\u00f6ra folkliga danser [&hellip;]<\/p>\n","protected":false},"author":1,"featured_media":0,"comment_status":"open","ping_status":"closed","sticky":false,"template":"","format":"standard","meta":[],"categories":[34],"tags":[],"_links":{"self":[{"href":"https:\/\/kravallslojd.se\/wordpress\/index.php?rest_route=\/wp\/v2\/posts\/586"}],"collection":[{"href":"https:\/\/kravallslojd.se\/wordpress\/index.php?rest_route=\/wp\/v2\/posts"}],"about":[{"href":"https:\/\/kravallslojd.se\/wordpress\/index.php?rest_route=\/wp\/v2\/types\/post"}],"author":[{"embeddable":true,"href":"https:\/\/kravallslojd.se\/wordpress\/index.php?rest_route=\/wp\/v2\/users\/1"}],"replies":[{"embeddable":true,"href":"https:\/\/kravallslojd.se\/wordpress\/index.php?rest_route=%2Fwp%2Fv2%2Fcomments&post=586"}],"version-history":[{"count":0,"href":"https:\/\/kravallslojd.se\/wordpress\/index.php?rest_route=\/wp\/v2\/posts\/586\/revisions"}],"wp:attachment":[{"href":"https:\/\/kravallslojd.se\/wordpress\/index.php?rest_route=%2Fwp%2Fv2%2Fmedia&parent=586"}],"wp:term":[{"taxonomy":"category","embeddable":true,"href":"https:\/\/kravallslojd.se\/wordpress\/index.php?rest_route=%2Fwp%2Fv2%2Fcategories&post=586"},{"taxonomy":"post_tag","embeddable":true,"href":"https:\/\/kravallslojd.se\/wordpress\/index.php?rest_route=%2Fwp%2Fv2%2Ftags&post=586"}],"curies":[{"name":"wp","href":"https:\/\/api.w.org\/{rel}","templated":true}]}}