{"id":5872,"date":"2011-08-06T21:20:15","date_gmt":"2011-08-06T20:20:15","guid":{"rendered":"http:\/\/kravallslojd.se\/wordpress\/?p=5872"},"modified":"2011-08-06T21:26:31","modified_gmt":"2011-08-06T20:26:31","slug":"lordag-och-planering","status":"publish","type":"post","link":"https:\/\/kravallslojd.se\/wordpress\/?p=5872","title":{"rendered":"L\u00f6rdag och planering"},"content":{"rendered":"<p>En vecka g\u00e5r snabbt. Redan l\u00f6rdag. Ig\u00e5r blev vi bortbjudna till andra sidan sundet p\u00e5 grill, d\u00e4rav inget inl\u00e4gg. Trevligt hade vi. Efterr\u00e4tten var speciellt god. Bl\u00e5b\u00e4rspaj med rivet\u00a0citronskal p\u00e5.\u00a0\u00a0<br \/>\nNjuter fortfarande av &#8221;sommarlov&#8221;. Under h\u00f6st och v\u00e5rtermin undervisar jag en dag i veckan p\u00e5 Blekinge l\u00e4ns folkh\u00f6gskolas textilkurs. Virkning st\u00e5r allt som oftast p\u00e5 schemat. Till h\u00f6sten kommer jag antagligen att undervisa konsteleverna i textil ocks\u00e5. Det blir en sp\u00e4nnande utmaning. Det \u00e4r dags att b\u00f6rja planeringen s\u00e5 sm\u00e5tt.<br \/>\nJust nu st\u00e4ller tv\u00e5 av mina gamla elever ut p\u00e5 Galleri Wachtmeister i Karlskrona. Ett projekt de kallar <em>If tea could fly<\/em>.\u00a0 Origamif\u00e5glar vikta i tep\u00e5sf\u00f6rpackningar. Fantastiskt fint!<br \/>\nNu ska jag ta l\u00f6rdagkv\u00e4ll med film och soffpotatistillverkning. Det \u00e4r inte tillr\u00e4ckligt m\u00e5nga klara inf\u00f6r formex \u00e4nnu&#8230;<\/p>\n<p>\u00a0\n\t\t<style type=\"text\/css\">\n\t\t\t#gallery-1 {\n\t\t\t\tmargin: auto;\n\t\t\t}\n\t\t\t#gallery-1 .gallery-item {\n\t\t\t\tfloat: left;\n\t\t\t\tmargin-top: 10px;\n\t\t\t\ttext-align: center;\n\t\t\t\twidth: 33%;\n\t\t\t}\n\t\t\t#gallery-1 img {\n\t\t\t\tborder: 2px solid #cfcfcf;\n\t\t\t}\n\t\t\t#gallery-1 .gallery-caption {\n\t\t\t\tmargin-left: 0;\n\t\t\t}\n\t\t\t\/* see gallery_shortcode() in wp-includes\/media.php *\/\n\t\t<\/style>\n\t\t<div id='gallery-1' class='gallery galleryid-5872 gallery-columns-3 gallery-size-thumbnail'><dl class='gallery-item'>\n\t\t\t<dt class='gallery-icon portrait'>\n\t\t\t\t<a href=\"https:\/\/kravallslojd.se\/wordpress\/?attachment_id=5884\" ><img width=\"150\" height=\"150\" src=\"https:\/\/kravallslojd.se\/wordpress\/wp-content\/uploads\/2011\/08\/DSC_0430-150x150.jpg\" class=\"attachment-thumbnail size-thumbnail\" alt=\"\" decoding=\"async\" loading=\"lazy\" aria-describedby=\"gallery-1-5884\" \/><\/a>\n\t\t\t<\/dt>\n\t\t\t\t<dd class='wp-caption-text gallery-caption' id='gallery-1-5884'>\n\t\t\t\tIf tea could fly\n\t\t\t\t<\/dd><\/dl><dl class='gallery-item'>\n\t\t\t<dt class='gallery-icon landscape'>\n\t\t\t\t<a href=\"https:\/\/kravallslojd.se\/wordpress\/?attachment_id=5885\" ><img width=\"150\" height=\"150\" src=\"https:\/\/kravallslojd.se\/wordpress\/wp-content\/uploads\/2011\/08\/DSC_0434-150x150.jpg\" class=\"attachment-thumbnail size-thumbnail\" alt=\"\" decoding=\"async\" loading=\"lazy\" aria-describedby=\"gallery-1-5885\" \/><\/a>\n\t\t\t<\/dt>\n\t\t\t\t<dd class='wp-caption-text gallery-caption' id='gallery-1-5885'>\n\t\t\t\tGalleri Wachtmeister\n\t\t\t\t<\/dd><\/dl><dl class='gallery-item'>\n\t\t\t<dt class='gallery-icon landscape'>\n\t\t\t\t<a href=\"https:\/\/kravallslojd.se\/wordpress\/?attachment_id=5886\" ><img width=\"150\" height=\"150\" src=\"https:\/\/kravallslojd.se\/wordpress\/wp-content\/uploads\/2011\/08\/DSC_0439-150x150.jpg\" class=\"attachment-thumbnail size-thumbnail\" alt=\"\" decoding=\"async\" loading=\"lazy\" aria-describedby=\"gallery-1-5886\" \/><\/a>\n\t\t\t<\/dt>\n\t\t\t\t<dd class='wp-caption-text gallery-caption' id='gallery-1-5886'>\n\t\t\t\tHantverksm\u00e4ssigt tillverkad varningsskylt.\n\t\t\t\t<\/dd><\/dl><br style=\"clear: both\" \/>\n\t\t<\/div>\n<\/p>\n","protected":false},"excerpt":{"rendered":"<p>En vecka g\u00e5r snabbt. Redan l\u00f6rdag. Ig\u00e5r blev vi bortbjudna till andra sidan sundet p\u00e5 grill, d\u00e4rav inget inl\u00e4gg. Trevligt hade vi. Efterr\u00e4tten var speciellt god. Bl\u00e5b\u00e4rspaj med rivet\u00a0citronskal p\u00e5.\u00a0\u00a0 Njuter fortfarande av &#8221;sommarlov&#8221;. Under h\u00f6st och v\u00e5rtermin undervisar jag en dag i veckan p\u00e5 Blekinge l\u00e4ns folkh\u00f6gskolas textilkurs. Virkning st\u00e5r allt som oftast p\u00e5 [&hellip;]<\/p>\n","protected":false},"author":169,"featured_media":0,"comment_status":"open","ping_status":"open","sticky":false,"template":"","format":"standard","meta":[],"categories":[658],"tags":[179],"_links":{"self":[{"href":"https:\/\/kravallslojd.se\/wordpress\/index.php?rest_route=\/wp\/v2\/posts\/5872"}],"collection":[{"href":"https:\/\/kravallslojd.se\/wordpress\/index.php?rest_route=\/wp\/v2\/posts"}],"about":[{"href":"https:\/\/kravallslojd.se\/wordpress\/index.php?rest_route=\/wp\/v2\/types\/post"}],"author":[{"embeddable":true,"href":"https:\/\/kravallslojd.se\/wordpress\/index.php?rest_route=\/wp\/v2\/users\/169"}],"replies":[{"embeddable":true,"href":"https:\/\/kravallslojd.se\/wordpress\/index.php?rest_route=%2Fwp%2Fv2%2Fcomments&post=5872"}],"version-history":[{"count":11,"href":"https:\/\/kravallslojd.se\/wordpress\/index.php?rest_route=\/wp\/v2\/posts\/5872\/revisions"}],"predecessor-version":[{"id":5895,"href":"https:\/\/kravallslojd.se\/wordpress\/index.php?rest_route=\/wp\/v2\/posts\/5872\/revisions\/5895"}],"wp:attachment":[{"href":"https:\/\/kravallslojd.se\/wordpress\/index.php?rest_route=%2Fwp%2Fv2%2Fmedia&parent=5872"}],"wp:term":[{"taxonomy":"category","embeddable":true,"href":"https:\/\/kravallslojd.se\/wordpress\/index.php?rest_route=%2Fwp%2Fv2%2Fcategories&post=5872"},{"taxonomy":"post_tag","embeddable":true,"href":"https:\/\/kravallslojd.se\/wordpress\/index.php?rest_route=%2Fwp%2Fv2%2Ftags&post=5872"}],"curies":[{"name":"wp","href":"https:\/\/api.w.org\/{rel}","templated":true}]}}