{"id":5883,"date":"2011-08-07T20:01:46","date_gmt":"2011-08-07T19:01:46","guid":{"rendered":"http:\/\/kravallslojd.se\/wordpress\/?p=5883"},"modified":"2011-08-07T20:05:42","modified_gmt":"2011-08-07T19:05:42","slug":"sondag-regn-och-somnad","status":"publish","type":"post","link":"https:\/\/kravallslojd.se\/wordpress\/?p=5883","title":{"rendered":"S\u00f6ndag, regn och s\u00f6mnad"},"content":{"rendered":"<p>Idag har mitt soffpotatisarbete fortsatt. Perfekt v\u00e4der f\u00f6r atelj\u00e9jobb, regn! Ytterligare tio soffpotatisar p\u00e5 g\u00e5ng. Sen f\u00e5r det nog vara nog, de \u00e4r tillr\u00e4ckligt m\u00e5nga nu f\u00f6r att pryda ena monterv\u00e4ggen p\u00e5 Formex.<br \/>\nHar \u00e4ven planerat lite inf\u00f6r en utst\u00e4llning i Olofstr\u00f6ms konsthall den f\u00f6rsta oktober. Jag tillsammans med fyra andra textilare fr\u00e5n Blekinge kommer att visa v\u00e5r konst. Sp\u00e4nnande.<\/p>\n<p>Det har ocks\u00e5 funnits tid f\u00f6r hallonglass hos f\u00f6r\u00e4ldrarna i eftermiddags, n\u00e4r regnet hade lagt sig.<br \/>\nImorgon v\u00e4ntar styrelsem\u00f6te p\u00e5 KROMA (<a target=\"_blank\" href=\"http:\/\/www.kroblekinge.se\/\" >www.kroblekinge.se<\/a>) KROMA \u00e4r en f\u00f6rkortning av KRO Massmanska. P\u00e5 Kroma presenteras organisationens aktiva konstn\u00e4rer i Blekinge. N\u00e5gra av oss p\u00e5 Kroma kommer att st\u00e4lla ut p\u00e5\u00a0Gr\u00f6nbechs G\u00e5rd, Bornholm med vernissage den 19\/8 (<a target=\"_blank\" href=\"http:\/\/www.groenbechsgaard.dk\/\" >www.groenbechsgaard.dk<\/a>)<\/p>\n<p>Det h\u00e4r blir det sista jag skriver p\u00e5 den h\u00e4r bloggen f\u00f6r nu. Hoppas att ni har funnit mina inl\u00e4gg intressanta och inspirerande. \u00a0Tackar f\u00f6r en fantastiskt rolig vecka h\u00e4r och jag hoppas vi h\u00f6rs snart igen.<br \/>\nVill ni forts\u00e4tta att f\u00f6lja mig finns jag p\u00e5 min blogg <a target=\"_blank\" href=\"http:\/\/www.virkacarina.blogspot.com\" >www.virkacarina.blogspot.com<\/a><\/p>\n<p>Hej d\u00e5!<br \/>\nB\u00e4sta h\u00e4lsningar Carina<\/p>\n<p>\n\t\t<style type=\"text\/css\">\n\t\t\t#gallery-1 {\n\t\t\t\tmargin: auto;\n\t\t\t}\n\t\t\t#gallery-1 .gallery-item {\n\t\t\t\tfloat: left;\n\t\t\t\tmargin-top: 10px;\n\t\t\t\ttext-align: center;\n\t\t\t\twidth: 33%;\n\t\t\t}\n\t\t\t#gallery-1 img {\n\t\t\t\tborder: 2px solid #cfcfcf;\n\t\t\t}\n\t\t\t#gallery-1 .gallery-caption {\n\t\t\t\tmargin-left: 0;\n\t\t\t}\n\t\t\t\/* see gallery_shortcode() in wp-includes\/media.php *\/\n\t\t<\/style>\n\t\t<div id='gallery-1' class='gallery galleryid-5883 gallery-columns-3 gallery-size-thumbnail'><dl class='gallery-item'>\n\t\t\t<dt class='gallery-icon portrait'>\n\t\t\t\t<a href=\"https:\/\/kravallslojd.se\/wordpress\/?attachment_id=5899\" ><img width=\"150\" height=\"150\" src=\"https:\/\/kravallslojd.se\/wordpress\/wp-content\/uploads\/2011\/08\/IMG_3142-150x150.jpg\" class=\"attachment-thumbnail size-thumbnail\" alt=\"\" decoding=\"async\" loading=\"lazy\" aria-describedby=\"gallery-1-5899\" \/><\/a>\n\t\t\t<\/dt>\n\t\t\t\t<dd class='wp-caption-text gallery-caption' id='gallery-1-5899'>\n\t\t\t\tH\u00e4lsning fr\u00e5n Karlskrona\n\t\t\t\t<\/dd><\/dl><dl class='gallery-item'>\n\t\t\t<dt class='gallery-icon landscape'>\n\t\t\t\t<a href=\"https:\/\/kravallslojd.se\/wordpress\/?attachment_id=5900\" ><img width=\"150\" height=\"150\" src=\"https:\/\/kravallslojd.se\/wordpress\/wp-content\/uploads\/2011\/08\/fr\u00e4cka-tanter-150x150.jpg\" class=\"attachment-thumbnail size-thumbnail\" alt=\"\" decoding=\"async\" loading=\"lazy\" aria-describedby=\"gallery-1-5900\" \/><\/a>\n\t\t\t<\/dt>\n\t\t\t\t<dd class='wp-caption-text gallery-caption' id='gallery-1-5900'>\n\t\t\t\tFr\u00e4cka tanter gillar torra sm\u00e5kakor\n\t\t\t\t<\/dd><\/dl><dl class='gallery-item'>\n\t\t\t<dt class='gallery-icon landscape'>\n\t\t\t\t<a href=\"https:\/\/kravallslojd.se\/wordpress\/?attachment_id=5901\" ><img width=\"150\" height=\"150\" src=\"https:\/\/kravallslojd.se\/wordpress\/wp-content\/uploads\/2011\/08\/IMG_6587-150x150.jpg\" class=\"attachment-thumbnail size-thumbnail\" alt=\"\" decoding=\"async\" loading=\"lazy\" aria-describedby=\"gallery-1-5901\" \/><\/a>\n\t\t\t<\/dt>\n\t\t\t\t<dd class='wp-caption-text gallery-caption' id='gallery-1-5901'>\n\t\t\t\tBomb\n\t\t\t\t<\/dd><\/dl><br style=\"clear: both\" \/>\n\t\t<\/div>\n<\/p>\n<p>&nbsp;<\/p>\n<p><span style=\"font-family: Trebuchet MS;font-size: x-small\"><span style=\"font-family: Trebuchet MS;font-size: x-small\"><br \/>\n<\/span><\/span><\/p>\n","protected":false},"excerpt":{"rendered":"<p>Idag har mitt soffpotatisarbete fortsatt. Perfekt v\u00e4der f\u00f6r atelj\u00e9jobb, regn! Ytterligare tio soffpotatisar p\u00e5 g\u00e5ng. Sen f\u00e5r det nog vara nog, de \u00e4r tillr\u00e4ckligt m\u00e5nga nu f\u00f6r att pryda ena monterv\u00e4ggen p\u00e5 Formex. Har \u00e4ven planerat lite inf\u00f6r en utst\u00e4llning i Olofstr\u00f6ms konsthall den f\u00f6rsta oktober. Jag tillsammans med fyra andra textilare fr\u00e5n Blekinge kommer [&hellip;]<\/p>\n","protected":false},"author":169,"featured_media":0,"comment_status":"open","ping_status":"open","sticky":false,"template":"","format":"standard","meta":[],"categories":[658],"tags":[664],"_links":{"self":[{"href":"https:\/\/kravallslojd.se\/wordpress\/index.php?rest_route=\/wp\/v2\/posts\/5883"}],"collection":[{"href":"https:\/\/kravallslojd.se\/wordpress\/index.php?rest_route=\/wp\/v2\/posts"}],"about":[{"href":"https:\/\/kravallslojd.se\/wordpress\/index.php?rest_route=\/wp\/v2\/types\/post"}],"author":[{"embeddable":true,"href":"https:\/\/kravallslojd.se\/wordpress\/index.php?rest_route=\/wp\/v2\/users\/169"}],"replies":[{"embeddable":true,"href":"https:\/\/kravallslojd.se\/wordpress\/index.php?rest_route=%2Fwp%2Fv2%2Fcomments&post=5883"}],"version-history":[{"count":5,"href":"https:\/\/kravallslojd.se\/wordpress\/index.php?rest_route=\/wp\/v2\/posts\/5883\/revisions"}],"predecessor-version":[{"id":5903,"href":"https:\/\/kravallslojd.se\/wordpress\/index.php?rest_route=\/wp\/v2\/posts\/5883\/revisions\/5903"}],"wp:attachment":[{"href":"https:\/\/kravallslojd.se\/wordpress\/index.php?rest_route=%2Fwp%2Fv2%2Fmedia&parent=5883"}],"wp:term":[{"taxonomy":"category","embeddable":true,"href":"https:\/\/kravallslojd.se\/wordpress\/index.php?rest_route=%2Fwp%2Fv2%2Fcategories&post=5883"},{"taxonomy":"post_tag","embeddable":true,"href":"https:\/\/kravallslojd.se\/wordpress\/index.php?rest_route=%2Fwp%2Fv2%2Ftags&post=5883"}],"curies":[{"name":"wp","href":"https:\/\/api.w.org\/{rel}","templated":true}]}}