{"id":589,"date":"2008-08-12T00:52:57","date_gmt":"2008-08-11T22:52:57","guid":{"rendered":"http:\/\/kravallslojd.se\/bloggen\/?p=767"},"modified":"2008-08-12T00:52:57","modified_gmt":"2008-08-11T22:52:57","slug":"slojdens-uttryck","status":"publish","type":"post","link":"https:\/\/kravallslojd.se\/wordpress\/?p=589","title":{"rendered":"Sl\u00f6jdens uttryck"},"content":{"rendered":"<p>Det \u00e4r inte s\u00e5 enkelt med sl\u00f6jdens uttryck, sl\u00f6jdk\u00e4nslan eller ens sl\u00f6jdkvalitet! Och vem \u00e4r det som avg\u00f6r vad som \u00e4r bra, nytt eller kul?\u00a0Jag efterlyser samtida sl\u00f6jd som bygger p\u00e5 erfarenhet och kunskap fr\u00e5n den tid d\u00e5 sl\u00f6jden var en sj\u00e4lvklar del av livet.\u00a0En st\u00e4ndig k\u00e4lla till inspiration f\u00f6r sl\u00f6jden tycker jag \u00e4r den folkliga dr\u00e4kten till vardag och fest. Detta g\u00e4ller f\u00f6r b\u00e5de h\u00e5rdsl\u00f6jd och f\u00f6r textilsl\u00f6jd. Det \u00e4r en utmaning att g\u00f6ra sl\u00f6jden samtida och angel\u00e4gen!\u00a0H\u00e5ller med om att det beh\u00f6vs fler st\u00e4llen att se och k\u00f6pa sl\u00f6jd, g\u00e4rna i butiksform.\u00a0<\/p>\n<p>Har ni f\u00f6rresten sett filmen 4<em> m\u00e5nader, 3 veckor och 2 dagar? <\/em>En fin film som \u00e4r som ett \u00f6stligt svar p\u00e5 <em>Juno.<\/em><\/p>\n<\/p>\n<p><em><img decoding=\"async\" src=\"http:\/\/kravallslojd.se\/bloggen\/wp-content\/uploads\/2008\/08\/inspiration.jpg\" alt=\"inspiration.jpg\" \/><\/em><\/p>\n<p><em>\u00a0<\/p>\n<p><\/em><em>R\u00e4ttvik -92, Slovakien -93, Dala Floda -97,\u00a0Ryssland -06<\/p>\n<p><\/em><\/p>\n","protected":false},"excerpt":{"rendered":"<p>Det \u00e4r inte s\u00e5 enkelt med sl\u00f6jdens uttryck, sl\u00f6jdk\u00e4nslan eller ens sl\u00f6jdkvalitet! Och vem \u00e4r det som avg\u00f6r vad som \u00e4r bra, nytt eller kul?\u00a0Jag efterlyser samtida sl\u00f6jd som bygger p\u00e5 erfarenhet och kunskap fr\u00e5n den tid d\u00e5 sl\u00f6jden var en sj\u00e4lvklar del av livet.\u00a0En st\u00e4ndig k\u00e4lla till inspiration f\u00f6r sl\u00f6jden tycker jag \u00e4r den [&hellip;]<\/p>\n","protected":false},"author":9,"featured_media":0,"comment_status":"open","ping_status":"closed","sticky":false,"template":"","format":"standard","meta":[],"categories":[47],"tags":[],"_links":{"self":[{"href":"https:\/\/kravallslojd.se\/wordpress\/index.php?rest_route=\/wp\/v2\/posts\/589"}],"collection":[{"href":"https:\/\/kravallslojd.se\/wordpress\/index.php?rest_route=\/wp\/v2\/posts"}],"about":[{"href":"https:\/\/kravallslojd.se\/wordpress\/index.php?rest_route=\/wp\/v2\/types\/post"}],"author":[{"embeddable":true,"href":"https:\/\/kravallslojd.se\/wordpress\/index.php?rest_route=\/wp\/v2\/users\/9"}],"replies":[{"embeddable":true,"href":"https:\/\/kravallslojd.se\/wordpress\/index.php?rest_route=%2Fwp%2Fv2%2Fcomments&post=589"}],"version-history":[{"count":0,"href":"https:\/\/kravallslojd.se\/wordpress\/index.php?rest_route=\/wp\/v2\/posts\/589\/revisions"}],"wp:attachment":[{"href":"https:\/\/kravallslojd.se\/wordpress\/index.php?rest_route=%2Fwp%2Fv2%2Fmedia&parent=589"}],"wp:term":[{"taxonomy":"category","embeddable":true,"href":"https:\/\/kravallslojd.se\/wordpress\/index.php?rest_route=%2Fwp%2Fv2%2Fcategories&post=589"},{"taxonomy":"post_tag","embeddable":true,"href":"https:\/\/kravallslojd.se\/wordpress\/index.php?rest_route=%2Fwp%2Fv2%2Ftags&post=589"}],"curies":[{"name":"wp","href":"https:\/\/api.w.org\/{rel}","templated":true}]}}