{"id":591,"date":"2008-08-14T19:27:59","date_gmt":"2008-08-14T17:27:59","guid":{"rendered":"http:\/\/kravallslojd.se\/bloggen\/?p=772"},"modified":"2008-08-14T19:27:59","modified_gmt":"2008-08-14T17:27:59","slug":"slojdperspektiv","status":"publish","type":"post","link":"https:\/\/kravallslojd.se\/wordpress\/?p=591","title":{"rendered":"Sl\u00f6jdperspektiv"},"content":{"rendered":"<p>Jag t\u00e4nker att man kan se sl\u00f6jden ur flera olika perspektiv.\u00a0<\/p>\n<p>Ur ett:<\/p>\n<p><font face=\"Times New Roman\">&#8211;\u00a0\u00a0\u00a0\u00a0\u00a0\u00a0\u00a0\u00a0 <\/font><em>N\u00e4rings<\/em>perspektiv, d\u00e5 menar jag att sl\u00f6jden skall ge inkomst till den som \u00e4r ut\u00f6vare. Detta \u00e4r f\u00f6ruts\u00e4ttningen f\u00f6r sl\u00f6jdens och sl\u00f6jdarnas \u00f6verlevnad. Det \u00e4r ocks\u00e5 f\u00f6ruts\u00e4ttningen f\u00f6r sl\u00f6jdens utveckling, s\u00e5 som jag ser det.<\/p>\n<p><font face=\"Times New Roman\">&#8211;\u00a0\u00a0\u00a0\u00a0\u00a0\u00a0\u00a0\u00a0 <\/font><em>Socialt<\/em> perspektiv, det \u00e4r n\u00e4r man tr\u00e4ffar goda v\u00e4nner och glada kamrater och sl\u00f6jdar och umg\u00e5s p\u00e5 samma g\u00e5ng. Det \u00e4r ocks\u00e5 h\u00e4r som de ideella hemsl\u00f6jdsf\u00f6reningarna fyller en stor och viktig funktion.<\/p>\n<p><font face=\"Times New Roman\">&#8211;\u00a0\u00a0\u00a0\u00a0\u00a0\u00a0\u00a0\u00a0 <\/font><em>H\u00e4lso<\/em>perspektiv, den d\u00e4r feel good k\u00e4nslan d\u00e4r man blir introvert och k\u00e4nner sig v\u00e4ldigt kreativ.<\/p>\n<p><font face=\"Times New Roman\">&#8211;\u00a0\u00a0\u00a0\u00a0\u00a0\u00a0\u00a0\u00a0 <\/font><em>Kulturellt<\/em> perspektiv, d\u00e4r sl\u00f6jdens kulturella v\u00e4rden tas till vara och anv\u00e4nds p\u00e5 ett positivt och viktigt s\u00e4tt.\u00a0<\/p>\n<p><font face=\"Arial\">Det finns naturligtvis fler s\u00e4tt att betrakta sl\u00f6jden p\u00e5. Just nu beh\u00f6ver vi alla fundera \u00f6ver och ords\u00e4tta vad som menas n\u00e4r vi tar f\u00f6r givet att sl\u00f6jden bidrar till ett h\u00e5llbart samh\u00e4lle och att sl\u00f6jden \u00e4r r\u00e4tt ur milj\u00f6synpunkt. <\/font><\/p>\n<p>\u00a0Detta f\u00e5r mig att t\u00e4nka p\u00e5 filmen <em>Vem \u00e4lskar Yngve Frej? <\/em>fr\u00e5n 1973, d\u00e4r trasmattorna st\u00e4lls mot plastmattorna.<\/p>\n","protected":false},"excerpt":{"rendered":"<p>Jag t\u00e4nker att man kan se sl\u00f6jden ur flera olika perspektiv.\u00a0 Ur ett: &#8211;\u00a0\u00a0\u00a0\u00a0\u00a0\u00a0\u00a0\u00a0 N\u00e4ringsperspektiv, d\u00e5 menar jag att sl\u00f6jden skall ge inkomst till den som \u00e4r ut\u00f6vare. Detta \u00e4r f\u00f6ruts\u00e4ttningen f\u00f6r sl\u00f6jdens och sl\u00f6jdarnas \u00f6verlevnad. Det \u00e4r ocks\u00e5 f\u00f6ruts\u00e4ttningen f\u00f6r sl\u00f6jdens utveckling, s\u00e5 som jag ser det. &#8211;\u00a0\u00a0\u00a0\u00a0\u00a0\u00a0\u00a0\u00a0 Socialt perspektiv, det \u00e4r n\u00e4r man [&hellip;]<\/p>\n","protected":false},"author":9,"featured_media":0,"comment_status":"open","ping_status":"closed","sticky":false,"template":"","format":"standard","meta":[],"categories":[47],"tags":[],"_links":{"self":[{"href":"https:\/\/kravallslojd.se\/wordpress\/index.php?rest_route=\/wp\/v2\/posts\/591"}],"collection":[{"href":"https:\/\/kravallslojd.se\/wordpress\/index.php?rest_route=\/wp\/v2\/posts"}],"about":[{"href":"https:\/\/kravallslojd.se\/wordpress\/index.php?rest_route=\/wp\/v2\/types\/post"}],"author":[{"embeddable":true,"href":"https:\/\/kravallslojd.se\/wordpress\/index.php?rest_route=\/wp\/v2\/users\/9"}],"replies":[{"embeddable":true,"href":"https:\/\/kravallslojd.se\/wordpress\/index.php?rest_route=%2Fwp%2Fv2%2Fcomments&post=591"}],"version-history":[{"count":0,"href":"https:\/\/kravallslojd.se\/wordpress\/index.php?rest_route=\/wp\/v2\/posts\/591\/revisions"}],"wp:attachment":[{"href":"https:\/\/kravallslojd.se\/wordpress\/index.php?rest_route=%2Fwp%2Fv2%2Fmedia&parent=591"}],"wp:term":[{"taxonomy":"category","embeddable":true,"href":"https:\/\/kravallslojd.se\/wordpress\/index.php?rest_route=%2Fwp%2Fv2%2Fcategories&post=591"},{"taxonomy":"post_tag","embeddable":true,"href":"https:\/\/kravallslojd.se\/wordpress\/index.php?rest_route=%2Fwp%2Fv2%2Ftags&post=591"}],"curies":[{"name":"wp","href":"https:\/\/api.w.org\/{rel}","templated":true}]}}