{"id":592,"date":"2008-08-15T08:57:48","date_gmt":"2008-08-15T06:57:48","guid":{"rendered":"http:\/\/kravallslojd.se\/bloggen\/?p=776"},"modified":"2008-08-15T08:57:48","modified_gmt":"2008-08-15T06:57:48","slug":"kravallslojd","status":"publish","type":"post","link":"https:\/\/kravallslojd.se\/wordpress\/?p=592","title":{"rendered":"Kravallsl\u00f6jd"},"content":{"rendered":"<p>I dag fredag reser jag till Arbr\u00e5 f\u00f6r att delta p\u00e5 hemsl\u00f6jdsf\u00f6reningens 100-\u00e5rs fest. Detta f\u00e5r mig att t\u00e4nka p\u00e5 f\u00f6ljande citat:<em><font face=\"Times New Roman\">\u00a0<\/font><\/em><em>Under en resa till G\u00e4vle 1981 var tidningen Schlager med i en av Black Armybussarna och intervjuade fans. Minns d\u00e5 hur Medel tog till orda. &#8221;Ifall vi ska d\u00f6pas om f\u00f6resl\u00e5r jag Solna Hemsl\u00f6jdsf\u00f6rening. T\u00e4nk er rubrikerna: Solna Hemsl\u00f6jdsf\u00f6rening i vilda kravaller i G\u00e4vle!&#8221; Ett obetalbart citat.<\/em><strong>Mattias Lundqvist<\/strong><br \/>\n2002-10-29 \u00a0<\/p>\n<p>F\u00e5r se om det blir n\u00e5gra kravaller eller n\u00e5got annat som leder till rubriker. \u00c5terkommer p\u00e5 s\u00f6ndag.<\/p>\n<p><img decoding=\"async\" src=\"http:\/\/kravallslojd.se\/bloggen\/wp-content\/uploads\/2008\/08\/logo_huvud1.jpg\" alt=\"logo_huvud1.jpg\" \/><img decoding=\"async\" src=\"http:\/\/kravallslojd.se\/bloggen\/wp-content\/uploads\/2008\/08\/gnagaremeny.jpg\" alt=\"gnagaremeny.jpg\" \/><\/p>\n","protected":false},"excerpt":{"rendered":"<p>I dag fredag reser jag till Arbr\u00e5 f\u00f6r att delta p\u00e5 hemsl\u00f6jdsf\u00f6reningens 100-\u00e5rs fest. Detta f\u00e5r mig att t\u00e4nka p\u00e5 f\u00f6ljande citat:\u00a0Under en resa till G\u00e4vle 1981 var tidningen Schlager med i en av Black Armybussarna och intervjuade fans. Minns d\u00e5 hur Medel tog till orda. &#8221;Ifall vi ska d\u00f6pas om f\u00f6resl\u00e5r jag Solna Hemsl\u00f6jdsf\u00f6rening. [&hellip;]<\/p>\n","protected":false},"author":9,"featured_media":0,"comment_status":"open","ping_status":"closed","sticky":false,"template":"","format":"standard","meta":[],"categories":[47],"tags":[],"_links":{"self":[{"href":"https:\/\/kravallslojd.se\/wordpress\/index.php?rest_route=\/wp\/v2\/posts\/592"}],"collection":[{"href":"https:\/\/kravallslojd.se\/wordpress\/index.php?rest_route=\/wp\/v2\/posts"}],"about":[{"href":"https:\/\/kravallslojd.se\/wordpress\/index.php?rest_route=\/wp\/v2\/types\/post"}],"author":[{"embeddable":true,"href":"https:\/\/kravallslojd.se\/wordpress\/index.php?rest_route=\/wp\/v2\/users\/9"}],"replies":[{"embeddable":true,"href":"https:\/\/kravallslojd.se\/wordpress\/index.php?rest_route=%2Fwp%2Fv2%2Fcomments&post=592"}],"version-history":[{"count":0,"href":"https:\/\/kravallslojd.se\/wordpress\/index.php?rest_route=\/wp\/v2\/posts\/592\/revisions"}],"wp:attachment":[{"href":"https:\/\/kravallslojd.se\/wordpress\/index.php?rest_route=%2Fwp%2Fv2%2Fmedia&parent=592"}],"wp:term":[{"taxonomy":"category","embeddable":true,"href":"https:\/\/kravallslojd.se\/wordpress\/index.php?rest_route=%2Fwp%2Fv2%2Fcategories&post=592"},{"taxonomy":"post_tag","embeddable":true,"href":"https:\/\/kravallslojd.se\/wordpress\/index.php?rest_route=%2Fwp%2Fv2%2Ftags&post=592"}],"curies":[{"name":"wp","href":"https:\/\/api.w.org\/{rel}","templated":true}]}}