{"id":60,"date":"2007-05-07T18:55:07","date_gmt":"2007-05-07T16:55:07","guid":{"rendered":"http:\/\/kravallslojd.se\/bloggen\/?p=87"},"modified":"2007-05-07T18:55:07","modified_gmt":"2007-05-07T16:55:07","slug":"varen","status":"publish","type":"post","link":"https:\/\/kravallslojd.se\/wordpress\/?p=60","title":{"rendered":"V\u00e5ren!"},"content":{"rendered":"<p>Nu s\u00e4tter allt fart, inspirationen b\u00f6ljar \u00f6ver mig och det b\u00e4sta jag kan g\u00f6r \u00e4r att f\u00f6lja med str\u00f6mmen.<\/p>\n<p>N\u00e4r det blir ljusare f\u00e5r jag mer ork och med orken kommer skaparlusten!<\/p>\n<p>I helgen har jag betat av d\u00e5liga samveten som legat p\u00e5 h\u00f6g och samlat damm! S\u00e5 sk\u00f6nt!<\/p>\n<p>Nu har jag en till jacka, \u00e4nnu ett par byxor, en m\u00f6ssa kommer n\u00e4rmare sitt fullbordande och mattan \u00e4r f\u00e4rdig att p\u00e5b\u00f6rja. Vet ni hur dammigt det blir av att repa mattrasor?!<\/p>\n<p>Hyllorna gapar tomma och kan snart plockas ner och g\u00f6ra plats f\u00f6r en soffa.<\/p>\n<p>F\u00f6r n\u00e5gra veckor sedan var en tjej p\u00e5 bes\u00f6k och hon vart s\u00e5 inspirerad av min v\u00e4vstol att hon best\u00e4mde sig f\u00f6r att s\u00e4tta upp sin. Det f\u00f6rst\u00e5s, d\u00e5 fick hon sl\u00e4nga ut soffan. Typiskt! Men den kan ju jag ta! Jag har plats f\u00f6r den samtidigt som v\u00e4vstolen! Jag agerar foderv\u00e4rd medan hon v\u00e4ver hemma hos sig!<\/p>\n<p>N\u00e4r m\u00f6ssan \u00e4r f\u00e4rdig tar jag restgarnerna och stickar sockar till fj\u00e4llvandringen efter midsommar!<\/p>\n<p>Ett par till byxor \u00e4r p\u00e5 g\u00e5ng ocks\u00e5, jag har velat g\u00f6ra dem l\u00e4nge och nu har jag kommit till den platsen i k\u00f6n. \u00c4ntligen!<\/p>\n","protected":false},"excerpt":{"rendered":"<p>Nu s\u00e4tter allt fart, inspirationen b\u00f6ljar \u00f6ver mig och det b\u00e4sta jag kan g\u00f6r \u00e4r att f\u00f6lja med str\u00f6mmen. N\u00e4r det blir ljusare f\u00e5r jag mer ork och med orken kommer skaparlusten! I helgen har jag betat av d\u00e5liga samveten som legat p\u00e5 h\u00f6g och samlat damm! S\u00e5 sk\u00f6nt! Nu har jag en till jacka, [&hellip;]<\/p>\n","protected":false},"author":12,"featured_media":0,"comment_status":"open","ping_status":"closed","sticky":false,"template":"","format":"standard","meta":[],"categories":[70],"tags":[],"_links":{"self":[{"href":"https:\/\/kravallslojd.se\/wordpress\/index.php?rest_route=\/wp\/v2\/posts\/60"}],"collection":[{"href":"https:\/\/kravallslojd.se\/wordpress\/index.php?rest_route=\/wp\/v2\/posts"}],"about":[{"href":"https:\/\/kravallslojd.se\/wordpress\/index.php?rest_route=\/wp\/v2\/types\/post"}],"author":[{"embeddable":true,"href":"https:\/\/kravallslojd.se\/wordpress\/index.php?rest_route=\/wp\/v2\/users\/12"}],"replies":[{"embeddable":true,"href":"https:\/\/kravallslojd.se\/wordpress\/index.php?rest_route=%2Fwp%2Fv2%2Fcomments&post=60"}],"version-history":[{"count":0,"href":"https:\/\/kravallslojd.se\/wordpress\/index.php?rest_route=\/wp\/v2\/posts\/60\/revisions"}],"wp:attachment":[{"href":"https:\/\/kravallslojd.se\/wordpress\/index.php?rest_route=%2Fwp%2Fv2%2Fmedia&parent=60"}],"wp:term":[{"taxonomy":"category","embeddable":true,"href":"https:\/\/kravallslojd.se\/wordpress\/index.php?rest_route=%2Fwp%2Fv2%2Fcategories&post=60"},{"taxonomy":"post_tag","embeddable":true,"href":"https:\/\/kravallslojd.se\/wordpress\/index.php?rest_route=%2Fwp%2Fv2%2Ftags&post=60"}],"curies":[{"name":"wp","href":"https:\/\/api.w.org\/{rel}","templated":true}]}}