{"id":602,"date":"2008-09-01T12:17:21","date_gmt":"2008-09-01T10:17:21","guid":{"rendered":"http:\/\/kravallslojd.se\/bloggen\/?p=788"},"modified":"2008-09-01T12:17:21","modified_gmt":"2008-09-01T10:17:21","slug":"min-sommar-min-host","status":"publish","type":"post","link":"https:\/\/kravallslojd.se\/wordpress\/?p=602","title":{"rendered":"Min sommar, min h\u00f6st"},"content":{"rendered":"<p><!--[if gte mso 9]&amp;gt;     Normal   0   21         false   false   false                             MicrosoftInternetExplorer4   --><!--[if gte mso 9]&amp;gt;     --> <!--  \/* Style Definitions *\/  p.MsoNormal, li.MsoNormal, div.MsoNormal \t{mso-style-parent:\"\"; \tmargin:0cm; \tmargin-bottom:.0001pt; \tmso-pagination:widow-orphan; \tfont-size:12.0pt; \tfont-family:\"Times New Roman\"; \tmso-fareast-font-family:\"Times New Roman\";} @page Section1 \t{size:595.3pt 841.9pt; \tmargin:70.85pt 70.85pt 70.85pt 70.85pt; \tmso-header-margin:35.4pt; \tmso-footer-margin:35.4pt; \tmso-paper-source:0;} div.Section1 \t{page:Section1;} --> <!--[if gte mso 10]&amp;gt;   \/* Style Definitions *\/  table.MsoNormalTable \t{mso-style-name:\"Normal tabell\"; \tmso-tstyle-rowband-size:0; \tmso-tstyle-colband-size:0; \tmso-style-noshow:yes; \tmso-style-parent:\"\"; \tmso-padding-alt:0cm 5.4pt 0cm 5.4pt; \tmso-para-margin:0cm; \tmso-para-margin-bottom:.0001pt; \tmso-pagination:widow-orphan; \tfont-size:10.0pt; \tfont-family:\"Times New Roman\"; \tmso-ansi-language:#0400; \tmso-fareast-language:#0400; \tmso-bidi-language:#0400;}  --><\/p>\n<p>Hej!<\/p>\n<p>T\u00e4nkte b\u00f6rja ber\u00e4tta lite om vad jag g\u00f6r just nu och vad jag gjort i sommar.<\/p>\n<p>K\u00e4nns lite sp\u00e4nnande med f\u00f6rsta inl\u00e4gget. Passande nog \u00e4r jag ledig idag och har gott om tid p\u00e5 mig att skriva.<\/p>\n<p>Min klass har blivit uppdelade i tre olika seminariegrupper och i varje grupp s\u00e5 \u00e4r vi uppdelade i olika \u201dboxar\u201d: utst\u00e4llning, video eller audio (ljud). Jag har hamnat dels i seminariegruppen som fokuserar p\u00e5 hur kulturer och globalisering p\u00e5verkar varandra och sedan i utst\u00e4llningsboxen. S\u00e5 det kan ju bli hur intressant som helst. Till senaste seminariet skulle vi bland annat l\u00e4sa p\u00e5 om hur hand-v\u00e4vningen i Indien p\u00e5verkats av fabrikernas uppsving. Ena boken vi l\u00e4ser i \u00e4r faktiskt riktigt intressant Creative Destruction \u2013 How Globalization Is Changing the World\u2019s Cultures av Tyler Cowen. F\u00f6r mig som precis har b\u00f6rjat l\u00e4sa om globalisering \u00e4r det dock sv\u00e5rt att ta st\u00e4llning. Cowen menar att globaliseringen gynnar de olika kulturerna medan andra menar att kulturerna blandas, f\u00f6rsvinner, minskar. Det \u00e4r s\u00e5 mycket mer komplicerat \u00e4n vad jag trodde fr\u00e5n b\u00f6rjan och vi har m\u00e5nga perspektiv kvar att l\u00e4sa oss om.<\/p>\n<p>Det var lite av vad jag sysslar med just nu, p\u00e5 heltid. Jag g\u00e5r andra \u00e5ret p\u00e5 utbildningen nu och f\u00f6rsta \u00e5ret fick vi pr\u00f6va p\u00e5 en del olika saker. Bland annat g\u00f6ra ett kort radioprogram, g\u00f6ra en musikvideo, ordna en mindre utst\u00e4llning, skriva en hel del uppsats. Vi jobbar hela tiden med projekt och grupparbeten, med f\u00e5 undantag, p\u00e5 s\u00e5 s\u00e4tt blir det aldrig n\u00e5gra tentor vilket \u00e4r extremt sk\u00f6nt. Jag har inga tenta-nerver alls!<\/p>\n<p>Som ni kan l\u00e4sa blir det inget sl\u00f6jdande i skolan. Det f\u00e5r jag sk\u00f6ta p\u00e5 fritiden i st\u00e4llet. Den h\u00e4r sommaren passade jag verkligen p\u00e5 att vara kreativ! Jag gissar att det kommer bli likadant n\u00e4sta sommar ocks\u00e5. Jag gick tv\u00e5 sommarkurser. Den ena kommer ni att kunna l\u00e4sa om p\u00e5 kravallsl\u00f6jd senare. Den andra heter Visuell gestaltning och samtida konst. Den kursen inneh\u00f6ll m\u00e5nga diskussioner om konst, en film\u00f6vning, m\u00e5lning, foto m.m. och vi avslutade med en utst\u00e4llning. Den kursen var v\u00e4ldigt givande f\u00f6r mig f\u00f6r att jag dels gjorde n\u00e5gonting st\u00f6rre \u00e4n vad jag brukar, dels abstrakt och \u00e4ven interaktiv. Jag hade en stor golfmatta och tv\u00e5 tavlor med kardborreband p\u00e5, sen massa tylltyg med kardborreband p\u00e5sydda h\u00e4r och d\u00e4r. P\u00e5 s\u00e5 s\u00e4tt kunde bes\u00f6karna genom att f\u00e4sta och f\u00f6r\u00e4ndra tygets former p\u00e5 olika s\u00e4tt skapa n\u00e5got eget abstrakt! Det var riktigt kul f\u00f6r mig att se hur m\u00e5nga som deltog. Sj\u00e4lv \u00e4r jag lite feg n\u00e4r det g\u00e4ller interaktiva verk! Jag har lagt upp en bildspel p\u00e5 detta i min blogg om n\u00e5gon vill se mer.<\/p>\n<p>Min blogg, f\u00f6resten, \u00e4r ocks\u00e5 nystartad! Funderat l\u00e4nge p\u00e5 att b\u00f6rja en pyssel\/konst blogg och i maj tog jag \u00e4ntligen tag i det. Det har nog ocks\u00e5 hj\u00e4lp min kreativitet en del. Jag tycker dessutom att det \u00e4r j\u00e4tte kul att f\u00e5 inspiration fr\u00e5n andra (och deras bloggar) s\u00e5 f\u00f6rhoppningsvis lyckas jag inspirera genom min blogg!<\/p>\n<p>Nu ska jag dricka kaffe och sedan ska jag och min sambo iv\u00e4g f\u00f6r att storhandla mat! (Och bobiner till min symaskin \u2013 jag har bara tv\u00e5! S\u00e5 ska bli sk\u00f6nt att ha lite flera \u00e4n bara svart och vitt\u2026och att slippa spola \u00f6ver dom).<\/p>\n<p>Hoppas ni har en bra start p\u00e5 veckan!<\/p>\n<p>\/Amanda<\/p>\n","protected":false},"excerpt":{"rendered":"<p>Hej! T\u00e4nkte b\u00f6rja ber\u00e4tta lite om vad jag g\u00f6r just nu och vad jag gjort i sommar. K\u00e4nns lite sp\u00e4nnande med f\u00f6rsta inl\u00e4gget. Passande nog \u00e4r jag ledig idag och har gott om tid p\u00e5 mig att skriva. Min klass har blivit uppdelade i tre olika seminariegrupper och i varje grupp s\u00e5 \u00e4r vi uppdelade [&hellip;]<\/p>\n","protected":false},"author":1,"featured_media":0,"comment_status":"open","ping_status":"closed","sticky":false,"template":"","format":"standard","meta":[],"categories":[6],"tags":[],"_links":{"self":[{"href":"https:\/\/kravallslojd.se\/wordpress\/index.php?rest_route=\/wp\/v2\/posts\/602"}],"collection":[{"href":"https:\/\/kravallslojd.se\/wordpress\/index.php?rest_route=\/wp\/v2\/posts"}],"about":[{"href":"https:\/\/kravallslojd.se\/wordpress\/index.php?rest_route=\/wp\/v2\/types\/post"}],"author":[{"embeddable":true,"href":"https:\/\/kravallslojd.se\/wordpress\/index.php?rest_route=\/wp\/v2\/users\/1"}],"replies":[{"embeddable":true,"href":"https:\/\/kravallslojd.se\/wordpress\/index.php?rest_route=%2Fwp%2Fv2%2Fcomments&post=602"}],"version-history":[{"count":0,"href":"https:\/\/kravallslojd.se\/wordpress\/index.php?rest_route=\/wp\/v2\/posts\/602\/revisions"}],"wp:attachment":[{"href":"https:\/\/kravallslojd.se\/wordpress\/index.php?rest_route=%2Fwp%2Fv2%2Fmedia&parent=602"}],"wp:term":[{"taxonomy":"category","embeddable":true,"href":"https:\/\/kravallslojd.se\/wordpress\/index.php?rest_route=%2Fwp%2Fv2%2Fcategories&post=602"},{"taxonomy":"post_tag","embeddable":true,"href":"https:\/\/kravallslojd.se\/wordpress\/index.php?rest_route=%2Fwp%2Fv2%2Ftags&post=602"}],"curies":[{"name":"wp","href":"https:\/\/api.w.org\/{rel}","templated":true}]}}