{"id":603,"date":"2008-09-02T20:38:04","date_gmt":"2008-09-02T18:38:04","guid":{"rendered":"http:\/\/kravallslojd.se\/bloggen\/?p=790"},"modified":"2008-09-02T20:38:04","modified_gmt":"2008-09-02T18:38:04","slug":"lavendel","status":"publish","type":"post","link":"https:\/\/kravallslojd.se\/wordpress\/?p=603","title":{"rendered":"Lavendel"},"content":{"rendered":"<p><!--[if gte mso 9]&amp;gt;     Normal   0   21         false   false   false                             MicrosoftInternetExplorer4   --><!--[if gte mso 9]&amp;gt;     --> <!--  \/* Style Definitions *\/  p.MsoNormal, li.MsoNormal, div.MsoNormal \t{mso-style-parent:\"\"; \tmargin:0cm; \tmargin-bottom:.0001pt; \tmso-pagination:widow-orphan; \tfont-size:12.0pt; \tfont-family:\"Times New Roman\"; \tmso-fareast-font-family:\"Times New Roman\";} @page Section1 \t{size:595.3pt 841.9pt; \tmargin:70.85pt 70.85pt 70.85pt 70.85pt; \tmso-header-margin:35.4pt; \tmso-footer-margin:35.4pt; \tmso-paper-source:0;} div.Section1 \t{page:Section1;} --> <!--[if gte mso 10]&amp;gt;   \/* Style Definitions *\/  table.MsoNormalTable \t{mso-style-name:\"Normal tabell\"; \tmso-tstyle-rowband-size:0; \tmso-tstyle-colband-size:0; \tmso-style-noshow:yes; \tmso-style-parent:\"\"; \tmso-padding-alt:0cm 5.4pt 0cm 5.4pt; \tmso-para-margin:0cm; \tmso-para-margin-bottom:.0001pt; \tmso-pagination:widow-orphan; \tfont-size:10.0pt; \tfont-family:\"Times New Roman\"; \tmso-ansi-language:#0400; \tmso-fareast-language:#0400; \tmso-bidi-language:#0400;}  --><\/p>\n<p>Eftersom jag har fullt upp med mina heltidsstudier s\u00e5 kommer bloggen nog handla mest om pyssel den h\u00e4r veckan! De st\u00f6rre arbetena jobbar jag med n\u00e4r jag \u00e4r ledig, helst mer \u00e4n tv\u00e5 dagar. D\u00e5 jag verkligen kan komma in i arbetet. Nu menar jag i och f\u00f6r sig inte j\u00e4ttearbeten, men tavlor och lite st\u00f6rre broderier. Dessutom \u00e4lskar jag pyssel! Och visst kan \u00e4ven pyssel vara en konst?<\/p>\n<p>Den h\u00e4r sommaren har jag \u00e5teruppt\u00e4ckt lavendel! Jag b\u00f6rjade sommaren med att baka lavendeldr\u00f6mmar och g\u00f6ra lavendelsocker. Det blir faktiskt j\u00e4ttegott och man kan ha det till allt! Bakning, filen, gr\u00f6ten, maten o.s.v. ) Skriv om du vill ha tag i receptet till just lavendeldr\u00f6mmar, eller hur man enkelt g\u00f6r lavendelsocker!<br \/>\nJag har \u00e4ven sytt en del lavendelkuddar. Lavendeln luktar inte bara gott utan den h\u00e5ller mal borta! Dessutom har lavendel en lugnande effekt s\u00e5 jag planerar p\u00e5 att sy sm\u00e5 lavendel-ugglor att ha vid s\u00e4nggaveln. Det ska bli roligt.<br \/>\nOm jag bara hade en tomt\u2026eller ja en balkong till och med, s\u00e5 skulle jag odlat och torkat lavendel sj\u00e4lv. Nu k\u00f6per jag sm\u00e5 strutar med lokalodlat, som jag efter m\u00e5nga om och men hittat i en liten butik i Norrk\u00f6ping. N\u00e4r jag var liten hade morfar en j\u00e4ttefin lavendelg\u00e5ng i sin tr\u00e4dg\u00e5rd som jag har m\u00e5nga fina sommarminnen ifr\u00e5n. Jag hittade ocks\u00e5 tv\u00e5 sm\u00e5 lavendelkuddar som min mormor gjort f\u00f6r l\u00e4ngesedan. Jag vet att jag best\u00e4mde mig f\u00f6r att g\u00f6ra liknande, undrar om det var <em>s\u00e5<\/em> det b\u00f6rjade&#8230; Jag tror jag gillar att jobba med lavendel just f\u00f6r dess lugnande effekt och f\u00f6r alla trevliga minnen jag f\u00e5r av det. Jag anser att lavendelkuddarna m\u00e5ste g\u00f6ra en stor come back!<\/p>\n<p>\/ Amanda<\/p>\n<p><img decoding=\"async\" src=\"http:\/\/kravallslojd.se\/bloggen\/wp-content\/uploads\/2008\/09\/laven-012-copy.jpg\" alt=\"lavendelkudde\" \/><\/p>\n<p>(En liten lavendel-kudde)<\/p>\n","protected":false},"excerpt":{"rendered":"<p>Eftersom jag har fullt upp med mina heltidsstudier s\u00e5 kommer bloggen nog handla mest om pyssel den h\u00e4r veckan! De st\u00f6rre arbetena jobbar jag med n\u00e4r jag \u00e4r ledig, helst mer \u00e4n tv\u00e5 dagar. D\u00e5 jag verkligen kan komma in i arbetet. Nu menar jag i och f\u00f6r sig inte j\u00e4ttearbeten, men tavlor och lite [&hellip;]<\/p>\n","protected":false},"author":1,"featured_media":0,"comment_status":"open","ping_status":"closed","sticky":false,"template":"","format":"standard","meta":[],"categories":[6],"tags":[],"_links":{"self":[{"href":"https:\/\/kravallslojd.se\/wordpress\/index.php?rest_route=\/wp\/v2\/posts\/603"}],"collection":[{"href":"https:\/\/kravallslojd.se\/wordpress\/index.php?rest_route=\/wp\/v2\/posts"}],"about":[{"href":"https:\/\/kravallslojd.se\/wordpress\/index.php?rest_route=\/wp\/v2\/types\/post"}],"author":[{"embeddable":true,"href":"https:\/\/kravallslojd.se\/wordpress\/index.php?rest_route=\/wp\/v2\/users\/1"}],"replies":[{"embeddable":true,"href":"https:\/\/kravallslojd.se\/wordpress\/index.php?rest_route=%2Fwp%2Fv2%2Fcomments&post=603"}],"version-history":[{"count":0,"href":"https:\/\/kravallslojd.se\/wordpress\/index.php?rest_route=\/wp\/v2\/posts\/603\/revisions"}],"wp:attachment":[{"href":"https:\/\/kravallslojd.se\/wordpress\/index.php?rest_route=%2Fwp%2Fv2%2Fmedia&parent=603"}],"wp:term":[{"taxonomy":"category","embeddable":true,"href":"https:\/\/kravallslojd.se\/wordpress\/index.php?rest_route=%2Fwp%2Fv2%2Fcategories&post=603"},{"taxonomy":"post_tag","embeddable":true,"href":"https:\/\/kravallslojd.se\/wordpress\/index.php?rest_route=%2Fwp%2Fv2%2Ftags&post=603"}],"curies":[{"name":"wp","href":"https:\/\/api.w.org\/{rel}","templated":true}]}}