{"id":605,"date":"2008-09-06T13:07:14","date_gmt":"2008-09-06T11:07:14","guid":{"rendered":"http:\/\/kravallslojd.se\/bloggen\/?p=793"},"modified":"2008-09-06T13:07:14","modified_gmt":"2008-09-06T11:07:14","slug":"vavmassan","status":"publish","type":"post","link":"https:\/\/kravallslojd.se\/wordpress\/?p=605","title":{"rendered":"V\u00e4vm\u00e4ssan"},"content":{"rendered":"<p><!--[if gte mso 9]&amp;gt;     Normal   0   21         false   false   false                             MicrosoftInternetExplorer4   --><!--[if gte mso 9]&amp;gt;     --> <!--  \/* Style Definitions *\/  p.MsoNormal, li.MsoNormal, div.MsoNormal \t{mso-style-parent:\"\"; \tmargin:0cm; \tmargin-bottom:.0001pt; \tmso-pagination:widow-orphan; \tfont-size:12.0pt; \tfont-family:\"Times New Roman\"; \tmso-fareast-font-family:\"Times New Roman\";} @page Section1 \t{size:595.3pt 841.9pt; \tmargin:70.85pt 70.85pt 70.85pt 70.85pt; \tmso-header-margin:35.4pt; \tmso-footer-margin:35.4pt; \tmso-paper-source:0;} div.Section1 \t{page:Section1;} --> <!--[if gte mso 10]&amp;gt;   \/* Style Definitions *\/  table.MsoNormalTable \t{mso-style-name:\"Normal tabell\"; \tmso-tstyle-rowband-size:0; \tmso-tstyle-colband-size:0; \tmso-style-noshow:yes; \tmso-style-parent:\"\"; \tmso-padding-alt:0cm 5.4pt 0cm 5.4pt; \tmso-para-margin:0cm; \tmso-para-margin-bottom:.0001pt; \tmso-pagination:widow-orphan; \tfont-size:10.0pt; \tfont-family:\"Times New Roman\"; \tmso-ansi-language:#0400; \tmso-fareast-language:#0400; \tmso-bidi-language:#0400;}  --><\/p>\n<p>N\u00e4sta vecka kickar v\u00e4vm\u00e4ssan ig\u00e5ng i Leksand! Jag hade verkligen hoppats p\u00e5 att kunna ta mig dit men nu har jag varken tid eller r\u00e5d. Den h\u00e5ller p\u00e5 11 \u2013 13 sep.<\/p>\n<p>Om ni har m\u00f6jlighet att \u00e5ka dit s\u00e5 tycker jag absolut att ni ska ta chansen!<\/p>\n<p>De kommer att h\u00e5lla flera f\u00f6rel\u00e4sningar d\u00e4r ocks\u00e5 och jag kan verkligen r\u00e5da er att g\u00e5 p\u00e5 Helende Hernmarcks! L\u00e4r mer om v\u00e4vm\u00e4ssan <a target=\"_blank\" href=\"http:\/\/www.svenskavav.com\/vavmassan.htm\" >h\u00e4r<\/a>! \u2013 D\u00e4r finns kartor, utst\u00e4llningsprogram m.m.<\/p>\n<p>Hade velat skriva ig\u00e5r och \u00f6nska alla en trevlig helg, men s\u00e5 fort jag kom hem stupade jag i s\u00e4ng febrig och f\u00f6rkyld. Som tur \u00e4r k\u00e4nner jag mig redan piggare! V\u00e4ldigt m\u00e5nga verkar har n\u00e5gon typ av f\u00f6rkylning just nu s\u00e5 ist\u00e4llet \u00f6nskar jag alla f\u00f6rkylda ett krya p\u00e5 er och allesammans en fortsatt trevlig helg!<\/p>\n<p>Sj\u00e4lv ska jag tillbaka till s\u00e4ngen och l\u00e4sa lite. Hoppas att jag orkar titta in senare och skriva lite mer!<\/p>\n<p>\/Amanda<\/p>\n","protected":false},"excerpt":{"rendered":"<p>N\u00e4sta vecka kickar v\u00e4vm\u00e4ssan ig\u00e5ng i Leksand! Jag hade verkligen hoppats p\u00e5 att kunna ta mig dit men nu har jag varken tid eller r\u00e5d. Den h\u00e5ller p\u00e5 11 \u2013 13 sep. Om ni har m\u00f6jlighet att \u00e5ka dit s\u00e5 tycker jag absolut att ni ska ta chansen! De kommer att h\u00e5lla flera f\u00f6rel\u00e4sningar d\u00e4r [&hellip;]<\/p>\n","protected":false},"author":1,"featured_media":0,"comment_status":"open","ping_status":"closed","sticky":false,"template":"","format":"standard","meta":[],"categories":[6],"tags":[],"_links":{"self":[{"href":"https:\/\/kravallslojd.se\/wordpress\/index.php?rest_route=\/wp\/v2\/posts\/605"}],"collection":[{"href":"https:\/\/kravallslojd.se\/wordpress\/index.php?rest_route=\/wp\/v2\/posts"}],"about":[{"href":"https:\/\/kravallslojd.se\/wordpress\/index.php?rest_route=\/wp\/v2\/types\/post"}],"author":[{"embeddable":true,"href":"https:\/\/kravallslojd.se\/wordpress\/index.php?rest_route=\/wp\/v2\/users\/1"}],"replies":[{"embeddable":true,"href":"https:\/\/kravallslojd.se\/wordpress\/index.php?rest_route=%2Fwp%2Fv2%2Fcomments&post=605"}],"version-history":[{"count":0,"href":"https:\/\/kravallslojd.se\/wordpress\/index.php?rest_route=\/wp\/v2\/posts\/605\/revisions"}],"wp:attachment":[{"href":"https:\/\/kravallslojd.se\/wordpress\/index.php?rest_route=%2Fwp%2Fv2%2Fmedia&parent=605"}],"wp:term":[{"taxonomy":"category","embeddable":true,"href":"https:\/\/kravallslojd.se\/wordpress\/index.php?rest_route=%2Fwp%2Fv2%2Fcategories&post=605"},{"taxonomy":"post_tag","embeddable":true,"href":"https:\/\/kravallslojd.se\/wordpress\/index.php?rest_route=%2Fwp%2Fv2%2Ftags&post=605"}],"curies":[{"name":"wp","href":"https:\/\/api.w.org\/{rel}","templated":true}]}}