{"id":638,"date":"2008-09-09T09:29:52","date_gmt":"2008-09-09T07:29:52","guid":{"rendered":"http:\/\/kravallslojd.se\/bloggs2\/?p=638"},"modified":"2008-09-09T09:29:52","modified_gmt":"2008-09-09T07:29:52","slug":"tisdag-2","status":"publish","type":"post","link":"https:\/\/kravallslojd.se\/wordpress\/?p=638","title":{"rendered":"Tisdag"},"content":{"rendered":"<p><a href=\"http:\/\/kravallslojd.se\/bloggs2\/wp-content\/uploads\/2008\/09\/vad-haller-jag-pa-med-tjock-ram.jpg\" ><img decoding=\"async\" loading=\"lazy\" class=\"alignnone size-full wp-image-639\" src=\"http:\/\/kravallslojd.se\/bloggs2\/wp-content\/uploads\/2008\/09\/vad-haller-jag-pa-med-tjock-ram.jpg\" alt=\"\" width=\"499\" height=\"99\" \/><\/a><\/p>\n<p><span style=\"Verdana;\"><em>Eftersom att det f\u00f6rutom sl\u00f6jd \u00e4r dans p\u00e5 schemat den h\u00e4r veckan s\u00e5 tog jag ig\u00e5r tillf\u00e4llet i akt och gick p\u00e5 dansgympa p\u00e5 Friskis och Svettis. Lokalen var smockfull med tjejer och kvinnor och tanter och damer som ville ta ut sv\u00e4ngarna och showa lite! Vi hoppade runt tillsammans och gjorde alla v\u00e5rt b\u00e4sta f\u00f6r att h\u00e4nga med i instrukt\u00f6rernas h\u00e4ftiga huvudvridningar och avancerade h\u00f6ftrullningar. Jag undrar vad g\u00e5rdagens f\u00f6rel\u00e4sare skulle ha sagt? Koreografen som talade om dans som ett s\u00e4tt att t\u00e4nka och om f\u00f6r\u00e4ndringar p\u00e5 strukturniv\u00e5 f\u00f6r att komma \u00e5t nya perspektiv av r\u00f6relsers betydelse. Kanske n\u00e5got om samtidssvenskens relation till flocken? Koreografen talade ocks\u00e5 om v\u00e5r l\u00e4ngtan efter det autentiska och om v\u00e5r vilja att vara samtida, ett \u00e4mne som jag kanske \u00e5terkommer till senare under veckan d\u00e5 det ju ocks\u00e5 ang\u00e5r sl\u00f6jden i allra h\u00f6gsta grad.<\/em><\/span><\/p>\n<p><span style=\"Verdana;\"><em>En del undrar nog \u00f6ver vad det \u00e4r jag h\u00e5ller p\u00e5 med egentligen, ibland undrar \u00e4ven jag\u2026<\/em><\/span><\/p>\n<p><span style=\"Verdana;\">Mitt \u00e4mnesomr\u00e5de \u00e4r samtida hemsl\u00f6jd och det jag intresserar mig f\u00f6r \u00e4r vad hemsl\u00f6jd \u00e4r, vad som karakt\u00e4riserar hemsl\u00f6jd och varf\u00f6r. Jag intresserar mig ocks\u00e5 f\u00f6r hur man p\u00e5 olika s\u00e4tt kan synligg\u00f6ra och ber\u00e4tta om hemsl\u00f6jd. Mitt f\u00f6rh\u00e5llningss\u00e4tt \u00e4r konstn\u00e4rligt vilket bland annat inneb\u00e4r att det mesta av unders\u00f6kandet bedrivs ur ett subjektivt perspektiv, utifr\u00e5n mitt perspektiv som hemsl\u00f6jdare och i arbetet anv\u00e4nder jag mig utav vad man kan kalla f\u00f6r \u201dkonstn\u00e4rliga metoder\u201d. <span style=\"yes;\">\u00a0<\/span>Sammanfattat kan man s\u00e4ga att mitt perspektiv \u00e4r hemsl\u00f6jdarens och min metod konstn\u00e4rens. I mitt arbete tar jag ocks\u00e5 intryck av forskningsomr\u00e5det praktisk kunskap, dess metoder och begreppsv\u00e4rld. Men mitt arbete skiljer sig p\u00e5 s\u00e5 vis att jag str\u00e4var efter att skapa upplevelser av och kanske ocks\u00e5 f\u00f6rst\u00e5else f\u00f6r handlandet snarare \u00e4n att utveckla kunskap.<\/span><\/p>\n<p class=\"MsoNormal\" style=\"0cm 0cm 0pt;\"><span style=\"Verdana;\">M\u00e5let med min verksamhet \u00e4r att etablera samtida hemsl\u00f6jd som sj\u00e4lvst\u00e4ndig kulturform, att skapa en plattform mot vilken sl\u00f6jden kan st\u00f6tas och bl\u00f6tas. Men det som driver mig allra mest \u00e4r utvecklingen i sig sj\u00e4lv, viljan att f\u00f6rst\u00e5 och nyfikenheten \u00f6ver vilka m\u00f6jligheter som g\u00e5r att utvinna inom hemsl\u00f6jdens ramar. Jag vill l\u00e4ra k\u00e4nna sj\u00e4lva handlandet och dess kunskapande, f\u00f6rh\u00e5llningss\u00e4tten och sammanhangen, det som finns d\u00e4r runt omkring och som g\u00f6r sl\u00f6jdformen till vad den \u00e4r, men som kan vara sv\u00e5rt att greppa.<\/span><\/p>\n<p class=\"MsoNormal\" style=\"0cm 0cm 0pt;\"><span style=\"Verdana;\">Det unders\u00f6kande arbetet g\u00e5r till s\u00e5 att f\u00f6rst s\u00e5 sl\u00f6jdar jag. Ibland med begr\u00e4nsade parametrar utifr\u00e5n en p\u00e5 f\u00f6rhand formulerad fr\u00e5gest\u00e4llning. Ibland i form av en oredigerad sl\u00f6jdprocess fr\u00e5n behov till brukande f\u00f6r att \u00f6ppna upp f\u00f6r \u201dnya\u201d, tidigare omformulerade tillst\u00e5nd. Jag \u00e4r f\u00f6rst deltagare f\u00f6r att sedan skapa distans och g\u00e5 in i rollen som iakttagare. Med hj\u00e4lp av olika<span style=\"gray;\"> <\/span>medium speglar jag vad som skett ur olika perspektiv. Ofta anv\u00e4nder jag mig av text i olika former. F\u00f6reteelser som tidigare varit dolda g\u00f6r sig synliga i texten medan andra inte l\u00e5ter sig f\u00e5ngas lika l\u00e4tt. Det praktiska handlandet l\u00e5ter sig inte alltid synligg\u00f6ras i ord, men med hj\u00e4lp av visuella medium kan man komma ytterligare en bit p\u00e5 v\u00e4gen. Jag v\u00e4nder och vrider och flyttar om och flyttar tillbaka, l\u00e4gger till och tar ifr\u00e5n. Jag f\u00e5r syn p\u00e5 n\u00e5got som verkar sp\u00e4nnande, ett f\u00f6rh\u00e5llande som p\u00e5verkar kommande f\u00f6rh\u00e5llanden eller ett tillst\u00e5nd som har inverkan p\u00e5 v\u00e5r upplevelse av n\u00e5gots betydelse. Jag v\u00e4ljer ut n\u00e5got som jag vill ber\u00e4tta om och p\u00e5b\u00f6rjar sedan arbetet med att ytterligare synligg\u00f6ra det valda omr\u00e5det. Att hitta en l\u00e4mplig form f\u00f6r att gestalta det jag vill ber\u00e4tta h\u00f6r till det sv\u00e5raste i arbetet.<\/span><\/p>\n<p class=\"MsoNormal\" style=\"0cm 0cm 0pt;\"><span style=\"Verdana;\">Slutligen f\u00f6rpackas resultaten f\u00f6r att n\u00e5 ut till en publik, ofta i form av utst\u00e4llning eller f\u00f6rel\u00e4sning. Mitt arbete kan sammanfattas i momenten: handling, reflektion, urval, gestaltning och f\u00f6rpackning.<\/span><\/p>\n","protected":false},"excerpt":{"rendered":"<p>Eftersom att det f\u00f6rutom sl\u00f6jd \u00e4r dans p\u00e5 schemat den h\u00e4r veckan s\u00e5 tog jag ig\u00e5r tillf\u00e4llet i akt och gick p\u00e5 dansgympa p\u00e5 Friskis och Svettis. Lokalen var smockfull med tjejer och kvinnor och tanter och damer som ville ta ut sv\u00e4ngarna och showa lite! Vi hoppade runt tillsammans och gjorde alla v\u00e5rt b\u00e4sta [&hellip;]<\/p>\n","protected":false},"author":10,"featured_media":0,"comment_status":"open","ping_status":"open","sticky":false,"template":"","format":"standard","meta":[],"categories":[17],"tags":[],"_links":{"self":[{"href":"https:\/\/kravallslojd.se\/wordpress\/index.php?rest_route=\/wp\/v2\/posts\/638"}],"collection":[{"href":"https:\/\/kravallslojd.se\/wordpress\/index.php?rest_route=\/wp\/v2\/posts"}],"about":[{"href":"https:\/\/kravallslojd.se\/wordpress\/index.php?rest_route=\/wp\/v2\/types\/post"}],"author":[{"embeddable":true,"href":"https:\/\/kravallslojd.se\/wordpress\/index.php?rest_route=\/wp\/v2\/users\/10"}],"replies":[{"embeddable":true,"href":"https:\/\/kravallslojd.se\/wordpress\/index.php?rest_route=%2Fwp%2Fv2%2Fcomments&post=638"}],"version-history":[{"count":5,"href":"https:\/\/kravallslojd.se\/wordpress\/index.php?rest_route=\/wp\/v2\/posts\/638\/revisions"}],"predecessor-version":[{"id":697,"href":"https:\/\/kravallslojd.se\/wordpress\/index.php?rest_route=\/wp\/v2\/posts\/638\/revisions\/697"}],"wp:attachment":[{"href":"https:\/\/kravallslojd.se\/wordpress\/index.php?rest_route=%2Fwp%2Fv2%2Fmedia&parent=638"}],"wp:term":[{"taxonomy":"category","embeddable":true,"href":"https:\/\/kravallslojd.se\/wordpress\/index.php?rest_route=%2Fwp%2Fv2%2Fcategories&post=638"},{"taxonomy":"post_tag","embeddable":true,"href":"https:\/\/kravallslojd.se\/wordpress\/index.php?rest_route=%2Fwp%2Fv2%2Ftags&post=638"}],"curies":[{"name":"wp","href":"https:\/\/api.w.org\/{rel}","templated":true}]}}