{"id":6472,"date":"2011-10-11T11:28:55","date_gmt":"2011-10-11T10:28:55","guid":{"rendered":"http:\/\/kravallslojd.se\/wordpress\/?p=6472"},"modified":"2011-10-11T11:33:08","modified_gmt":"2011-10-11T10:33:08","slug":"inspirerad-av-morandis-flaskor-och-min-egen-tvatt","status":"publish","type":"post","link":"https:\/\/kravallslojd.se\/wordpress\/?p=6472","title":{"rendered":"Inspirerad av Morandis flaskor och min egen tv\u00e4tt"},"content":{"rendered":"<p>&nbsp;<\/p>\n<p>Att st\u00e4lla ihop grejer till stilleben \u00e4r n\u00e5got som roar mig. Hur uttrycket kan f\u00f6r\u00e4ndras bara jag flyttar den flaskan lite \u00e5t h\u00f6ger. M\u00e5nga ting blir ocks\u00e5 s\u00e5 fina i en grupp, de st\u00e4rker varandra p\u00e5 ett s\u00e4tt. Jag kan flytta runt f\u00f6rem\u00e5l l\u00e4nge och v\u00e4l.<\/p>\n<p>En som kunde detta och gjorde stilleben p\u00e5 stilleben \u00e4r <a target=\"_blank\" href=\"http:\/\/en.wikipedia.org\/wiki\/Giorgio_Morandi\" title=\"Giorgio Morandi.\" >Giorgio Morandi.<\/a> Hans m\u00e5lningar med flaskor,vaser, burkar med mera, \u00e4r s\u00e5 vackra och en stor inspiration f\u00f6r mig. Just det h\u00e4r fina med det vardagliga motivet som kan s\u00e4ga s\u00e5 mycket. Hylla vardagen tycker jag.<\/p>\n<p><div id=\"attachment_6473\" style=\"width: 460px\" class=\"wp-caption alignnone\"><a href=\"http:\/\/kravallslojd.se\/wordpress\/wp-content\/uploads\/2011\/10\/natura-morta_-19414.jpg\" ><img aria-describedby=\"caption-attachment-6473\" decoding=\"async\" loading=\"lazy\" class=\"size-full wp-image-6473\" src=\"http:\/\/kravallslojd.se\/wordpress\/wp-content\/uploads\/2011\/10\/natura-morta_-19414.jpg\" alt=\"\" width=\"450\" height=\"302\" srcset=\"https:\/\/kravallslojd.se\/wordpress\/wp-content\/uploads\/2011\/10\/natura-morta_-19414.jpg 450w, https:\/\/kravallslojd.se\/wordpress\/wp-content\/uploads\/2011\/10\/natura-morta_-19414-300x201.jpg 300w\" sizes=\"(max-width: 450px) 100vw, 450px\" \/><\/a><p id=\"caption-attachment-6473\" class=\"wp-caption-text\">Morandis flaskor<\/p><\/div><\/p>\n<p>Allt beh\u00f6ver inte vara s\u00e5 m\u00e4rkv\u00e4rdigt, ibland kan ett mj\u00f6lkpaket eller en fint upph\u00e4ngd tv\u00e4tt inspirera mer \u00e4n tillexempel storslagna vyer. S\u00e5 det \u00e4r bara att \u00f6ppna \u00f6gonen och titta d\u00e4r man st\u00e5r. Dessutom blir det ju mycket roligare att h\u00e4nga tv\u00e4tt.<\/p>\n<p><div id=\"attachment_6474\" style=\"width: 650px\" class=\"wp-caption alignnone\"><a href=\"http:\/\/kravallslojd.se\/wordpress\/wp-content\/uploads\/2011\/10\/tv%C3%A4tt-004.jpg\" ><img aria-describedby=\"caption-attachment-6474\" decoding=\"async\" loading=\"lazy\" class=\"size-full wp-image-6474\" src=\"http:\/\/kravallslojd.se\/wordpress\/wp-content\/uploads\/2011\/10\/tv%C3%A4tt-004.jpg\" alt=\"\" width=\"640\" height=\"480\" \/><\/a><p id=\"caption-attachment-6474\" class=\"wp-caption-text\">Fin tv\u00e4tt<\/p><\/div><\/p>\n<p>&nbsp;<\/p>\n<p>&nbsp;<\/p>\n<p>N\u00e4r jag gjorde mitt examensarbete tittade jag mycket p\u00e5 Morandis bilder men \u00e4ven p\u00e5 mina egna tv\u00e4ttlinor.<\/p>\n<p><a href=\"http:\/\/kravallslojd.se\/wordpress\/wp-content\/uploads\/2011\/10\/carrobild.jpg\" ><img decoding=\"async\" loading=\"lazy\" class=\"alignnone size-full wp-image-6475\" src=\"http:\/\/kravallslojd.se\/wordpress\/wp-content\/uploads\/2011\/10\/carrobild.jpg\" alt=\"\" width=\"359\" height=\"480\" srcset=\"https:\/\/kravallslojd.se\/wordpress\/wp-content\/uploads\/2011\/10\/carrobild.jpg 359w, https:\/\/kravallslojd.se\/wordpress\/wp-content\/uploads\/2011\/10\/carrobild-224x300.jpg 224w\" sizes=\"(max-width: 359px) 100vw, 359px\" \/><\/a><\/p>\n<p>Fler bilder p\u00e5 min ljusinstallation &#8221;From H\u00e4lln\u00e4s and back&#8221; finns p\u00e5 min <a target=\"_blank\" href=\"http:\/\/www.carolinalinne.se\" title=\"hemsida\" >hemsida<\/a><\/p>\n","protected":false},"excerpt":{"rendered":"<p>&nbsp; Att st\u00e4lla ihop grejer till stilleben \u00e4r n\u00e5got som roar mig. Hur uttrycket kan f\u00f6r\u00e4ndras bara jag flyttar den flaskan lite \u00e5t h\u00f6ger. M\u00e5nga ting blir ocks\u00e5 s\u00e5 fina i en grupp, de st\u00e4rker varandra p\u00e5 ett s\u00e4tt. Jag kan flytta runt f\u00f6rem\u00e5l l\u00e4nge och v\u00e4l. En som kunde detta och gjorde stilleben p\u00e5 [&hellip;]<\/p>\n","protected":false},"author":179,"featured_media":0,"comment_status":"open","ping_status":"open","sticky":false,"template":"","format":"standard","meta":[],"categories":[706],"tags":[708,121],"_links":{"self":[{"href":"https:\/\/kravallslojd.se\/wordpress\/index.php?rest_route=\/wp\/v2\/posts\/6472"}],"collection":[{"href":"https:\/\/kravallslojd.se\/wordpress\/index.php?rest_route=\/wp\/v2\/posts"}],"about":[{"href":"https:\/\/kravallslojd.se\/wordpress\/index.php?rest_route=\/wp\/v2\/types\/post"}],"author":[{"embeddable":true,"href":"https:\/\/kravallslojd.se\/wordpress\/index.php?rest_route=\/wp\/v2\/users\/179"}],"replies":[{"embeddable":true,"href":"https:\/\/kravallslojd.se\/wordpress\/index.php?rest_route=%2Fwp%2Fv2%2Fcomments&post=6472"}],"version-history":[{"count":5,"href":"https:\/\/kravallslojd.se\/wordpress\/index.php?rest_route=\/wp\/v2\/posts\/6472\/revisions"}],"predecessor-version":[{"id":6479,"href":"https:\/\/kravallslojd.se\/wordpress\/index.php?rest_route=\/wp\/v2\/posts\/6472\/revisions\/6479"}],"wp:attachment":[{"href":"https:\/\/kravallslojd.se\/wordpress\/index.php?rest_route=%2Fwp%2Fv2%2Fmedia&parent=6472"}],"wp:term":[{"taxonomy":"category","embeddable":true,"href":"https:\/\/kravallslojd.se\/wordpress\/index.php?rest_route=%2Fwp%2Fv2%2Fcategories&post=6472"},{"taxonomy":"post_tag","embeddable":true,"href":"https:\/\/kravallslojd.se\/wordpress\/index.php?rest_route=%2Fwp%2Fv2%2Ftags&post=6472"}],"curies":[{"name":"wp","href":"https:\/\/api.w.org\/{rel}","templated":true}]}}