{"id":650,"date":"2008-09-11T19:55:33","date_gmt":"2008-09-11T17:55:33","guid":{"rendered":"http:\/\/kravallslojd.se\/bloggs2\/?p=650"},"modified":"2008-09-11T19:55:33","modified_gmt":"2008-09-11T17:55:33","slug":"torsdag-2","status":"publish","type":"post","link":"https:\/\/kravallslojd.se\/wordpress\/?p=650","title":{"rendered":"Torsdag"},"content":{"rendered":"<p><a href=\"http:\/\/kravallslojd.se\/bloggs2\/wp-content\/uploads\/2008\/09\/vad-hemslojd-ar.jpg\" ><img decoding=\"async\" loading=\"lazy\" class=\"alignnone size-full wp-image-651\" src=\"http:\/\/kravallslojd.se\/bloggs2\/wp-content\/uploads\/2008\/09\/vad-hemslojd-ar.jpg\" alt=\"\" width=\"499\" height=\"99\" \/><\/a><\/p>\n<p class=\"MsoNormal\" style=\"0cm 0cm 0pt\"><span style=\"Verdana;\"><em>Och nu\u00a0har det blivit dags f\u00f6r de viktiga definitionerna av hemsl\u00f6jdens f\u00f6rh\u00e5llanden. H\u00e4r f\u00f6ljer n\u00e5gra av mina id\u00e9er om vad hemsl\u00f6jd \u00e4r:<\/em><\/span><\/p>\n<p class=\"MsoNormal\" style=\"0cm 0cm 0pt\">\u00a0<\/p>\n<p><img decoding=\"async\" loading=\"lazy\" class=\"alignnone size-full wp-image-652\" src=\"http:\/\/kravallslojd.se\/bloggs2\/wp-content\/uploads\/2008\/09\/ett-satt-att-tanka-smalare-ram.jpg\" alt=\"\" width=\"500\" height=\"356\" \/><\/p>\n<p>\u00a0<\/p>\n<p><strong><span style=\"Verdana;\">\u201dHemsl\u00f6jd \u00e4r ett p\u00e5g\u00e5ende integrerat i vardagen. En process d\u00e4r livets f\u00f6r\u00e4nderliga tillst\u00e5nd p\u00e5verkar handlingarnas f\u00f6ruts\u00e4ttningar och riktning.\u201d<\/span><\/strong><\/p>\n<p class=\"MsoNormal\" style=\"0cm 0cm 0pt\"><strong><\/strong>\u00a0<\/p>\n<p><a href=\"http:\/\/kravallslojd.se\/bloggs2\/wp-content\/uploads\/2008\/09\/behovet-smalare-ram.jpg\" ><img decoding=\"async\" loading=\"lazy\" class=\"alignnone size-full wp-image-653\" src=\"http:\/\/kravallslojd.se\/bloggs2\/wp-content\/uploads\/2008\/09\/behovet-smalare-ram.jpg\" alt=\"\" width=\"500\" height=\"356\" \/><\/a><\/p>\n<p>\u00a0<\/p>\n<p><span style=\"Verdana;\"><strong>\u201dHemsl\u00f6jdverksamhet utg\u00e5r fr\u00e5n ett behov av praktisk funktion och produkten blir hemsl\u00f6jd\u00a0d\u00e5 den fyller en praktisk funktion.&#8221;<\/strong><\/span><\/p>\n<p>\u00a0<\/p>\n<p><strong><\/strong><\/p>\n<p><strong><\/strong><\/p>\n<p><strong><span style=\"Verdana;\"><a href=\"http:\/\/kravallslojd.se\/bloggs2\/wp-content\/uploads\/2008\/09\/individens-narvaro.jpg\" ><img decoding=\"async\" loading=\"lazy\" class=\"alignnone size-full wp-image-655\" src=\"http:\/\/kravallslojd.se\/bloggs2\/wp-content\/uploads\/2008\/09\/individens-narvaro.jpg\" alt=\"\" width=\"500\" height=\"356\" \/><\/a><\/span><\/strong><\/p>\n<p><strong><\/strong><\/p>\n<p><strong><\/strong><\/p>\n<p><strong><\/strong><\/p>\n<p><strong><\/strong><\/p>\n<p><strong><\/strong><\/p>\n<p><strong><\/strong><\/p>\n<p><strong><\/strong><\/p>\n<p><strong><span style=\"Verdana;\"><a href=\"http:\/\/kravallslojd.se\/bloggs2\/wp-content\/uploads\/2008\/09\/en-annan-sorts-kontroll1.jpg\" ><img decoding=\"async\" loading=\"lazy\" class=\"alignnone size-full wp-image-663\" src=\"http:\/\/kravallslojd.se\/bloggs2\/wp-content\/uploads\/2008\/09\/en-annan-sorts-kontroll1.jpg\" alt=\"\" width=\"500\" height=\"356\" \/><\/a><\/span><\/strong><\/p>\n<p><span><span><strong>\u201dEn annan sorts kontroll\u201d<\/strong> man skulle ocks\u00e5 kunna kalla det f\u00f6r <strong>\u201datt sl\u00f6jda p\u00e5 geh\u00f6r\u201d<\/strong>.<\/span><\/span><\/p>\n<p>\u00a0<\/p>\n<p><span><span><span style=\"AR-SA;\"><em><\/em><\/span><\/span><\/span><\/p>\n<p><span><span><span style=\"AR-SA;\"><em><\/em><\/span><\/span><\/span><\/p>\n<p><span><span><span style=\"AR-SA;\"><em>Det f\u00e5r r\u00e4cka f\u00f6r idag, forts\u00e4ttning f\u00f6ljer i n\u00e4sta inl\u00e4gg.<\/em><\/span><\/span><\/span><\/p>\n","protected":false},"excerpt":{"rendered":"<p>Och nu\u00a0har det blivit dags f\u00f6r de viktiga definitionerna av hemsl\u00f6jdens f\u00f6rh\u00e5llanden. H\u00e4r f\u00f6ljer n\u00e5gra av mina id\u00e9er om vad hemsl\u00f6jd \u00e4r: \u00a0 \u00a0 \u201dHemsl\u00f6jd \u00e4r ett p\u00e5g\u00e5ende integrerat i vardagen. En process d\u00e4r livets f\u00f6r\u00e4nderliga tillst\u00e5nd p\u00e5verkar handlingarnas f\u00f6ruts\u00e4ttningar och riktning.\u201d \u00a0 \u00a0 \u201dHemsl\u00f6jdverksamhet utg\u00e5r fr\u00e5n ett behov av praktisk funktion och produkten blir [&hellip;]<\/p>\n","protected":false},"author":10,"featured_media":0,"comment_status":"open","ping_status":"open","sticky":false,"template":"","format":"standard","meta":[],"categories":[17],"tags":[],"_links":{"self":[{"href":"https:\/\/kravallslojd.se\/wordpress\/index.php?rest_route=\/wp\/v2\/posts\/650"}],"collection":[{"href":"https:\/\/kravallslojd.se\/wordpress\/index.php?rest_route=\/wp\/v2\/posts"}],"about":[{"href":"https:\/\/kravallslojd.se\/wordpress\/index.php?rest_route=\/wp\/v2\/types\/post"}],"author":[{"embeddable":true,"href":"https:\/\/kravallslojd.se\/wordpress\/index.php?rest_route=\/wp\/v2\/users\/10"}],"replies":[{"embeddable":true,"href":"https:\/\/kravallslojd.se\/wordpress\/index.php?rest_route=%2Fwp%2Fv2%2Fcomments&post=650"}],"version-history":[{"count":15,"href":"https:\/\/kravallslojd.se\/wordpress\/index.php?rest_route=\/wp\/v2\/posts\/650\/revisions"}],"predecessor-version":[{"id":696,"href":"https:\/\/kravallslojd.se\/wordpress\/index.php?rest_route=\/wp\/v2\/posts\/650\/revisions\/696"}],"wp:attachment":[{"href":"https:\/\/kravallslojd.se\/wordpress\/index.php?rest_route=%2Fwp%2Fv2%2Fmedia&parent=650"}],"wp:term":[{"taxonomy":"category","embeddable":true,"href":"https:\/\/kravallslojd.se\/wordpress\/index.php?rest_route=%2Fwp%2Fv2%2Fcategories&post=650"},{"taxonomy":"post_tag","embeddable":true,"href":"https:\/\/kravallslojd.se\/wordpress\/index.php?rest_route=%2Fwp%2Fv2%2Ftags&post=650"}],"curies":[{"name":"wp","href":"https:\/\/api.w.org\/{rel}","templated":true}]}}