{"id":6517,"date":"2011-10-17T13:49:09","date_gmt":"2011-10-17T12:49:09","guid":{"rendered":"http:\/\/kravallslojd.se\/wordpress\/?p=6517"},"modified":"2011-10-17T19:26:37","modified_gmt":"2011-10-17T18:26:37","slug":"dans-och-fibrer-och-sant-i-goteborg","status":"publish","type":"post","link":"https:\/\/kravallslojd.se\/wordpress\/?p=6517","title":{"rendered":"Dans och fibrer och s\u00e5nt i G\u00f6teborg"},"content":{"rendered":"<p>Jag var i G\u00f6teborg \u00f6ver veckoslutet. Min son Jukka Rintam\u00e4ki \u00e4r komposit\u00f6r och musiker. De senaste tio \u00e5ren har han arbetat mycket med att komponera f\u00f6r modern dans. Det var premi\u00e4r i fredags p\u00e5 G\u00f6teborgsoperan p\u00e5 Jukkas och koreografen Helena Franz\u00e9ns senaste produktion Fading, som ing\u00e5r i en helhet med tre koreografer, tre danskompanier och tre kompositioner. Nu ska inte det h\u00e4r handla om min son f\u00f6rst\u00e5s, men jag vill visa en scenbild. F\u00f6rest\u00e4ll er en metallv\u00e4gg, 6,5 meter h\u00f6g, som anv\u00e4nds som ett element i koreografin. H\u00e4r sitter Jukka och Helena framf\u00f6r v\u00e4ggen under en repetition:<\/p>\n<p><a href=\"http:\/\/kravallslojd.se\/wordpress\/wp-content\/uploads\/2011\/10\/Jukka-Helena-g%C3%B6teborgsOperan-2011.jpg\" ><img decoding=\"async\" loading=\"lazy\" class=\"aligncenter size-medium wp-image-6518\" src=\"http:\/\/kravallslojd.se\/wordpress\/wp-content\/uploads\/2011\/10\/Jukka-Helena-g%C3%B6teborgsOperan-2011-225x300.jpg\" alt=\"\" width=\"225\" height=\"300\" \/><\/a>\u00a0\u00a0\u00a0\u00a0\u00a0\u00a0\u00a0\u00a0\u00a0\u00a0\u00a0\u00a0\u00a0\u00a0\u00a0\u00a0\u00a0\u00a0\u00a0\u00a0\u00a0\u00a0\u00a0\u00a0\u00a0\u00a0\u00a0\u00a0\u00a0\u00a0\u00a0\u00a0\u00a0\u00a0\u00a0\u00a0\u00a0\u00a0\u00a0\u00a0\u00a0\u00a0\u00a0\u00a0\u00a0\u00a0\u00a0\u00a0\u00a0\u00a0\u00a0\u00a0\u00a0\u00a0\u00a0\u00a0\u00a0\u00a0\u00a0\u00a0\u00a0\u00a0\u00a0\u00a0\u00a0\u00a0\u00a0\u00a0\u00a0\u00a0\u00a0\u00a0\u00a0\u00a0\u00a0\u00a0\u00a0\u00a0\u00a0\u00a0\u00a0\u00a0\u00a0\u00a0\u00a0\u00a0\u00a0\u00a0\u00a0\u00a0\u00a0\u00a0\u00a0\u00a0\u00a0\u00a0\u00a0\u00a0\u00a0\u00a0\u00a0\u00a0 Foto Markus Granqvist<\/p>\n<p>Det \u00e4r s\u00e5 mycket hantverk i en scenproduktion. Kl\u00e4der, scenografi, ljus. Metallv\u00e4ggen i Fading samverkar med ljuset f\u00f6r att ta fram en avskalad, ren och harmonisk koregrafi som ytterligare f\u00f6rst\u00e4rks av dansarnas kl\u00e4der. Musiken \u00e4r starkt rockinfluerad med m\u00e4ktiga basg\u00e5ngar, men d\u00e4r finns ocks\u00e5 rent lyriska inslag. Det \u00e4r f\u00f6r mig ett mysterium hur man kan bygga upp en hel och sammanh\u00e4ngande f\u00f6rest\u00e4llning med s\u00e5 olika element. G\u00e5 och titta! Eller g\u00e5 till Dansens Hus i v\u00e5r n\u00e4r f\u00f6rest\u00e4llningen kommer upp d\u00e4r.<\/p>\n<p>P\u00e5 R\u00f6hsska museet s\u00e5g jag flera utst\u00e4llningar, men jag visar bara en bild som jag tycker har mycket gemensamt med bilden ovan. Det \u00e4r naturligtvis vattnet som man kan se b\u00e5de i metallv\u00e4ggen och i bildv\u00e4ven &#8221;Rinnande vatten&#8221; av Gustaf Fjaestad. Han v\u00e4vde den i bomull, ull och silke \u00e5r 1906. H\u00e4r \u00e4r en detalj:<\/p>\n<p><a href=\"http:\/\/kravallslojd.se\/wordpress\/wp-content\/uploads\/2011\/10\/Rinnande-vatten-1-web1.jpg\" ><img decoding=\"async\" loading=\"lazy\" class=\"aligncenter size-medium wp-image-6524\" src=\"http:\/\/kravallslojd.se\/wordpress\/wp-content\/uploads\/2011\/10\/Rinnande-vatten-1-web1-300x200.jpg\" alt=\"\" width=\"300\" height=\"200\" srcset=\"https:\/\/kravallslojd.se\/wordpress\/wp-content\/uploads\/2011\/10\/Rinnande-vatten-1-web1-300x200.jpg 300w, https:\/\/kravallslojd.se\/wordpress\/wp-content\/uploads\/2011\/10\/Rinnande-vatten-1-web1.jpg 1000w\" sizes=\"(max-width: 300px) 100vw, 300px\" \/><\/a>Jag blir alltid lika f\u00f6rundrad n\u00e4r jag ser vatten i en bildv\u00e4v. Vatten \u00e4r inte det f\u00f6rsta jag som spinnare kommer att t\u00e4nka p\u00e5 n\u00e4r jag arbetar med mitt r\u00e5material. Visst, det \u00e4r mycket vatten involverat i textilindustrin ocks\u00e5 p\u00e5 det mest grundl\u00e4ggande stadiet, fiberhanteringen, men f\u00f6r mig \u00e4r ull, bomull och hundh\u00e5r torrt. Silke kan d\u00e4remot f\u00f6ra tankarna till vatten tack vare sin lyster.<\/p>\n<p>Jo, jag inser att det inte \u00e4r fibrernas karakt\u00e4r som g\u00f6r att en bildv\u00e4v kan f\u00f6rest\u00e4lla vatten, utan f\u00e4rgerna och formerna. Eftersom jag inte \u00e4r bildkonstn\u00e4r \u00e4r det sv\u00e5rt f\u00f6r mig att f\u00f6rst\u00e5 hur man kan \u00e5stadkomma en s\u00e5dan chim\u00e4r. Jag \u00e4lskar det! Jag tror det \u00e4r h\u00e4lsosamt att bli f\u00f6rundrad. Den dagen jag blir blas\u00e9 \u00e4r det b\u00e4sta jag kan g\u00f6ra att l\u00e4gga mig ned och d\u00f6.<\/p>\n<p>Jag tillbringar mycket tid p\u00e5 Ravelry eftersom det inte finns andra spinnare h\u00e4r i V\u00f6r\u00e5 d\u00e4r jag bor. Jag m\u00e5ste f\u00e5 tala med andra, och i forumet Spinning in Sweden tr\u00e4ffar jag andra spinnare som pratar p\u00e5 svenska. Ingrid \u00e4r moderator i detta inspirerande och h\u00e4rliga forum, d\u00e4r vi ocks\u00e5 diskuterar mycket annat \u00e4n fibrer och det stora under som sker n\u00e4r enskilda fibrer tr\u00e4ffas p\u00e5 en sl\u00e4nda eller en spinnrock och blir till garn. Ingrid och jag s\u00e5g f\u00f6r f\u00f6rsta g\u00e5ngen i verkliga livet i l\u00f6rdags, och det var ju helt&#8230; ja, vad ska man kalla s\u00e5nt? H\u00e4ftigt. Underbart. Fantastiskt. Roligt. Bra f\u00f6r magen. Efter m\u00e5nga \u00e5rs pratande p\u00e5 n\u00e4tet satt vi mitt emot varandra p\u00e5 ett caf\u00e9 och pratade i timmar.<\/p>\n<p>Ingrid hade varit p\u00e5 den \u00e5rliga stora spinnartr\u00e4ffen SOAR i USA. Hon hade med sig n\u00e5gra av de f\u00e4rg\u00f6vningar hon gjorde p\u00e5 en av kurserna. Ni vet, n\u00e4r man blandar fibrer i olika f\u00e4rg \u00e4r det som att m\u00e5la akvarell. Resultaten vid kardmaskin eller handkardor och i det f\u00e4rdiga garnet \u00f6verraskar st\u00e4ndigt. Titta p\u00e5 n\u00e5gra av Ingrids \u00f6vningar med f\u00e4rgade fibrer:<\/p>\n<p><a href=\"http:\/\/kravallslojd.se\/wordpress\/wp-content\/uploads\/2011\/10\/Ingrids-f%C3%A4rg%C3%B6vningar-1-web.jpg\" ><img decoding=\"async\" loading=\"lazy\" class=\"aligncenter size-medium wp-image-6527\" src=\"http:\/\/kravallslojd.se\/wordpress\/wp-content\/uploads\/2011\/10\/Ingrids-f%C3%A4rg%C3%B6vningar-1-web-300x200.jpg\" alt=\"\" width=\"300\" height=\"200\" \/><\/a><a href=\"http:\/\/kravallslojd.se\/wordpress\/wp-content\/uploads\/2011\/10\/Ingrids-f%C3%A4rg%C3%B6vningar-2-web.jpg\" ><img decoding=\"async\" loading=\"lazy\" class=\"aligncenter size-medium wp-image-6528\" src=\"http:\/\/kravallslojd.se\/wordpress\/wp-content\/uploads\/2011\/10\/Ingrids-f%C3%A4rg%C3%B6vningar-2-web-300x168.jpg\" alt=\"\" width=\"300\" height=\"168\" \/><\/a><\/p>\n<p>De senaste \u00e5ren har handspinnare \u00f6ver\u00f6sts med f\u00e4rgade fibrer. Det \u00e4r roligt att spinna, men sv\u00e5rt att anv\u00e4nda garn spunna av den typen av fibrer. S\u00e5 h\u00e4r kan de se ut: <a href=\"http:\/\/kravallslojd.se\/wordpress\/wp-content\/uploads\/2011\/10\/Handf%C3%A4rgade-fibrer.jpg\" ><img decoding=\"async\" loading=\"lazy\" class=\"aligncenter size-medium wp-image-6532\" src=\"http:\/\/kravallslojd.se\/wordpress\/wp-content\/uploads\/2011\/10\/Handf%C3%A4rgade-fibrer-300x225.jpg\" alt=\"\" width=\"300\" height=\"225\" \/><\/a><\/p>\n<p>Ni som jobbar med textil inser genast sv\u00e5righeterna med fibrer f\u00e4rgade p\u00e5 detta s\u00e4tt, men jag tror att ni ocks\u00e5 ser m\u00f6jligheterna. Beroende p\u00e5 hur man v\u00e4ljer att spinna f\u00e5r man o\u00e4ndligt m\u00e5nga olika resultat. Att sedan anv\u00e4nda garnerna i plagg eller v\u00e4vnader \u00e4r en helt annan sak. Det blir ofta r\u00e4nder eller p\u00f6lar av f\u00e4rg, inte alla roliga att titta p\u00e5 fast det naturligtvis finns v\u00e4ldigt fina alster ocks\u00e5.<\/p>\n<p>Efter R\u00f6hsska hade jag t\u00e4nkt g\u00e5 till Konstmuseet och titta p\u00e5 Jan L\u00f6\u00f6fs teckningar, men vet ni vad? N\u00e4r jag s\u00e5g trapporna upp till museet och k\u00e4nde hela tyngden av min ryggs\u00e4ck vek jag in p\u00e5 stadsbiblioteket i st\u00e4llet. Varf\u00f6r i hela friden ska konstmuseer vara s\u00e5 sv\u00e5ra att n\u00e5 f\u00f6r en vanlig d\u00f6dlig? Det \u00e4r lika illa i \u00c5bo som i G\u00f6teborg.<\/p>\n<p>N\u00e5, i alla fall. P\u00e5 biblioteket vankade jag runt i jakt p\u00e5 en stol d\u00e4r jag kunde lasta av mig en stund. Och var hamnade jag? Mitt framf\u00f6r en hylla d\u00e4r det stod tv\u00e5 ex av en bok jag slukade p\u00e5 80-talet:<\/p>\n<p><a href=\"http:\/\/kravallslojd.se\/wordpress\/wp-content\/uploads\/2011\/10\/IMG_0526.jpg\" ><img decoding=\"async\" loading=\"lazy\" class=\"aligncenter size-medium wp-image-6534\" src=\"http:\/\/kravallslojd.se\/wordpress\/wp-content\/uploads\/2011\/10\/IMG_0526-271x300.jpg\" alt=\"\" width=\"271\" height=\"300\" srcset=\"https:\/\/kravallslojd.se\/wordpress\/wp-content\/uploads\/2011\/10\/IMG_0526-271x300.jpg 271w, https:\/\/kravallslojd.se\/wordpress\/wp-content\/uploads\/2011\/10\/IMG_0526-926x1024.jpg 926w, https:\/\/kravallslojd.se\/wordpress\/wp-content\/uploads\/2011\/10\/IMG_0526.jpg 1619w\" sizes=\"(max-width: 271px) 100vw, 271px\" \/><\/a>Albers f\u00e4rgl\u00e4ra, vad s\u00e4gs om det? Det verkade som en l\u00e4mplig bok att avsluta min G\u00f6teborgsvistelse med, s\u00e5 jag l\u00e4ste litet i den och tittade p\u00e5 bilderna. Det finns en utg\u00e5va med enbart illustrationerna, men den \u00e4r sv\u00e5r att f\u00e5 tag i. Jag lyckades l\u00e5na den en g\u00e5ng och blev \u00f6verv\u00e4ldigad av m\u00e5ngfalden och det intrikata med f\u00e4rgers p\u00e5verkan p\u00e5 varandra.<\/p>\n<p>Men en sak hade jag kvar att uppleva. En ny f\u00f6rpackning. F\u00f6rpackningar kunde jag tala illa om ganska l\u00e4nge, men v\u00e4ljer att visa hur det kan g\u00e5 om man blandar sin yoghurt sj\u00e4lv och aldrig har sett detta nya f\u00f6rpackningsunderverk tidigare. Av n\u00e5gon outgrundlig anledning fick jag f\u00f6r mig att det bara \u00e4r att \u00f6ppna locket och \u00e4ta yoghurten som en glasstrut, allts\u00e5 slicka p\u00e5 den:<\/p>\n<p><a href=\"http:\/\/kravallslojd.se\/wordpress\/wp-content\/uploads\/2011\/10\/Yoghurtf%C3%B6rpackning.jpg\" ><img decoding=\"async\" loading=\"lazy\" class=\"aligncenter size-medium wp-image-6535\" src=\"http:\/\/kravallslojd.se\/wordpress\/wp-content\/uploads\/2011\/10\/Yoghurtf%C3%B6rpackning-300x206.jpg\" alt=\"\" width=\"300\" height=\"206\" \/><\/a>Men s\u00e5 var det ju inte&#8230;<\/p>\n<p>I morgon ska jag klaga p\u00e5 Finlands regering.<\/p>\n","protected":false},"excerpt":{"rendered":"<p>Jag var i G\u00f6teborg \u00f6ver veckoslutet. Min son Jukka Rintam\u00e4ki \u00e4r komposit\u00f6r och musiker. De senaste tio \u00e5ren har han arbetat mycket med att komponera f\u00f6r modern dans. Det var premi\u00e4r i fredags p\u00e5 G\u00f6teborgsoperan p\u00e5 Jukkas och koreografen Helena Franz\u00e9ns senaste produktion Fading, som ing\u00e5r i en helhet med tre koreografer, tre danskompanier och [&hellip;]<\/p>\n","protected":false},"author":180,"featured_media":6518,"comment_status":"open","ping_status":"open","sticky":false,"template":"","format":"standard","meta":[],"categories":[710],"tags":[711,712],"_links":{"self":[{"href":"https:\/\/kravallslojd.se\/wordpress\/index.php?rest_route=\/wp\/v2\/posts\/6517"}],"collection":[{"href":"https:\/\/kravallslojd.se\/wordpress\/index.php?rest_route=\/wp\/v2\/posts"}],"about":[{"href":"https:\/\/kravallslojd.se\/wordpress\/index.php?rest_route=\/wp\/v2\/types\/post"}],"author":[{"embeddable":true,"href":"https:\/\/kravallslojd.se\/wordpress\/index.php?rest_route=\/wp\/v2\/users\/180"}],"replies":[{"embeddable":true,"href":"https:\/\/kravallslojd.se\/wordpress\/index.php?rest_route=%2Fwp%2Fv2%2Fcomments&post=6517"}],"version-history":[{"count":15,"href":"https:\/\/kravallslojd.se\/wordpress\/index.php?rest_route=\/wp\/v2\/posts\/6517\/revisions"}],"predecessor-version":[{"id":6541,"href":"https:\/\/kravallslojd.se\/wordpress\/index.php?rest_route=\/wp\/v2\/posts\/6517\/revisions\/6541"}],"wp:featuredmedia":[{"embeddable":true,"href":"https:\/\/kravallslojd.se\/wordpress\/index.php?rest_route=\/wp\/v2\/media\/6518"}],"wp:attachment":[{"href":"https:\/\/kravallslojd.se\/wordpress\/index.php?rest_route=%2Fwp%2Fv2%2Fmedia&parent=6517"}],"wp:term":[{"taxonomy":"category","embeddable":true,"href":"https:\/\/kravallslojd.se\/wordpress\/index.php?rest_route=%2Fwp%2Fv2%2Fcategories&post=6517"},{"taxonomy":"post_tag","embeddable":true,"href":"https:\/\/kravallslojd.se\/wordpress\/index.php?rest_route=%2Fwp%2Fv2%2Ftags&post=6517"}],"curies":[{"name":"wp","href":"https:\/\/api.w.org\/{rel}","templated":true}]}}