{"id":671,"date":"2008-09-12T14:47:55","date_gmt":"2008-09-12T12:47:55","guid":{"rendered":"http:\/\/kravallslojd.se\/bloggs2\/?p=671"},"modified":"2008-09-12T14:47:55","modified_gmt":"2008-09-12T12:47:55","slug":"fredag-5","status":"publish","type":"post","link":"https:\/\/kravallslojd.se\/wordpress\/?p=671","title":{"rendered":"Fredag"},"content":{"rendered":"<p><a href=\"http:\/\/kravallslojd.se\/bloggs2\/wp-content\/uploads\/2008\/09\/mixerbord-ratt1.jpg\" ><\/a><a href=\"http:\/\/kravallslojd.se\/bloggs2\/wp-content\/uploads\/2008\/09\/det-kollektiva.jpg\" ><img decoding=\"async\" loading=\"lazy\" class=\"alignnone size-full wp-image-672\" src=\"http:\/\/kravallslojd.se\/bloggs2\/wp-content\/uploads\/2008\/09\/det-kollektiva.jpg\" alt=\"\" width=\"499\" height=\"99\" \/><\/a><\/p>\n<p class=\"MsoNormal\" style=\"0cm 0cm 0pt\"><em><span style=\"Verdana;\">H\u00e4r kommer forts\u00e4ttningen p\u00e5 min definition av hemsl\u00f6jd:<\/span><\/em><\/p>\n<p class=\"MsoNormal\" style=\"0cm 0cm 0pt\"><em><span style=\"Verdana;\">\u00a0\u00a0 <\/span><\/em><\/p>\n<p class=\"MsoNormal\" style=\"0cm 0cm 0pt\"><em><\/em><\/p>\n<p class=\"MsoNormal\" style=\"0cm 0cm 0pt\"><em><\/em><\/p>\n<p class=\"MsoNormal\" style=\"0cm 0cm 0pt\"><em><\/em><\/p>\n<p class=\"MsoNormal\" style=\"0cm 0cm 0pt\"><em><\/em><\/p>\n<p class=\"MsoNormal\" style=\"0cm 0cm 0pt\"><em><\/em><\/p>\n<p class=\"MsoNormal\" style=\"0cm 0cm 0pt\"><em><\/em><\/p>\n<p class=\"MsoNormal\" style=\"0cm 0cm 0pt\"><em><\/em><\/p>\n<p class=\"MsoNormal\" style=\"0cm 0cm 0pt\"><em><\/em><\/p>\n<p class=\"MsoNormal\" style=\"0cm 0cm 0pt\"><strong><\/strong><\/p>\n<p class=\"MsoNormal\" style=\"0cm 0cm 0pt\"><strong><\/strong><\/p>\n<p class=\"MsoNormal\" style=\"0cm 0cm 0pt\"><strong><span style=\"Verdana;\"><span style=\"Verdana;\">\u201dHemsl\u00f6jd uppst\u00e5r i individens transformation av det kollektiva. Det kollektiva i form av naturen och samh\u00e4llet.\u201d<\/span><\/span><\/strong><\/p>\n<p class=\"MsoNormal\" style=\"0cm 0cm 0pt\">\u00a0<\/p>\n<p class=\"MsoNormal\" style=\"0cm 0cm 0pt\"><img decoding=\"async\" loading=\"lazy\" class=\"alignnone size-full wp-image-673\" src=\"http:\/\/kravallslojd.se\/bloggs2\/wp-content\/uploads\/2008\/09\/naturen-gra.jpg\" alt=\"\" width=\"500\" height=\"356\" \/><\/p>\n<p class=\"MsoNormal\" style=\"0cm 0cm 0pt\">\u00a0<\/p>\n<p class=\"MsoNormal\" style=\"0cm 0cm 0pt\"><a href=\"http:\/\/kravallslojd.se\/bloggs2\/wp-content\/uploads\/2008\/09\/samhallet-gra.jpg\" ><img decoding=\"async\" loading=\"lazy\" class=\"alignnone size-full wp-image-674\" src=\"http:\/\/kravallslojd.se\/bloggs2\/wp-content\/uploads\/2008\/09\/samhallet-gra.jpg\" alt=\"\" width=\"500\" height=\"356\" \/><\/a><\/p>\n<p class=\"MsoNormal\" style=\"0cm 0cm 0pt\">\u00a0<\/p>\n<p><strong><\/strong><\/p>\n<p class=\"MsoNormal\" style=\"0cm 0cm 0pt\"><strong><\/strong><\/p>\n<p class=\"MsoNormal\" style=\"0cm 0cm 0pt\"><strong><\/strong><\/p>\n<p class=\"MsoNormal\" style=\"0cm 0cm 0pt\"><strong><\/strong><\/p>\n<p class=\"MsoNormal\" style=\"0cm 0cm 0pt\"><strong><span style=\"Verdana;\">\u201dKanske \u00e4r det i relationen till samh\u00e4llet som hemsl\u00f6jd allra tydligast skiljer sig fr\u00e5n konsthantverket. Hemsl\u00f6jdaren g\u00f6r kollektiva, f\u00e4rdigvalda val i skapandeprocessen till skillnad fr\u00e5n konsthantverkaren som g\u00f6r personliga, individuella val. Hemsl\u00f6jdaren bakar kanelbullar som hen formar till sn\u00e4ckor medan konsthantverkaren bakar grapekongresser.\u201d<\/span><\/strong><\/p>\n<p class=\"MsoNormal\" style=\"0cm 0cm 0pt\"><strong><span style=\"Verdana;\">\u201dHemsl\u00f6jd speglar det samtida samh\u00e4llet vilket g\u00f6r att hemsl\u00f6jd ser olika ut i Sverige och i Indien, p\u00e5 1700-talet och p\u00e5 2000-talet.\u201d<\/span><\/strong><\/p>\n<p class=\"MsoNormal\" style=\"0cm 0cm 0pt\">\u00a0<\/p>\n<p class=\"MsoNormal\" style=\"0cm 0cm 0pt\"><span style=\"Verdana;\">Sammanfattat ser jag hemsl\u00f6jdens kriterier som ett mixerbord, som en tankemodell f\u00f6r hemsl\u00f6jd.<\/span><\/p>\n<p class=\"MsoNormal\" style=\"0cm 0cm 0pt\"><span style=\"Verdana;\"><a href=\"http:\/\/kravallslojd.se\/bloggs2\/wp-content\/uploads\/2008\/09\/mixerbord-ratt2.jpg\" ><img decoding=\"async\" loading=\"lazy\" class=\"alignnone size-full wp-image-680\" src=\"http:\/\/kravallslojd.se\/bloggs2\/wp-content\/uploads\/2008\/09\/mixerbord-ratt2.jpg\" alt=\"\" width=\"500\" height=\"347\" \/><\/a><\/span><\/p>\n<p class=\"MsoNormal\" style=\"0cm 0cm 0pt\"><span style=\"Verdana;\"><span style=\"Verdana;\">Mixerbordet hj\u00e4lper mig att f\u00f6rtydliga min position. Strukturen l\u00e5ter mig f\u00f6rst\u00e5 vad som g\u00f6r mig till hemsl\u00f6jdare och vad som skiljer min hemsl\u00f6jdade s\u00e4ng fr\u00e5n Yngves svarvade ljusstakar.<\/span><\/span><\/p>\n<p class=\"MsoNormal\" style=\"0cm 0cm 0pt\"><span style=\"Verdana;\"><span style=\"Verdana;\">Mixerbordet ger mig ocks\u00e5 m\u00f6jlighet att byta ut, l\u00e4gga till och ta ifr\u00e5n parametrar, och det ger mig m\u00f6jlighet att h\u00f6ja och s\u00e4nka.<\/span><\/span><\/p>\n<p class=\"MsoNormal\" style=\"0cm 0cm 0pt\"><span style=\"Verdana;\"><span style=\"Verdana;\">Med hj\u00e4lp av mixerbordet har jag skapat regler och ramar f\u00f6r att ha n\u00e5got att st\u00f6tta och st\u00f6ta mig mot, f\u00f6r att ha n\u00e5got att utmana men ocks\u00e5 att ta avstamp ifr\u00e5n.<\/span><\/span><\/p>\n<p class=\"MsoNormal\" style=\"0cm 0cm 0pt\">\u00a0<\/p>\n<p class=\"MsoNormal\" style=\"0cm 0cm 0pt\">\u00a0<\/p>\n<p class=\"MsoNormal\" style=\"0cm 0cm 0pt\">\u00a0<\/p>\n<div class=\"MsoNormal\" style=\"0cm 0cm 0pt\"><span style=\"Verdana;\"><span style=\"Verdana;\"><span style=\"Verdana;\"><\/p>\n<div class=\"MsoNormal\" style=\"0cm 0cm 0pt\"><span style=\"Verdana;\"><span style=\"Verdana;\">Samtliga textutdrag infogade som bilder \u00e4r tagna ur skriften <em>Elina Holmgrens bet\u00e4nkande av 2007 \u00e5rs hemsl\u00f6jdsutredning. <\/em><\/span><\/span><span style=\"Verdana;\"><span style=\"Verdana;\"><span style=\"Verdana;\">(Skriften g\u00e5r att best\u00e4lla fr\u00e5n S\u00e4tergl\u00e4ntan, Hemsl\u00f6jdens G\u00e5rd.)<\/span><\/span><\/span><\/div>\n<p><\/span><\/span><\/span><\/div>\n","protected":false},"excerpt":{"rendered":"<p>H\u00e4r kommer forts\u00e4ttningen p\u00e5 min definition av hemsl\u00f6jd: \u00a0\u00a0 \u201dHemsl\u00f6jd uppst\u00e5r i individens transformation av det kollektiva. Det kollektiva i form av naturen och samh\u00e4llet.\u201d \u00a0 \u00a0 \u00a0 \u201dKanske \u00e4r det i relationen till samh\u00e4llet som hemsl\u00f6jd allra tydligast skiljer sig fr\u00e5n konsthantverket. Hemsl\u00f6jdaren g\u00f6r kollektiva, f\u00e4rdigvalda val i skapandeprocessen till skillnad fr\u00e5n konsthantverkaren som [&hellip;]<\/p>\n","protected":false},"author":10,"featured_media":0,"comment_status":"open","ping_status":"open","sticky":false,"template":"","format":"standard","meta":[],"categories":[17],"tags":[],"_links":{"self":[{"href":"https:\/\/kravallslojd.se\/wordpress\/index.php?rest_route=\/wp\/v2\/posts\/671"}],"collection":[{"href":"https:\/\/kravallslojd.se\/wordpress\/index.php?rest_route=\/wp\/v2\/posts"}],"about":[{"href":"https:\/\/kravallslojd.se\/wordpress\/index.php?rest_route=\/wp\/v2\/types\/post"}],"author":[{"embeddable":true,"href":"https:\/\/kravallslojd.se\/wordpress\/index.php?rest_route=\/wp\/v2\/users\/10"}],"replies":[{"embeddable":true,"href":"https:\/\/kravallslojd.se\/wordpress\/index.php?rest_route=%2Fwp%2Fv2%2Fcomments&post=671"}],"version-history":[{"count":10,"href":"https:\/\/kravallslojd.se\/wordpress\/index.php?rest_route=\/wp\/v2\/posts\/671\/revisions"}],"predecessor-version":[{"id":691,"href":"https:\/\/kravallslojd.se\/wordpress\/index.php?rest_route=\/wp\/v2\/posts\/671\/revisions\/691"}],"wp:attachment":[{"href":"https:\/\/kravallslojd.se\/wordpress\/index.php?rest_route=%2Fwp%2Fv2%2Fmedia&parent=671"}],"wp:term":[{"taxonomy":"category","embeddable":true,"href":"https:\/\/kravallslojd.se\/wordpress\/index.php?rest_route=%2Fwp%2Fv2%2Fcategories&post=671"},{"taxonomy":"post_tag","embeddable":true,"href":"https:\/\/kravallslojd.se\/wordpress\/index.php?rest_route=%2Fwp%2Fv2%2Ftags&post=671"}],"curies":[{"name":"wp","href":"https:\/\/api.w.org\/{rel}","templated":true}]}}