{"id":6922,"date":"2011-11-26T14:22:26","date_gmt":"2011-11-26T13:22:26","guid":{"rendered":"http:\/\/kravallslojd.se\/wordpress\/?p=6922"},"modified":"2011-11-26T14:22:26","modified_gmt":"2011-11-26T13:22:26","slug":"rysslandsresan","status":"publish","type":"post","link":"https:\/\/kravallslojd.se\/wordpress\/?p=6922","title":{"rendered":"Rysslandsresan"},"content":{"rendered":"<p>Sedan i november f\u00f6rra \u00e5ret har jag deltagit i ett projekt som heter Indigee, det \u00e4r ett gr\u00e4ns\u00f6verskridande projekt f\u00f6r urfolk i Sverige, Norge, Finland och norra Ryssland. Syftet \u00e4r ungef\u00e4r att st\u00f6tta och utveckla urfolksf\u00f6retagande, s\u00e5 det var d\u00e4rf\u00f6r jag s\u00f6kte mig dit.<\/p>\n<p>Det har varit ett sp\u00e4nnande och arbetsamt \u00e5r sen dess, vi har haft tre konferenser, en i Vilhelmina i Sverige, en i Enare i Finland och en i Naryan Mar i Ryssland.<\/p>\n<p>P\u00e5 konferenserna har vi f\u00e5tt g\u00e5 p\u00e5 f\u00f6rel\u00e4sningar inom bl a marknadsf\u00f6ring, design, urfolksperspektiv mm. Vi har gjort upp individuella planer f\u00f6r var och ens f\u00f6retag, och mellan konferenserna har vi jobbat med att f\u00f6rverkliga dem. Jag har t ex jobbat med min ambitioner om att starta ett varum\u00e4rke.<\/p>\n<p>I slutet av september i \u00e5r reste vi till Naryan Mar, det ligger i Nenets autonomous okrug, vilket \u00e4r ungef\u00e4rligen strax v\u00e4ster om Uralbergen uppe vid Ishavet.\u00a0 Precis norr om Naryan Mar ligger den stora \u00f6n Novaja Semja. Vi reste dit eftersom de rensk\u00f6tande folken Nenetser och Komi h\u00e5ller till i de trakterna, de hade ju tidigare bes\u00f6kt oss samer. De \u00e4r inte samer eller besl\u00e4ktade med oss.<\/p>\n<p><a href=\"http:\/\/kravallslojd.se\/wordpress\/wp-content\/uploads\/2011\/11\/komi.jpg\" ><img decoding=\"async\" loading=\"lazy\" class=\"aligncenter size-medium wp-image-6924\" src=\"http:\/\/kravallslojd.se\/wordpress\/wp-content\/uploads\/2011\/11\/komi-200x300.jpg\" alt=\"\" width=\"200\" height=\"300\" srcset=\"https:\/\/kravallslojd.se\/wordpress\/wp-content\/uploads\/2011\/11\/komi-200x300.jpg 200w, https:\/\/kravallslojd.se\/wordpress\/wp-content\/uploads\/2011\/11\/komi-682x1024.jpg 682w, https:\/\/kravallslojd.se\/wordpress\/wp-content\/uploads\/2011\/11\/komi.jpg 683w\" sizes=\"(max-width: 200px) 100vw, 200px\" \/><\/a><\/p>\n<p>Nenetserna liknar samer p\u00e5 m\u00e5nga s\u00e4tt, deras hantverk liknar v\u00e5rt d\u00e5 de ocks\u00e5 anv\u00e4nder material fr\u00e5n renen, och g\u00f6r funktionella plagg f\u00f6r rensk\u00f6tsel, de anv\u00e4nde ocks\u00e5 ulltyg i klara f\u00e4rger till sina dr\u00e4kter.<\/p>\n<p>&nbsp;<\/p>\n<p><div id=\"attachment_6923\" style=\"width: 310px\" class=\"wp-caption aligncenter\"><a href=\"http:\/\/kravallslojd.se\/wordpress\/wp-content\/uploads\/2011\/11\/nenets.jpg\" ><img aria-describedby=\"caption-attachment-6923\" decoding=\"async\" loading=\"lazy\" class=\"size-medium wp-image-6923\" src=\"http:\/\/kravallslojd.se\/wordpress\/wp-content\/uploads\/2011\/11\/nenets-300x286.jpg\" alt=\"\" width=\"300\" height=\"286\" srcset=\"https:\/\/kravallslojd.se\/wordpress\/wp-content\/uploads\/2011\/11\/nenets-300x286.jpg 300w, https:\/\/kravallslojd.se\/wordpress\/wp-content\/uploads\/2011\/11\/nenets.jpg 1024w\" sizes=\"(max-width: 300px) 100vw, 300px\" \/><\/a><p id=\"caption-attachment-6923\" class=\"wp-caption-text\">nenets kvinna<\/p><\/div><\/p>\n<p>Det som \u00e4r speciellt med deras hantverk \u00e4r att de g\u00f6r intrikata m\u00f6ster av sm\u00e5 sm\u00e5 bitar av renskinn, ett v\u00e4ldigt\u00a0pillrigt jobb men otroligt vackert tycker jag.<\/p>\n<p><div id=\"attachment_6926\" style=\"width: 310px\" class=\"wp-caption aligncenter\"><a href=\"http:\/\/kravallslojd.se\/wordpress\/wp-content\/uploads\/2011\/11\/skor.jpg\" ><img aria-describedby=\"caption-attachment-6926\" decoding=\"async\" loading=\"lazy\" class=\"size-medium wp-image-6926\" src=\"http:\/\/kravallslojd.se\/wordpress\/wp-content\/uploads\/2011\/11\/skor-300x229.jpg\" alt=\"\" width=\"300\" height=\"229\" srcset=\"https:\/\/kravallslojd.se\/wordpress\/wp-content\/uploads\/2011\/11\/skor-300x229.jpg 300w, https:\/\/kravallslojd.se\/wordpress\/wp-content\/uploads\/2011\/11\/skor.jpg 1024w\" sizes=\"(max-width: 300px) 100vw, 300px\" \/><\/a><p id=\"caption-attachment-6926\" class=\"wp-caption-text\">renskinns st\u00f6vlar<\/p><\/div><\/p>\n<p>&nbsp;<\/p>\n<p><div id=\"attachment_6927\" style=\"width: 310px\" class=\"wp-caption aligncenter\"><a href=\"http:\/\/kravallslojd.se\/wordpress\/wp-content\/uploads\/2011\/11\/v\u00e4ska.jpg\" ><img aria-describedby=\"caption-attachment-6927\" decoding=\"async\" loading=\"lazy\" class=\"size-medium wp-image-6927\" src=\"http:\/\/kravallslojd.se\/wordpress\/wp-content\/uploads\/2011\/11\/v\u00e4ska-300x225.jpg\" alt=\"\" width=\"300\" height=\"225\" srcset=\"https:\/\/kravallslojd.se\/wordpress\/wp-content\/uploads\/2011\/11\/v\u00e4ska-300x225.jpg 300w, https:\/\/kravallslojd.se\/wordpress\/wp-content\/uploads\/2011\/11\/v\u00e4ska-1024x768.jpg 1024w, https:\/\/kravallslojd.se\/wordpress\/wp-content\/uploads\/2011\/11\/v\u00e4ska.jpg 1480w\" sizes=\"(max-width: 300px) 100vw, 300px\" \/><\/a><p id=\"caption-attachment-6927\" class=\"wp-caption-text\">v\u00e4ska<\/p><\/div><\/p>\n<p>De bedriver en intensiv rensk\u00f6tsel, m\u00e4nnen bor i k\u00e5tor (chums) ute p\u00e5 tundran och vaktar renarna, de anv\u00e4nder t\u00e4mjda renar f\u00f6r att dra sl\u00e4dar. Barnen g\u00e5r i skolan inne i stan, och lever ett annat sorts liv.<\/p>\n<p><div id=\"attachment_6925\" style=\"width: 310px\" class=\"wp-caption aligncenter\"><a href=\"http:\/\/kravallslojd.se\/wordpress\/wp-content\/uploads\/2011\/11\/chum.jpg\" ><img aria-describedby=\"caption-attachment-6925\" decoding=\"async\" loading=\"lazy\" class=\"size-medium wp-image-6925\" src=\"http:\/\/kravallslojd.se\/wordpress\/wp-content\/uploads\/2011\/11\/chum-300x248.jpg\" alt=\"\" width=\"300\" height=\"248\" srcset=\"https:\/\/kravallslojd.se\/wordpress\/wp-content\/uploads\/2011\/11\/chum-300x248.jpg 300w, https:\/\/kravallslojd.se\/wordpress\/wp-content\/uploads\/2011\/11\/chum.jpg 1024w\" sizes=\"(max-width: 300px) 100vw, 300px\" \/><\/a><p id=\"caption-attachment-6925\" class=\"wp-caption-text\">fika utanf\u00f6r en chum<\/p><\/div><\/p>\n<p>Resan till Ryssland var min f\u00f6rsta, och det var verkligen ett kontasternas land! Vissa hus i staden saknade f\u00e4rg helt och hade trasiga rutor, s\u00e5 s\u00e5g man att det r\u00f6rde sig folk d\u00e4r inne, p\u00e5 andra sidan gatan kunde det ligga ett nybyggt superfint hus. S\u00e4rskilt i Moskva var det rena rama Turning Torso bredvid fallf\u00e4rdiga ruckel. Ryssarna var mycket v\u00e4nliga, och g\u00e4stfria mot oss.<\/p>\n<p>Flygresan med ryskt bolag fr\u00e5n Moskva till Naryan Mar var annorlunda mot svenska, n\u00e4r vi skulle landa i Moskva var det full storm och jag var livr\u00e4dd. En morgon fick man ett stekt \u00e4gg och t\u00e9 (bara det) till frukost, \u00a0p\u00e5 n\u00e4sta hotell var det 40 meters frukostbuff\u00e9 med en chokladfont\u00e4n i mitten!<\/p>\n<p>Det var en otrolig resa, som jag vill rekommendera alla att g\u00f6ra minst en g\u00e5ng i livet. Man f\u00e5r verkligen se en annan verklighet \u00e4n vad man \u00e4r van vid, utan att det f\u00f6r den delen \u00e4r en negativ upplevelse. Synd bara att det \u00e4r s\u00e5 kr\u00e5ngligt att resa dit, med visum etc.\u00a0 Ett tips om du reser dit, ta med toapapper, f\u00f6r det finns ingenstans.<\/p>\n","protected":false},"excerpt":{"rendered":"<p>Sedan i november f\u00f6rra \u00e5ret har jag deltagit i ett projekt som heter Indigee, det \u00e4r ett gr\u00e4ns\u00f6verskridande projekt f\u00f6r urfolk i Sverige, Norge, Finland och norra Ryssland. Syftet \u00e4r ungef\u00e4r att st\u00f6tta och utveckla urfolksf\u00f6retagande, s\u00e5 det var d\u00e4rf\u00f6r jag s\u00f6kte mig dit. Det har varit ett sp\u00e4nnande och arbetsamt \u00e5r sen dess, vi [&hellip;]<\/p>\n","protected":false},"author":185,"featured_media":0,"comment_status":"open","ping_status":"open","sticky":false,"template":"","format":"standard","meta":[],"categories":[799],"tags":[255,347,801,803],"_links":{"self":[{"href":"https:\/\/kravallslojd.se\/wordpress\/index.php?rest_route=\/wp\/v2\/posts\/6922"}],"collection":[{"href":"https:\/\/kravallslojd.se\/wordpress\/index.php?rest_route=\/wp\/v2\/posts"}],"about":[{"href":"https:\/\/kravallslojd.se\/wordpress\/index.php?rest_route=\/wp\/v2\/types\/post"}],"author":[{"embeddable":true,"href":"https:\/\/kravallslojd.se\/wordpress\/index.php?rest_route=\/wp\/v2\/users\/185"}],"replies":[{"embeddable":true,"href":"https:\/\/kravallslojd.se\/wordpress\/index.php?rest_route=%2Fwp%2Fv2%2Fcomments&post=6922"}],"version-history":[{"count":2,"href":"https:\/\/kravallslojd.se\/wordpress\/index.php?rest_route=\/wp\/v2\/posts\/6922\/revisions"}],"predecessor-version":[{"id":6929,"href":"https:\/\/kravallslojd.se\/wordpress\/index.php?rest_route=\/wp\/v2\/posts\/6922\/revisions\/6929"}],"wp:attachment":[{"href":"https:\/\/kravallslojd.se\/wordpress\/index.php?rest_route=%2Fwp%2Fv2%2Fmedia&parent=6922"}],"wp:term":[{"taxonomy":"category","embeddable":true,"href":"https:\/\/kravallslojd.se\/wordpress\/index.php?rest_route=%2Fwp%2Fv2%2Fcategories&post=6922"},{"taxonomy":"post_tag","embeddable":true,"href":"https:\/\/kravallslojd.se\/wordpress\/index.php?rest_route=%2Fwp%2Fv2%2Ftags&post=6922"}],"curies":[{"name":"wp","href":"https:\/\/api.w.org\/{rel}","templated":true}]}}