{"id":6965,"date":"2011-12-12T16:15:37","date_gmt":"2011-12-12T15:15:37","guid":{"rendered":"http:\/\/kravallslojd.se\/wordpress\/?p=6965"},"modified":"2011-12-12T16:15:37","modified_gmt":"2011-12-12T15:15:37","slug":"det-ar-mandag-och-jag-tanker-mest-pa-jane-eyre","status":"publish","type":"post","link":"https:\/\/kravallslojd.se\/wordpress\/?p=6965","title":{"rendered":"Det \u00e4r m\u00e5ndag och jag t\u00e4nker mest p\u00e5 Jane Eyre"},"content":{"rendered":"<p>Jag heter Mireille och bor i den fina staden G\u00f6teborg. Jag har det stora privilegiet att f\u00e5 jobba med min hobby och mitt stora intresse i livet. Ett av dom. Design. Desajn. Det l\u00e5ter flott. Men det \u00e4r ju bara ett ord. Jag sa l\u00e4nge att jag pysslar. Men d\u00e5 sa en dam \u00e5t mig, p\u00e5 en m\u00e4ssa som jag st\u00e4llde ut p\u00e5: &#8221;S\u00e4g inte pysslar! Du h\u00e5ller ju p\u00e5 med hantverk!&#8221; Och det g\u00f6r jag ju. Det g\u00f6r vi alla n\u00e4r vi skapar med v\u00e5ra h\u00e4nder, oavsett beg\u00e5vning erfarenhet eller utbildning. Och det \u00e4r precis det som jag vill att andra ocks\u00e5 ska f\u00e5 k\u00e4nna, s\u00e5 d\u00e4rf\u00f6r h\u00e5ller jag i kurser, workshops, inspirationstr\u00e4ffar och f\u00f6rel\u00e4sningar i just detta med att skapa och uppt\u00e4cka sin egen kreativitet.<\/p>\n<p>Och inriktningen jag har valt \u00e4r att \u00e5teranv\u00e4nda och \u00e5terskapa fr\u00e5n gammalt material. Jag g\u00f6r det f\u00f6r milj\u00f6ns skull. Inte bara jordens utan den inre milj\u00f6ns skull ocks\u00e5. V\u00e5r inre sj\u00e4lsliga milj\u00f6. F\u00f6r man m\u00e5r s\u00e5 bra av att hitta p\u00e5 n\u00e5got nytt. V\u00e4nda och vrida p\u00e5 material och se det ur ett annat perspektiv. Som f\u00f6r n\u00e5gon m\u00e5nad sedan n\u00e4r jag h\u00f6ll i en helgkurs och deltagarna skulle sy om sin garderob och ta till vara det som bara h\u00e4ngde. D\u00e5 v\u00e4nde vi p\u00e5 och klippte i en trik\u00e5byxa och vips s\u00e5 blev det en bolero. DEN aha-upplevelsen liksom. Den \u00e4r s\u00e5 sk\u00f6n. Och smittsam.<\/p>\n<p>Jag har ett eget designm\u00e4rke ocks\u00e5. &#8217;I min garderob&#8217;. Heter den. Och det b\u00f6rjade s\u00e5. I min garderob. Jag sydde och skapade d\u00e4r. Plockade gamla plagg och gjorde nytt. Trasiga halsband blev \u00f6rh\u00e4ngen. Ungef\u00e4r s\u00e5.<\/p>\n<p>Den h\u00e4r veckan hade jag t\u00e4nkt blogga lite om allt det h\u00e4r. Och hur jag f\u00e5r inspiration till nya kollektioner. Som det h\u00e4r med Jane Eyre. Jag s\u00e5g den nya filmen i helgen och har bara dom vackra spetskragarna i huvudet nu. Och bl\u00f6ta, leriga hedar och nerbr\u00e4nda gods. Och det vackra i att inte vara snygg, utan bara vara sig sj\u00e4lv.<\/p>\n<p>Den h\u00e4r veckan \u00e4r lite mer speciell \u00e4n andra. Jag ska n\u00e4mligen f\u00e5 min nya kl\u00e4nningskollektion fotograferad och stylad av ett riktigt modeteam p\u00e5 s\u00f6ndag. Det k\u00e4nns hur pirrigt och stort som helst. S\u00e5 jag hoppas kunna dela med mig lite av f\u00f6rberedelserna kring det och smygvisa lite av kollektionen. Och kanske lite behind the scenes p\u00e5 s\u00f6ndag innan jag avslutar min bloggvecka h\u00e4r p\u00e5 Kravallsl\u00f6jd.<\/p>\n<p>\u00d6rh\u00e4ngena p\u00e5 bilden har jag gjort av gamla virkade dukar, och tofsarna har jag gjort av sysilke. Och dom finns <a target=\"_blank\" href=\"https:\/\/epla.se\/handlaget\/produkter\/292079\/\" >h\u00e4r<\/a>.<\/p>\n<p>Ha nu en riktigt fin m\u00e5ndagseftermiddag och kv\u00e4ll.<\/p>\n<p>&nbsp;<\/p>\n<p>&nbsp;<\/p>\n<p>&nbsp;<\/p>\n<p><a href=\"http:\/\/kravallslojd.se\/wordpress\/wp-content\/uploads\/2011\/12\/imich041.jpg\" ><img decoding=\"async\" loading=\"lazy\" class=\"aligncenter size-medium wp-image-6971\" src=\"http:\/\/kravallslojd.se\/wordpress\/wp-content\/uploads\/2011\/12\/imich041-300x200.jpg\" alt=\"\" width=\"300\" height=\"200\" srcset=\"https:\/\/kravallslojd.se\/wordpress\/wp-content\/uploads\/2011\/12\/imich041-300x200.jpg 300w, https:\/\/kravallslojd.se\/wordpress\/wp-content\/uploads\/2011\/12\/imich041.jpg 640w\" sizes=\"(max-width: 300px) 100vw, 300px\" \/><\/a><\/p>\n<p>&nbsp;<\/p>\n","protected":false},"excerpt":{"rendered":"<p>Jag heter Mireille och bor i den fina staden G\u00f6teborg. Jag har det stora privilegiet att f\u00e5 jobba med min hobby och mitt stora intresse i livet. Ett av dom. Design. Desajn. Det l\u00e5ter flott. Men det \u00e4r ju bara ett ord. Jag sa l\u00e4nge att jag pysslar. Men d\u00e5 sa en dam \u00e5t mig, [&hellip;]<\/p>\n","protected":false},"author":188,"featured_media":0,"comment_status":"open","ping_status":"open","sticky":false,"template":"","format":"standard","meta":[],"categories":[806],"tags":[348,807,808,216],"_links":{"self":[{"href":"https:\/\/kravallslojd.se\/wordpress\/index.php?rest_route=\/wp\/v2\/posts\/6965"}],"collection":[{"href":"https:\/\/kravallslojd.se\/wordpress\/index.php?rest_route=\/wp\/v2\/posts"}],"about":[{"href":"https:\/\/kravallslojd.se\/wordpress\/index.php?rest_route=\/wp\/v2\/types\/post"}],"author":[{"embeddable":true,"href":"https:\/\/kravallslojd.se\/wordpress\/index.php?rest_route=\/wp\/v2\/users\/188"}],"replies":[{"embeddable":true,"href":"https:\/\/kravallslojd.se\/wordpress\/index.php?rest_route=%2Fwp%2Fv2%2Fcomments&post=6965"}],"version-history":[{"count":5,"href":"https:\/\/kravallslojd.se\/wordpress\/index.php?rest_route=\/wp\/v2\/posts\/6965\/revisions"}],"predecessor-version":[{"id":6972,"href":"https:\/\/kravallslojd.se\/wordpress\/index.php?rest_route=\/wp\/v2\/posts\/6965\/revisions\/6972"}],"wp:attachment":[{"href":"https:\/\/kravallslojd.se\/wordpress\/index.php?rest_route=%2Fwp%2Fv2%2Fmedia&parent=6965"}],"wp:term":[{"taxonomy":"category","embeddable":true,"href":"https:\/\/kravallslojd.se\/wordpress\/index.php?rest_route=%2Fwp%2Fv2%2Fcategories&post=6965"},{"taxonomy":"post_tag","embeddable":true,"href":"https:\/\/kravallslojd.se\/wordpress\/index.php?rest_route=%2Fwp%2Fv2%2Ftags&post=6965"}],"curies":[{"name":"wp","href":"https:\/\/api.w.org\/{rel}","templated":true}]}}