{"id":6982,"date":"2011-12-14T17:38:46","date_gmt":"2011-12-14T16:38:46","guid":{"rendered":"http:\/\/kravallslojd.se\/wordpress\/?p=6982"},"modified":"2011-12-14T17:38:46","modified_gmt":"2011-12-14T16:38:46","slug":"jag-langtar-redan-efter-sommaren-och-anda-sa-vill-jag-ha-sno","status":"publish","type":"post","link":"https:\/\/kravallslojd.se\/wordpress\/?p=6982","title":{"rendered":"Jag l\u00e4ngtar redan efter sommaren och \u00e4nd\u00e5 s\u00e5 vill jag ha sn\u00f6"},"content":{"rendered":"<p>Sn\u00f6n skulle lysa upp s\u00e5 bra. Jag \u00e4lskar knirret och knarret av sn\u00f6n. Jag \u00e4lskar n\u00e4r mina broddar poppar p\u00e5 isfl\u00e4ckarna. Broddar. Jag b\u00f6rjade med det f\u00f6rra vintern. Alldeles p\u00e5 tok f\u00f6r m\u00e5nga \u00e5r f\u00f6r sent.<\/p>\n<p>Annars t\u00e4nker jag redan p\u00e5 sommaren, hur jag ska njuta p\u00e5 n\u00e5gon \u00f6 vid havet och slippa all pollen. Hoppas jag. F\u00f6r inte en till sommar som den som var i \u00e5r&#8230;<\/p>\n<p>Jag t\u00e4nker ocks\u00e5 p\u00e5 smycken av naturmaterial som n\u00e4stan ser ut som om dom \u00e4r ett med kroppen, som n\u00e5got som fastnat i h\u00e5ret av friska sommarvindar. Ljust. Vitt. Organiskt. Kanske b\u00f6rja smida i silver igen. Det \u00e4r ett underbart material att ha mellan fingrarna. Att se sammanfogningen n\u00e4r lodet sm\u00e4lter in.<\/p>\n<p>&nbsp;<\/p>\n<p style=\"text-align: center\">Idag s\u00e5g jag ut s\u00e5h\u00e4r:<\/p>\n<p><a href=\"http:\/\/kravallslojd.se\/wordpress\/wp-content\/uploads\/2011\/12\/mail-6.jpeg\" ><img decoding=\"async\" loading=\"lazy\" class=\"aligncenter size-full wp-image-6984\" src=\"http:\/\/kravallslojd.se\/wordpress\/wp-content\/uploads\/2011\/12\/mail-6.jpeg\" alt=\"\" width=\"124\" height=\"166\" \/><\/a><\/p>\n<p style=\"text-align: center\">Kl\u00e4nningen har jag sytt av ett gammalt p\u00e5slakan i riktigt fint och bevarat skick. Det fick jag av min k\u00e4ra v\u00e4n Birgitta som \u00e4ven har m\u00e5lat den fina bilden p\u00e5 min pin\/badge.<\/p>\n<p style=\"text-align: center\"><a href=\"http:\/\/kravallslojd.se\/wordpress\/wp-content\/uploads\/2011\/12\/P1130455.jpg\" ><img decoding=\"async\" loading=\"lazy\" class=\"size-medium wp-image-6983\" src=\"http:\/\/kravallslojd.se\/wordpress\/wp-content\/uploads\/2011\/12\/P1130455-208x300.jpg\" alt=\"\" width=\"208\" height=\"300\" srcset=\"https:\/\/kravallslojd.se\/wordpress\/wp-content\/uploads\/2011\/12\/P1130455-208x300.jpg 208w, https:\/\/kravallslojd.se\/wordpress\/wp-content\/uploads\/2011\/12\/P1130455.jpg 713w\" sizes=\"(max-width: 208px) 100vw, 208px\" \/><\/a><\/p>\n","protected":false},"excerpt":{"rendered":"<p>Sn\u00f6n skulle lysa upp s\u00e5 bra. Jag \u00e4lskar knirret och knarret av sn\u00f6n. Jag \u00e4lskar n\u00e4r mina broddar poppar p\u00e5 isfl\u00e4ckarna. Broddar. Jag b\u00f6rjade med det f\u00f6rra vintern. Alldeles p\u00e5 tok f\u00f6r m\u00e5nga \u00e5r f\u00f6r sent. Annars t\u00e4nker jag redan p\u00e5 sommaren, hur jag ska njuta p\u00e5 n\u00e5gon \u00f6 vid havet och slippa all pollen. [&hellip;]<\/p>\n","protected":false},"author":188,"featured_media":0,"comment_status":"open","ping_status":"open","sticky":false,"template":"","format":"standard","meta":[],"categories":[806],"tags":[135],"_links":{"self":[{"href":"https:\/\/kravallslojd.se\/wordpress\/index.php?rest_route=\/wp\/v2\/posts\/6982"}],"collection":[{"href":"https:\/\/kravallslojd.se\/wordpress\/index.php?rest_route=\/wp\/v2\/posts"}],"about":[{"href":"https:\/\/kravallslojd.se\/wordpress\/index.php?rest_route=\/wp\/v2\/types\/post"}],"author":[{"embeddable":true,"href":"https:\/\/kravallslojd.se\/wordpress\/index.php?rest_route=\/wp\/v2\/users\/188"}],"replies":[{"embeddable":true,"href":"https:\/\/kravallslojd.se\/wordpress\/index.php?rest_route=%2Fwp%2Fv2%2Fcomments&post=6982"}],"version-history":[{"count":3,"href":"https:\/\/kravallslojd.se\/wordpress\/index.php?rest_route=\/wp\/v2\/posts\/6982\/revisions"}],"predecessor-version":[{"id":6987,"href":"https:\/\/kravallslojd.se\/wordpress\/index.php?rest_route=\/wp\/v2\/posts\/6982\/revisions\/6987"}],"wp:attachment":[{"href":"https:\/\/kravallslojd.se\/wordpress\/index.php?rest_route=%2Fwp%2Fv2%2Fmedia&parent=6982"}],"wp:term":[{"taxonomy":"category","embeddable":true,"href":"https:\/\/kravallslojd.se\/wordpress\/index.php?rest_route=%2Fwp%2Fv2%2Fcategories&post=6982"},{"taxonomy":"post_tag","embeddable":true,"href":"https:\/\/kravallslojd.se\/wordpress\/index.php?rest_route=%2Fwp%2Fv2%2Ftags&post=6982"}],"curies":[{"name":"wp","href":"https:\/\/api.w.org\/{rel}","templated":true}]}}