{"id":7448,"date":"2012-03-11T22:46:03","date_gmt":"2012-03-11T21:46:03","guid":{"rendered":"http:\/\/kravallslojd.se\/wordpress\/?p=7448"},"modified":"2012-03-11T22:46:03","modified_gmt":"2012-03-11T21:46:03","slug":"7448","status":"publish","type":"post","link":"https:\/\/kravallslojd.se\/wordpress\/?p=7448","title":{"rendered":""},"content":{"rendered":"<p>Helt galet vad denna vecka gick fort!<\/p>\n<p>N\u00e4r jag fick erbjudandet om att blogga h\u00e4r p\u00e5 Kravallsl\u00f6jd var jag arbetsl\u00f6s och\u00a0 virkade mest j\u00e4mt. Nu n\u00e5gra veckor senare har jag blivit med heltidsjobb s\u00e5 virkandet f\u00e5r st\u00e5 tillbaka n\u00e5got. Eftersom jag slutar \u00e5tta om kv\u00e4llarna s\u00e5 har inl\u00e4ggen kommit ganska sent p\u00e5 kv\u00e4llarna och sedan blev det s\u00f6ndag, helt pl\u00f6tsligt&#8230;<\/p>\n<p>Det \u00e4r sv\u00e5rt att begr\u00e4nsa sig och inse att att resten av v\u00e4rlden inte tar paus bara f\u00f6r att jag VILL VIRKA!!! Men det hade ju onekligen varit praktiskt om s\u00e5 var fallet. Ist\u00e4llet har jag f\u00e5tt begr\u00e4nsa best\u00e4llningsjobben till ett minimum f\u00f6r tillf\u00e4llet. Dock kryper inspirationen fram ur ov\u00e4ntade g\u00f6mmor och bjuder p\u00e5 denna veckas &#8221;fikapausprojekt&#8221;. En liten hyllning till de fem musikaliska pojkarna med lugg..<\/p>\n<p>Yellow Submarine &#8211; tofflor :)<\/p>\n<p><a href=\"http:\/\/kravallslojd.se\/wordpress\/wp-content\/uploads\/2012\/03\/yellsub.jpg\" ><img decoding=\"async\" loading=\"lazy\" class=\"aligncenter size-medium wp-image-7449\" src=\"http:\/\/kravallslojd.se\/wordpress\/wp-content\/uploads\/2012\/03\/yellsub-300x199.jpg\" alt=\"\" width=\"300\" height=\"199\" srcset=\"https:\/\/kravallslojd.se\/wordpress\/wp-content\/uploads\/2012\/03\/yellsub-300x199.jpg 300w, https:\/\/kravallslojd.se\/wordpress\/wp-content\/uploads\/2012\/03\/yellsub.jpg 340w\" sizes=\"(max-width: 300px) 100vw, 300px\" \/><\/a><\/p>\n","protected":false},"excerpt":{"rendered":"<p>Helt galet vad denna vecka gick fort! N\u00e4r jag fick erbjudandet om att blogga h\u00e4r p\u00e5 Kravallsl\u00f6jd var jag arbetsl\u00f6s och\u00a0 virkade mest j\u00e4mt. Nu n\u00e5gra veckor senare har jag blivit med heltidsjobb s\u00e5 virkandet f\u00e5r st\u00e5 tillbaka n\u00e5got. Eftersom jag slutar \u00e5tta om kv\u00e4llarna s\u00e5 har inl\u00e4ggen kommit ganska sent p\u00e5 kv\u00e4llarna och sedan [&hellip;]<\/p>\n","protected":false},"author":197,"featured_media":0,"comment_status":"open","ping_status":"open","sticky":false,"template":"","format":"standard","meta":[],"categories":[888],"tags":[348,889],"_links":{"self":[{"href":"https:\/\/kravallslojd.se\/wordpress\/index.php?rest_route=\/wp\/v2\/posts\/7448"}],"collection":[{"href":"https:\/\/kravallslojd.se\/wordpress\/index.php?rest_route=\/wp\/v2\/posts"}],"about":[{"href":"https:\/\/kravallslojd.se\/wordpress\/index.php?rest_route=\/wp\/v2\/types\/post"}],"author":[{"embeddable":true,"href":"https:\/\/kravallslojd.se\/wordpress\/index.php?rest_route=\/wp\/v2\/users\/197"}],"replies":[{"embeddable":true,"href":"https:\/\/kravallslojd.se\/wordpress\/index.php?rest_route=%2Fwp%2Fv2%2Fcomments&post=7448"}],"version-history":[{"count":3,"href":"https:\/\/kravallslojd.se\/wordpress\/index.php?rest_route=\/wp\/v2\/posts\/7448\/revisions"}],"predecessor-version":[{"id":7452,"href":"https:\/\/kravallslojd.se\/wordpress\/index.php?rest_route=\/wp\/v2\/posts\/7448\/revisions\/7452"}],"wp:attachment":[{"href":"https:\/\/kravallslojd.se\/wordpress\/index.php?rest_route=%2Fwp%2Fv2%2Fmedia&parent=7448"}],"wp:term":[{"taxonomy":"category","embeddable":true,"href":"https:\/\/kravallslojd.se\/wordpress\/index.php?rest_route=%2Fwp%2Fv2%2Fcategories&post=7448"},{"taxonomy":"post_tag","embeddable":true,"href":"https:\/\/kravallslojd.se\/wordpress\/index.php?rest_route=%2Fwp%2Fv2%2Ftags&post=7448"}],"curies":[{"name":"wp","href":"https:\/\/api.w.org\/{rel}","templated":true}]}}