{"id":745,"date":"2008-09-29T20:19:50","date_gmt":"2008-09-29T18:19:50","guid":{"rendered":"http:\/\/kravallslojd.se\/bloggs2\/?p=745"},"modified":"2008-09-29T20:19:50","modified_gmt":"2008-09-29T18:19:50","slug":"mandag-4","status":"publish","type":"post","link":"https:\/\/kravallslojd.se\/wordpress\/?p=745","title":{"rendered":"M\u00c5NDAG"},"content":{"rendered":"<p class=\"MsoNoSpacing\" style=\"0cm 0cm 0pt;\"><span style=\"Arial;\">S\u00e5 nu \u00e5ker vi, min f\u00f6rst blogg n\u00e5gonsin. Det k\u00e4nns v\u00e4ldigt sp\u00e4nnande att f\u00e5 dela med sig av sina tankar och funderingar h\u00e4r p\u00e5 kravallsl\u00f6jd.<\/span><\/p>\n<p class=\"MsoNoSpacing\" style=\"0cm 0cm 0pt;\"><span style=\"Arial;\">Jag fick f\u00f6rfr\u00e5gan om jag ville blogga h\u00e4r eftersom jag just nu h\u00e5ller p\u00e5 att utbilda mig till tr\u00e4dg\u00e5rdsm\u00e4stare och <span style=\"yes;\">\u00a0<\/span>just det \u00e4mnet, tr\u00e4dg\u00e5rd och hantverk inte hade f\u00e5tt g\u00f6ra sig h\u00f6rd h\u00e4r innan.<\/span><\/p>\n<p class=\"MsoNoSpacing\" style=\"0cm 0cm 0pt;\"><span style=\"Arial;\">S\u00e5 min bloggvecka kommer handla just om det. Mina tankar och erfarenheter om och kring sl\u00f6jd och tr\u00e4dg\u00e5rd.<\/span><\/p>\n<p class=\"MsoNoSpacing\" style=\"0cm 0cm 0pt;\"><span style=\"Arial;\">\u00a0<\/span><\/p>\n<p class=\"MsoNoSpacing\" style=\"0cm 0cm 0pt;\"><span style=\"Arial;\">Jag kommer tex. att skriva om mitt examensarbete som jag utf\u00f6rde under v\u00e5ren och sommaren tidigare i \u00e5r. <\/span><\/p>\n<p class=\"MsoNoSpacing\" style=\"0cm 0cm 0pt;\"><span style=\"Arial;\">Arbetet gick ut p\u00e5 att man i grupp skulle skapa och anl\u00e4gga en liten \u201dfickpark\u201d eller \u201did\u00e9tr\u00e4dg\u00e5rd\u201d. Vi var fem olika grupper som gemensamt kom fram till ett sammanh\u00e4ngade tema som vi skulle h\u00e5lla oss till. Sen utifr\u00e5n det fick vi utforma v\u00e5ra tr\u00e4dg\u00e5rdar hur vi ville. Ytan som vi hade att jobba med bestod av fem sammanh\u00e4ngande rutor om 64 kvadratmeter vardera. Alla tr\u00e4dg\u00e5rdarna hade en given form och placering i f\u00f6rh\u00e5llande till de andra grupperna. <\/span><\/p>\n<p class=\"MsoNoSpacing\" style=\"0cm 0cm 0pt;\"><span style=\"SV;\"><span style=\"x-small;\"><span style=\"Arial;\">Det gemensamma \u00e4mnet f\u00f6r tematr\u00e4dg\u00e5rdarna var\u00a0botaniska familjer.\u00a0Varje grupp har f\u00e5tt utse en v\u00e4xtfamilj att\u00a0v\u00e4lja v\u00e4xter ur till sin tr\u00e4dg\u00e5rd. De familjer som valdes av de olika grupperna var:<\/span><\/span><\/span><\/p>\n<p class=\"MsoNoSpacing\" style=\"0cm 0cm 0pt;\"><span style=\"SV;\"><span style=\"Arial;\">\u00a0<\/span><\/span><\/p>\n<p class=\"MsoNoSpacing\" style=\"l0 level1 lfo1;\"><span style=\"SV;\"><span style=\"Ignore;\"><span style=\"x-small;\">\u00b7<\/span><span style=\"7pt &quot;Times New Roman&quot;;\">\u00a0\u00a0\u00a0\u00a0\u00a0\u00a0\u00a0\u00a0 <\/span><\/span><\/span><span style=\"SV;\"><span style=\"x-small;\"><span style=\"Arial;\">Asteraceae (asterv\u00e4xter) <\/span><\/span><\/span><\/p>\n<p class=\"MsoNoSpacing\" style=\"l0 level1 lfo1;\"><span style=\"SV;\"><span style=\"Ignore;\"><span style=\"x-small;\">\u00b7<\/span><span style=\"7pt &quot;Times New Roman&quot;;\">\u00a0\u00a0\u00a0\u00a0\u00a0\u00a0\u00a0\u00a0 <\/span><\/span><\/span><span style=\"SV;\"><span style=\"x-small;\"><span style=\"Arial;\">Poaceae (gr\u00e4s) <\/span><\/span><\/span><\/p>\n<p class=\"MsoNoSpacing\" style=\"l0 level1 lfo1;\"><span style=\"SV;\"><span style=\"Ignore;\"><span style=\"x-small;\">\u00b7<\/span><span style=\"7pt &quot;Times New Roman&quot;;\">\u00a0\u00a0\u00a0\u00a0\u00a0\u00a0\u00a0\u00a0 <\/span><\/span><\/span><span style=\"SV;\"><span style=\"x-small;\"><span style=\"Arial;\">Lamiaceae (plisterv\u00e4xter) <\/span><\/span><\/span><\/p>\n<p class=\"MsoNoSpacing\" style=\"l0 level1 lfo1;\"><span style=\"SV;\"><span style=\"Ignore;\"><span style=\"x-small;\">\u00b7<\/span><span style=\"7pt &quot;Times New Roman&quot;;\">\u00a0\u00a0\u00a0\u00a0\u00a0\u00a0\u00a0\u00a0 <\/span><\/span><\/span><span style=\"SV;\"><span style=\"x-small;\"><span style=\"Arial;\">Saxifragaceae (stenbr\u00e4ckev\u00e4xter) <\/span><\/span><\/span><\/p>\n<p class=\"MsoNoSpacing\" style=\"l0 level1 lfo1;\"><span style=\"SV;\"><span style=\"Ignore;\"><span style=\"x-small;\">\u00b7<\/span><span style=\"7pt &quot;Times New Roman&quot;;\">\u00a0\u00a0\u00a0\u00a0\u00a0\u00a0\u00a0\u00a0 <\/span><\/span><\/span><span style=\"SV;\"><span style=\"x-small;\"><span style=\"Arial;\">Ranunculaceae (ranunkelv\u00e4xter)<\/span><\/span><\/span><\/p>\n<p class=\"MsoNoSpacing\" style=\"0cm 0cm 0pt;\"><span style=\"SV;\"><br \/>\n<span style=\"x-small;\"><span style=\"Arial;\">Utifr\u00e5n detta har vi\u00a0sedan ritat f\u00f6rslag som presenterats och bollats med\u00a0en styrgrupp best\u00e5ende av l\u00e4rare i utbildningen, samt\u00a0stadstr\u00e4dg\u00e5rdsm\u00e4staren i Enk\u00f6pings kommun, Tomas Lindvall.\u00a0<\/span><\/span><\/span><\/p>\n<p class=\"MsoNoSpacing\" style=\"0cm 0cm 0pt;\"><span style=\"Arial;\">N\u00e4r utformningen p\u00e5 tr\u00e4dg\u00e5rdarna sen var klar skulle vi allts\u00e5 anl\u00e4gga dessa tr\u00e4dg\u00e5rdar i en av Enk\u00f6pingskommuns m\u00e5nga parker. D\u00e4r dom sen skulle bli besk\u00e5dade av bes\u00f6kare av fr\u00e5n f\u00f6rhoppningsvis hela Sverige.<\/span><\/p>\n<p class=\"MsoNoSpacing\" style=\"0cm 0cm 0pt;\"><span style=\"Arial;\">\u00a0<\/span><\/p>\n<p class=\"MsoNoSpacing\" style=\"0cm 0cm 0pt;\"><span style=\"Arial;\"><span style=\"AR-SA;\">\u00a0<a href=\"http:\/\/kravallslojd.se\/bloggs2\/wp-content\/uploads\/2008\/09\/uppstart.jpg\" ><img decoding=\"async\" loading=\"lazy\" class=\"alignnone size-medium wp-image-746\" src=\"http:\/\/kravallslojd.se\/bloggs2\/wp-content\/uploads\/2008\/09\/uppstart-300x199.jpg\" alt=\"\" width=\"300\" height=\"199\" \/><\/a><\/span><\/span><\/p>\n<p class=\"MsoNoSpacing\" style=\"0cm 0cm 0pt;\"><span style=\"Arial;\"><span style=\"Arial;\">Foto: <span style=\"black;\">Madeleine Elmquist-Axelsson<\/span><\/span><\/span><\/p>\n<p class=\"MsoNoSpacing\" style=\"0cm 0cm 0pt;\"><span style=\"Arial;\"><span style=\"Arial;\">\u00a0<\/span><\/span><\/p>\n<p class=\"MsoNoSpacing\" style=\"0cm 0cm 0pt;\"><span style=\"Arial;\">S\u00e5 h\u00e4r s\u00e5g det ut n\u00e4r vi kom till v\u00e5ra \u201drutor\u201d f\u00f6rsta arbetsdagen, helt tomt och platt. Men ca tre veckor senare kommer det att se mycket frodigare och gr\u00f6nare ut.<\/span><\/p>\n<p class=\"MsoNoSpacing\" style=\"0cm 0cm 0pt;\"><span style=\"Arial;\">S\u00e5 om detta jobb och lite mer kommer jag under denna vecka att skriva om.<\/span><\/p>\n<p class=\"MsoNoSpacing\" style=\"0cm 0cm 0pt;\"><span style=\"Arial;\">\u00a0<\/span><\/p>\n<p class=\"MsoNoSpacing\" style=\"0cm 0cm 0pt;\"><span style=\"Arial;\">Dagens uppmaning ifr\u00e5n mig: <\/span><\/p>\n<p class=\"MsoNoSpacing\" style=\"0cm 0cm 0pt;\"><span style=\"Arial;\">Under morgorndagen tycker jag att ni alla ska g\u00e5 ut i h\u00f6stv\u00e4dret och njuta av alla underbara f\u00e4rger som naturen precis h\u00e5ller p\u00e5 att frambringa. L\u00e5t er inspireras av dess och skapa massor av fantastiska sl\u00f6jdalster <span style=\"yes;\">\u00a0<\/span>i makal\u00f6sa f\u00e4rgkombinationer.<\/span><\/p>\n","protected":false},"excerpt":{"rendered":"<p>S\u00e5 nu \u00e5ker vi, min f\u00f6rst blogg n\u00e5gonsin. Det k\u00e4nns v\u00e4ldigt sp\u00e4nnande att f\u00e5 dela med sig av sina tankar och funderingar h\u00e4r p\u00e5 kravallsl\u00f6jd. Jag fick f\u00f6rfr\u00e5gan om jag ville blogga h\u00e4r eftersom jag just nu h\u00e5ller p\u00e5 att utbilda mig till tr\u00e4dg\u00e5rdsm\u00e4stare och \u00a0just det \u00e4mnet, tr\u00e4dg\u00e5rd och hantverk inte hade f\u00e5tt g\u00f6ra [&hellip;]<\/p>\n","protected":false},"author":11,"featured_media":0,"comment_status":"open","ping_status":"open","sticky":false,"template":"","format":"standard","meta":[],"categories":[32],"tags":[],"_links":{"self":[{"href":"https:\/\/kravallslojd.se\/wordpress\/index.php?rest_route=\/wp\/v2\/posts\/745"}],"collection":[{"href":"https:\/\/kravallslojd.se\/wordpress\/index.php?rest_route=\/wp\/v2\/posts"}],"about":[{"href":"https:\/\/kravallslojd.se\/wordpress\/index.php?rest_route=\/wp\/v2\/types\/post"}],"author":[{"embeddable":true,"href":"https:\/\/kravallslojd.se\/wordpress\/index.php?rest_route=\/wp\/v2\/users\/11"}],"replies":[{"embeddable":true,"href":"https:\/\/kravallslojd.se\/wordpress\/index.php?rest_route=%2Fwp%2Fv2%2Fcomments&post=745"}],"version-history":[{"count":1,"href":"https:\/\/kravallslojd.se\/wordpress\/index.php?rest_route=\/wp\/v2\/posts\/745\/revisions"}],"predecessor-version":[{"id":747,"href":"https:\/\/kravallslojd.se\/wordpress\/index.php?rest_route=\/wp\/v2\/posts\/745\/revisions\/747"}],"wp:attachment":[{"href":"https:\/\/kravallslojd.se\/wordpress\/index.php?rest_route=%2Fwp%2Fv2%2Fmedia&parent=745"}],"wp:term":[{"taxonomy":"category","embeddable":true,"href":"https:\/\/kravallslojd.se\/wordpress\/index.php?rest_route=%2Fwp%2Fv2%2Fcategories&post=745"},{"taxonomy":"post_tag","embeddable":true,"href":"https:\/\/kravallslojd.se\/wordpress\/index.php?rest_route=%2Fwp%2Fv2%2Ftags&post=745"}],"curies":[{"name":"wp","href":"https:\/\/api.w.org\/{rel}","templated":true}]}}