{"id":7455,"date":"2012-03-12T14:48:27","date_gmt":"2012-03-12T13:48:27","guid":{"rendered":"http:\/\/kravallslojd.se\/wordpress\/?p=7455"},"modified":"2012-03-12T14:48:27","modified_gmt":"2012-03-12T13:48:27","slug":"da-var-det-dags","status":"publish","type":"post","link":"https:\/\/kravallslojd.se\/wordpress\/?p=7455","title":{"rendered":"D\u00e5 var det dags"},"content":{"rendered":"<p><a href=\"http:\/\/kravallslojd.se\/wordpress\/wp-content\/uploads\/2012\/03\/sublime-igelkott.jpg\" ><img decoding=\"async\" loading=\"lazy\" class=\"alignnone size-full wp-image-7456\" src=\"http:\/\/kravallslojd.se\/wordpress\/wp-content\/uploads\/2012\/03\/sublime-igelkott.jpg\" alt=\"\" width=\"400\" height=\"350\" srcset=\"https:\/\/kravallslojd.se\/wordpress\/wp-content\/uploads\/2012\/03\/sublime-igelkott.jpg 400w, https:\/\/kravallslojd.se\/wordpress\/wp-content\/uploads\/2012\/03\/sublime-igelkott-300x262.jpg 300w\" sizes=\"(max-width: 400px) 100vw, 400px\" \/><\/a><\/p>\n<p>Nu \u00e4r det d\u00e5 dags f\u00f6r min bloggvecka.<\/p>\n<p>Det kommer att bli en vecka med craftivism, \u00e5terbruk och mycket v\u00e4vning.<\/p>\n<p>I helgen har jag varit p\u00e5 Mittnordiska kulturdagarna och f\u00e5tt hur mycket inspiration som helst, nu \u00e4r det bara att bearbeta alla ny intryck.<\/p>\n<p>Ett bra s\u00e4tt f\u00f6r mig att t\u00e4nka och komma p\u00e5 nya saker \u00e4r att sitta i v\u00e4vstolen, i alla fall n\u00e4r det inte \u00e4r allt f\u00f6r avancerad v\u00e4vning. Det \u00e4r m\u00e5nga tankar som hinner bearbetas d\u00e5.<\/p>\n<p>Jag \u00e5terkommer med en rapport fr\u00e5n v\u00e4vstolen senare. Nu \u00e4r det dags f\u00f6r forts\u00e4ttningen av &#8221;V\u00e4varnas barn&#8221; och en gluggv\u00e4v fr\u00e5n Vemdalen.<\/p>\n","protected":false},"excerpt":{"rendered":"<p>Nu \u00e4r det d\u00e5 dags f\u00f6r min bloggvecka. Det kommer att bli en vecka med craftivism, \u00e5terbruk och mycket v\u00e4vning. I helgen har jag varit p\u00e5 Mittnordiska kulturdagarna och f\u00e5tt hur mycket inspiration som helst, nu \u00e4r det bara att bearbeta alla ny intryck. Ett bra s\u00e4tt f\u00f6r mig att t\u00e4nka och komma p\u00e5 nya [&hellip;]<\/p>\n","protected":false},"author":198,"featured_media":0,"comment_status":"open","ping_status":"open","sticky":false,"template":"","format":"standard","meta":[],"categories":[890],"tags":[179,121],"_links":{"self":[{"href":"https:\/\/kravallslojd.se\/wordpress\/index.php?rest_route=\/wp\/v2\/posts\/7455"}],"collection":[{"href":"https:\/\/kravallslojd.se\/wordpress\/index.php?rest_route=\/wp\/v2\/posts"}],"about":[{"href":"https:\/\/kravallslojd.se\/wordpress\/index.php?rest_route=\/wp\/v2\/types\/post"}],"author":[{"embeddable":true,"href":"https:\/\/kravallslojd.se\/wordpress\/index.php?rest_route=\/wp\/v2\/users\/198"}],"replies":[{"embeddable":true,"href":"https:\/\/kravallslojd.se\/wordpress\/index.php?rest_route=%2Fwp%2Fv2%2Fcomments&post=7455"}],"version-history":[{"count":4,"href":"https:\/\/kravallslojd.se\/wordpress\/index.php?rest_route=\/wp\/v2\/posts\/7455\/revisions"}],"predecessor-version":[{"id":7460,"href":"https:\/\/kravallslojd.se\/wordpress\/index.php?rest_route=\/wp\/v2\/posts\/7455\/revisions\/7460"}],"wp:attachment":[{"href":"https:\/\/kravallslojd.se\/wordpress\/index.php?rest_route=%2Fwp%2Fv2%2Fmedia&parent=7455"}],"wp:term":[{"taxonomy":"category","embeddable":true,"href":"https:\/\/kravallslojd.se\/wordpress\/index.php?rest_route=%2Fwp%2Fv2%2Fcategories&post=7455"},{"taxonomy":"post_tag","embeddable":true,"href":"https:\/\/kravallslojd.se\/wordpress\/index.php?rest_route=%2Fwp%2Fv2%2Ftags&post=7455"}],"curies":[{"name":"wp","href":"https:\/\/api.w.org\/{rel}","templated":true}]}}