{"id":748,"date":"2008-09-30T20:42:58","date_gmt":"2008-09-30T18:42:58","guid":{"rendered":"http:\/\/kravallslojd.se\/bloggs2\/?p=748"},"modified":"2008-09-30T20:42:58","modified_gmt":"2008-09-30T18:42:58","slug":"tisdag-309","status":"publish","type":"post","link":"https:\/\/kravallslojd.se\/wordpress\/?p=748","title":{"rendered":"TISDAG 30\/9"},"content":{"rendered":"<p>Precis hemkommen fr\u00e5n en kall arbetsdag p\u00e5 G\u00e4vlekommun. \u00c4r p\u00e5 praktik d\u00e4r i 7 veckor. Det \u00e4r inte vad jag skulle s\u00e4ga, ett inspirerande eller speciellt kreativt arbete. Det \u00e4r ganska skr\u00e4mmande att se hur mycket pengar kan p\u00e5verka ett arbetsutf\u00f6rande. Man f\u00e5r bara g\u00f6r precis r\u00e4tt m\u00e4ngd av insatts p\u00e5 platsen som man jobbar med. Inte f\u00f6r mycket men inte heller f\u00f6r lite. Ska man klippa en h\u00e4ck tex. ska man egentligen inte kolla p\u00e5 hur det kan bli s\u00e5 snyggt som m\u00f6jligt. Utan man f\u00e5r bara se hur det kan g\u00e5 s\u00e5 snabbt som m\u00f6jligt att f\u00e5 ner hela rasket. Man skiljer inte p\u00e5 vad det \u00e4r f\u00f6r v\u00e4xter utan man behandlar alla v\u00e4xter p\u00e5 samma s\u00e4tt. \u00c4ven om man inte har n\u00e5gon direkt v\u00e4xtutbildning s\u00e5 f\u00f6rst\u00e5r man nog \u00e4nd\u00e5 att det kan aldrig bli speciellt bra. V\u00e4xterna kommer inte v\u00e4xa till sig eller bli s\u00e5 fina som de skulle kunna bli. Det \u00e4r allts\u00e5 inte s\u00e5 konstigt att det ser ut som det g\u00f6r i de flesta kommuner runt om i v\u00e5rt avl\u00e5nga land. Jag ska verkligen inte dra alla kommuner \u00f6ver en kam. Sj\u00e4lvklart finns det kommuner som bryr sig om hur man b\u00f6r sk\u00f6ta sina v\u00e4xter och som besitter kunskapen om hur man p\u00e5 b\u00e4sta s\u00e4tt sk\u00f6ter dem. Men \u00f6verlag s\u00e5 \u00e4r kunskapen bristf\u00e4llig och det \u00e4r mer pengar och tid som styr hur man sk\u00f6ter sina anl\u00e4ggningar och planteringar. Jag tycker detta \u00e4r sorgligt. Det \u00e4r bevisat att m\u00e4nniskor m\u00e5r b\u00e4ttre om de \u00e4r omgivna av vacker natur och v\u00e4xter. S\u00e5 om v\u00e5ra gator, torg, skolor och\u201d offentligauterum\u201d var vackrare och ordentligt sk\u00f6tta och anlaggda skulle vi nog alla m\u00e5 lite b\u00e4ttre, eller? Nog om detta.<\/p>\n<p>T\u00e4nkte forts\u00e4tta ber\u00e4tta lite om mitt examensarbete som jag b\u00f6rjade ber\u00e4tta lite om i g\u00e5rdagens bloog. Vi skulle allts\u00e5 planera och anl\u00e4gga 5st id\u00e9tr\u00e4dg\u00e5rdar. Hela arbetet b\u00f6rjade med att vi satte oss ner och planerade hur vi ville ha v\u00e5ra tr\u00e4dg\u00e5rdar. Planeringsarbetet tog ca 2veckor. Under dessa veckor disskuterade vi igenom hur vi ville att rutan skulle se ut, vilka v\u00e4xter vi skulle anv\u00e4nda och hur vi skulle g\u00e5 till v\u00e4ga n\u00e4r vi sedan skulle anl\u00e4gga tr\u00e4dg\u00e5rden. Min grupp valde v\u00e4xtfamiljen saxifragaceae. Vi best\u00e4mmde att vi ville leka lite med uttrycket v\u00e4xtfamilj. Varf\u00f6r inte l\u00e5ta bes\u00f6karna komma hem till familjen saxifagaceae. Vi skapade helt enkelt ett \u201dsovrum med utsikt\u201d. V\u00e5ran ruta var n\u00e4mligen delad i tv\u00e5 lika stora delar med grusg\u00e5ngen i mitten. S\u00e5 vi designade en sovrumsdel och en tr\u00e4dg\u00e5rsdel. Sovrumsdelen kom att inneh\u00e5lla en s\u00e4ng som vi byggde av betongsten. Tv\u00e5 \u201dtrasmattor\u201d med st\u00e5lkanter och en stol av betongsten. I b\u00e5de s\u00e4ngen och \u201dtrasmattorna\u201d planterade vi alunrot, En bladv\u00e4xt med v\u00e4ldigt varrierade bladf\u00e4rger. V\u00e4xten finns att f\u00e5 tag p\u00e5 i m\u00e5nga olika f\u00e4rger allt ifr\u00e5n m\u00f6rkt purpurr\u00f6d till ljust lime gul\/gr\u00f6n. Dessa planterade vi i rader bredvid varrandra f\u00f6r att f\u00e5 fram m\u00f6nstret p\u00e5 \u00f6verkastet p\u00e5 s\u00e4ngen och r\u00e4nderna i \u201dtrasmattorna\u201d. S\u00e5 p\u00e5 ett s\u00e4tt s\u00e5 v\u00e4vde vi med v\u00e4xter. I stolen planterade vi en fj\u00e4llbrud. En liten t\u00e5lig v\u00e4xt med sm\u00e5 k\u00f6ttiga blad som fr\u00e4mst v\u00e4xer i fj\u00e4llv\u00e4rlden. Med dessa v\u00e4xter skapade vi allts\u00e5 en bullig gr\u00f6n stolsdyna. I tr\u00e4dg\u00e5rdesdelen anv\u00e4nde vi astillbe, bergenia, spetsm\u00f6ssa, porslinsbr\u00e4cka och rosenbr\u00e4cka. Alla dessa v\u00e4xter \u00e4r ocks\u00e5 bladv\u00e4xter s\u00e5 tr\u00e4dg\u00e5rdsdelen blev en gr\u00f6n lummig oas med en font\u00e4nsten i mitten av planteringen. Det porlande ljudet fr\u00e5n stenen bidrog verkligen till att skapa en lugn st\u00e4mmning i tr\u00e4dg\u00e5rden. Runt hela tr\u00e4dg\u00e5rden satte vi upp armeringsmattor f\u00f6r att skapa en rumsk\u00e4nsla. P\u00e5 armeringsmattan l\u00e4t vi hummle kl\u00e4ttra. Detta f\u00f6r att skapa gr\u00f6na omslutande v\u00e4ggar.<\/p>\n<p>Redan h\u00e4r har jag hittat flera element som har med hantverk att g\u00f6ra. Men kan man verkligen se detta som sl\u00f6jd? Jag har inget svar p\u00e5 detta. Utan det \u00e4r bara n\u00e5tt jag har funderat mycket p\u00e5. Vad \u00e4r egentligen sl\u00f6jd och kan jag se det jag sysslar med som sl\u00f6jd och hantverk?<\/p>\n<p>\u00a0<a href=\"http:\/\/kravallslojd.se\/bloggs2\/wp-content\/uploads\/2008\/09\/betongsang.jpg\" ><img decoding=\"async\" loading=\"lazy\" class=\"alignnone size-medium wp-image-749\" src=\"http:\/\/kravallslojd.se\/bloggs2\/wp-content\/uploads\/2008\/09\/betongsang-300x207.jpg\" alt=\"\" width=\"300\" height=\"207\" \/><\/a><a href=\"http:\/\/kravallslojd.se\/bloggs2\/wp-content\/uploads\/2008\/09\/grava.jpg\" ><img decoding=\"async\" loading=\"lazy\" class=\"alignnone size-medium wp-image-750\" src=\"http:\/\/kravallslojd.se\/bloggs2\/wp-content\/uploads\/2008\/09\/grava-300x189.jpg\" alt=\"\" width=\"325\" height=\"206\" \/><\/a><\/p>\n<p class=\"NoSpacing\" style=\"0cm 0cm 0pt;\"><span style=\"Arial;\"><span style=\"Arial;\">Foto: <span style=\"black;\">Madeleine Elmquist-Axelsson\u00a0\u00a0<\/span><\/span><\/span><\/p>\n<p class=\"NoSpacing\" style=\"0cm 0cm 0pt;\"><span style=\"Arial;\"><span style=\"Arial;\"><\/p>\n<p class=\"NoSpacing\" style=\"0cm 0cm 0pt;\"><span style=\"black;\"><strong>Bild nr:1,<\/strong> \u00a0s\u00e4ngen i sovrumsdelen. <strong>Bild nr:2,<\/strong>\u00a0de f\u00f6rsta gr\u00e4vtagen i v\u00e5ran ruta , sovrum med utsikt. <strong>Bild nr:3<\/strong>,\u00a0\u00a0det kr\u00e4vs mycket jobb och organisering f\u00f6r att\u00a0f\u00e5 ihop en tr\u00e4dg\u00e5rd p\u00e5 10 dagar\u00a0\u00a0\u00a0\u00a0\u00a0\u00a0\u00a0\u00a0\u00a0\u00a0\u00a0\u00a0\u00a0\u00a0\u00a0\u00a0\u00a0\u00a0\u00a0\u00a0\u00a0\u00a0\u00a0\u00a0\u00a0\u00a0\u00a0\u00a0\u00a0\u00a0\u00a0\u00a0\u00a0\u00a0\u00a0\u00a0\u00a0\u00a0\u00a0\u00a0\u00a0\u00a0\u00a0\u00a0\u00a0\u00a0\u00a0\u00a0\u00a0\u00a0\u00a0\u00a0\u00a0\u00a0\u00a0\u00a0\u00a0\u00a0\u00a0\u00a0\u00a0\u00a0\u00a0\u00a0\u00a0\u00a0\u00a0\u00a0\u00a0\u00a0\u00a0\u00a0\u00a0\u00a0\u00a0 <\/span><\/p>\n<p><\/span><\/span><a href=\"http:\/\/kravallslojd.se\/bloggs2\/wp-content\/uploads\/2008\/09\/ac-och-jenny-och-kjell.jpg\" ><img decoding=\"async\" loading=\"lazy\" class=\"alignnone size-medium wp-image-751\" src=\"http:\/\/kravallslojd.se\/bloggs2\/wp-content\/uploads\/2008\/09\/ac-och-jenny-och-kjell-300x228.jpg\" alt=\"\" width=\"300\" height=\"228\" \/><\/a><\/p>\n<p class=\"NoSpacing\" style=\"0cm 0cm 0pt;\"><span style=\"Arial;\"><span style=\"Arial;\">Foto: <span style=\"black;\">Madeleine Elmquist-Axelsson<\/span><\/span><\/span><\/p>\n<p>Nej nu ska jag ta mig en stor kopp te och sen raka v\u00e4gen i s\u00e4ng f\u00f6r att orka upp imorgon och g\u00e5 till jobbet och f\u00f6rs\u00f6ka skapa n\u00e5got riktigt\u00a0vackert till innev\u00e5narna i g\u00e4vlekommun.<\/p>\n","protected":false},"excerpt":{"rendered":"<p>Precis hemkommen fr\u00e5n en kall arbetsdag p\u00e5 G\u00e4vlekommun. \u00c4r p\u00e5 praktik d\u00e4r i 7 veckor. Det \u00e4r inte vad jag skulle s\u00e4ga, ett inspirerande eller speciellt kreativt arbete. Det \u00e4r ganska skr\u00e4mmande att se hur mycket pengar kan p\u00e5verka ett arbetsutf\u00f6rande. Man f\u00e5r bara g\u00f6r precis r\u00e4tt m\u00e4ngd av insatts p\u00e5 platsen som man jobbar [&hellip;]<\/p>\n","protected":false},"author":11,"featured_media":0,"comment_status":"open","ping_status":"open","sticky":false,"template":"","format":"standard","meta":[],"categories":[32],"tags":[],"_links":{"self":[{"href":"https:\/\/kravallslojd.se\/wordpress\/index.php?rest_route=\/wp\/v2\/posts\/748"}],"collection":[{"href":"https:\/\/kravallslojd.se\/wordpress\/index.php?rest_route=\/wp\/v2\/posts"}],"about":[{"href":"https:\/\/kravallslojd.se\/wordpress\/index.php?rest_route=\/wp\/v2\/types\/post"}],"author":[{"embeddable":true,"href":"https:\/\/kravallslojd.se\/wordpress\/index.php?rest_route=\/wp\/v2\/users\/11"}],"replies":[{"embeddable":true,"href":"https:\/\/kravallslojd.se\/wordpress\/index.php?rest_route=%2Fwp%2Fv2%2Fcomments&post=748"}],"version-history":[{"count":1,"href":"https:\/\/kravallslojd.se\/wordpress\/index.php?rest_route=\/wp\/v2\/posts\/748\/revisions"}],"predecessor-version":[{"id":752,"href":"https:\/\/kravallslojd.se\/wordpress\/index.php?rest_route=\/wp\/v2\/posts\/748\/revisions\/752"}],"wp:attachment":[{"href":"https:\/\/kravallslojd.se\/wordpress\/index.php?rest_route=%2Fwp%2Fv2%2Fmedia&parent=748"}],"wp:term":[{"taxonomy":"category","embeddable":true,"href":"https:\/\/kravallslojd.se\/wordpress\/index.php?rest_route=%2Fwp%2Fv2%2Fcategories&post=748"},{"taxonomy":"post_tag","embeddable":true,"href":"https:\/\/kravallslojd.se\/wordpress\/index.php?rest_route=%2Fwp%2Fv2%2Ftags&post=748"}],"curies":[{"name":"wp","href":"https:\/\/api.w.org\/{rel}","templated":true}]}}