{"id":753,"date":"2008-10-02T20:45:37","date_gmt":"2008-10-02T18:45:37","guid":{"rendered":"http:\/\/kravallslojd.se\/bloggs2\/?p=753"},"modified":"2008-10-02T20:45:37","modified_gmt":"2008-10-02T18:45:37","slug":"torsdag-210","status":"publish","type":"post","link":"https:\/\/kravallslojd.se\/wordpress\/?p=753","title":{"rendered":"Torsdag 2\/10"},"content":{"rendered":"<p><span style=\"Arial;\"><\/p>\n<div class=\"mceTemp\">\n<div class=\"mceTemp\">Idag t\u00e4nkte jag mest bjuda p\u00e5 lite inspirationsbilder i h\u00f6stm\u00f6rkret. Sj\u00e4lv har jag jobbat hela dagen i regn s\u00e5 jag k\u00e4nner mig lite ruggig och kan beh\u00f6va bli lite uppv\u00e4rmd av lite varma sommarbilder. Jag har plockat ihop lite bilder som jag tycker \u00e4r vackra och har n\u00e5gon typ av hantverksanknytning f\u00f6r mig. D\u00f6m sj\u00e4lva, hur ni ser p\u00e5 dom. Som vackra bilder, eller inspiration f\u00f6r sl\u00f6jdande och kreativitet<\/div>\n<\/div>\n<p><\/span><\/p>\n<div class=\"mceTemp\">\n<div class=\"mceTemp\"><\/div>\n<\/div>\n<div class=\"mceTemp\">\n<div class=\"mceTemp\"><span style=\"Arial;\">\u00a0<\/p>\n<p class=\"NoSpacing\" style=\"0cm 0cm 0pt;\"><span style=\"Arial;\">Foto: <span style=\"black;\">Madeleine Elmquist-Axelsson<\/span><\/span><\/p>\n<p><\/span><\/div>\n<\/div>\n<p class=\"MsoNormal\" style=\"0cm 0cm 0pt;\"><span style=\"Arial;\">\u00a0Det kan vara b\u00e5de f\u00e4rger och former fr\u00e5n v\u00e4xtriket som inspirerar mig i mitt sl\u00f6jdande. Ta bara blodgr\u00e4sets intensiva f\u00e4rger, hur vackra skulle inte dom vara p\u00e5 en v\u00e4vd pl\u00e4d tex.<\/span><\/p>\n<p class=\"MsoNormal\" style=\"0cm 0cm 0pt;\"><span style=\"Arial;\"><\/span><\/p>\n<p class=\"MsoNormal\" style=\"0cm 0cm 0pt;\"><span style=\"Arial;\">S\u00e5 nu har iaf jag blivit lite varmare och f\u00e5tt dr\u00f6mma mig tillbaka till den varma sommaren med sina vackra v\u00e4xter. \u00c4ven h\u00f6sten \u00e4r ju vacker men den kan va bra kall och gr\u00e5 ocks\u00e5. Men d\u00e5 f\u00e5r man ju desto mer tid f\u00f6r att sitta inne och sl\u00f6jda. Sj\u00e4lv ska jag nu s\u00e4tta mig ner och brodera lite p\u00e5 en grytlapp med p\u00e5l\u00e4ggss\u00f6m fr\u00e5n dalafloda. <\/span><\/p>\n","protected":false},"excerpt":{"rendered":"<p>Idag t\u00e4nkte jag mest bjuda p\u00e5 lite inspirationsbilder i h\u00f6stm\u00f6rkret. Sj\u00e4lv har jag jobbat hela dagen i regn s\u00e5 jag k\u00e4nner mig lite ruggig och kan beh\u00f6va bli lite uppv\u00e4rmd av lite varma sommarbilder. Jag har plockat ihop lite bilder som jag tycker \u00e4r vackra och har n\u00e5gon typ av hantverksanknytning f\u00f6r mig. D\u00f6m sj\u00e4lva, [&hellip;]<\/p>\n","protected":false},"author":11,"featured_media":0,"comment_status":"open","ping_status":"open","sticky":false,"template":"","format":"standard","meta":[],"categories":[32],"tags":[],"_links":{"self":[{"href":"https:\/\/kravallslojd.se\/wordpress\/index.php?rest_route=\/wp\/v2\/posts\/753"}],"collection":[{"href":"https:\/\/kravallslojd.se\/wordpress\/index.php?rest_route=\/wp\/v2\/posts"}],"about":[{"href":"https:\/\/kravallslojd.se\/wordpress\/index.php?rest_route=\/wp\/v2\/types\/post"}],"author":[{"embeddable":true,"href":"https:\/\/kravallslojd.se\/wordpress\/index.php?rest_route=\/wp\/v2\/users\/11"}],"replies":[{"embeddable":true,"href":"https:\/\/kravallslojd.se\/wordpress\/index.php?rest_route=%2Fwp%2Fv2%2Fcomments&post=753"}],"version-history":[{"count":1,"href":"https:\/\/kravallslojd.se\/wordpress\/index.php?rest_route=\/wp\/v2\/posts\/753\/revisions"}],"predecessor-version":[{"id":769,"href":"https:\/\/kravallslojd.se\/wordpress\/index.php?rest_route=\/wp\/v2\/posts\/753\/revisions\/769"}],"wp:attachment":[{"href":"https:\/\/kravallslojd.se\/wordpress\/index.php?rest_route=%2Fwp%2Fv2%2Fmedia&parent=753"}],"wp:term":[{"taxonomy":"category","embeddable":true,"href":"https:\/\/kravallslojd.se\/wordpress\/index.php?rest_route=%2Fwp%2Fv2%2Fcategories&post=753"},{"taxonomy":"post_tag","embeddable":true,"href":"https:\/\/kravallslojd.se\/wordpress\/index.php?rest_route=%2Fwp%2Fv2%2Ftags&post=753"}],"curies":[{"name":"wp","href":"https:\/\/api.w.org\/{rel}","templated":true}]}}