{"id":771,"date":"2008-10-05T14:20:18","date_gmt":"2008-10-05T12:20:18","guid":{"rendered":"http:\/\/kravallslojd.se\/bloggs2\/?p=771"},"modified":"2008-10-05T14:20:18","modified_gmt":"2008-10-05T12:20:18","slug":"sondag-510","status":"publish","type":"post","link":"https:\/\/kravallslojd.se\/wordpress\/?p=771","title":{"rendered":"S\u00d6NDAG  5\/10"},"content":{"rendered":"<p class=\"MsoNoSpacing\" style=\"0cm 0cm 0pt;\"><span style=\"Arial;\">Den h\u00e4r helgen har \u00e4gnats uteslutande \u00e5t v\u00e4vning. Hela L\u00f6rdagen v\u00e4vdes det och nu p\u00e5 morgonen blev jag \u00e4ntligen klar med mitt jacktyg. Det \u00e4r ett kyprat gr\u00f6nt halvylletyg som ska bli jacka till min folkdr\u00e4kt.<\/span><\/p>\n<p class=\"MsoNoSpacing\" style=\"0cm 0cm 0pt;\">Det \u00e4r s\u00e5 underbart att v\u00e4va, s\u00e5 avkopplande. Man kan helt g\u00e5 in i sig sj\u00e4lv f\u00f6rsvinna bort och fundera p\u00e5 livet. Speciellt om man g\u00f6r ett enf\u00e4rgat tyg som jag har gjort nu. Sen ska vi s\u00e4tta upp ett randigt v\u00e4sttyg till min sambos folkdr\u00e4kt, det kommer va lite mer tankeverksamhet inblandat i det.<\/p>\n<p class=\"MsoNoSpacing\" style=\"0cm 0cm 0pt;\"><span style=\"Arial;\"><a href=\"http:\/\/kravallslojd.se\/bloggs2\/wp-content\/uploads\/2008\/10\/vav-liten.jpg\" ><img decoding=\"async\" loading=\"lazy\" class=\"size-medium wp-image-776\" src=\"http:\/\/kravallslojd.se\/bloggs2\/wp-content\/uploads\/2008\/10\/vav-liten-300x200.jpg\" alt=\"H\u00e4r har vi precis satt upp allt och ska b\u00f6rja v\u00e4va\" width=\"300\" height=\"200\" \/><\/a><\/span><\/p>\n<p class=\"MsoNoSpacing\" style=\"0cm 0cm 0pt;\"><span style=\"Arial;\">\u00a0H\u00e4r har vi precis satt upp v\u00e4ven<\/span><\/p>\n<p class=\"MsoNoSpacing\" style=\"0cm 0cm 0pt;\">\n<div class=\"MsoNoSpacing\" style=\"0cm 0cm 0pt;\"><span style=\"Arial;\">\u00a0<a href=\"http:\/\/kravallslojd.se\/bloggs2\/wp-content\/uploads\/2008\/10\/vaven-med-gront-garn-liten1.jpg\" ><img decoding=\"async\" loading=\"lazy\" class=\"size-medium wp-image-775\" src=\"http:\/\/kravallslojd.se\/bloggs2\/wp-content\/uploads\/2008\/10\/vaven-med-gront-garn-liten1-300x200.jpg\" alt=\"H\u00e4r har jag kommit ig\u00e5ng med v\u00e4ven.\" width=\"300\" height=\"200\" \/><\/a><a href=\"http:\/\/kravallslojd.se\/bloggs2\/wp-content\/uploads\/2008\/10\/vaven-med-gront-garn-liten1.jpg\" ><\/a>\u00a0<\/span><\/div>\n<div class=\"MsoNoSpacing\" style=\"0cm 0cm 0pt;\"><span style=\"Arial;\">Nu har jag kommit ig\u00e5ng att v\u00e4va<\/span><\/div>\n<div class=\"MsoNoSpacing\" style=\"0cm 0cm 0pt;\"><\/div>\n<div class=\"MsoNoSpacing\" style=\"0cm 0cm 0pt;\"><span style=\"Arial;\"><a href=\"http:\/\/kravallslojd.se\/bloggs2\/wp-content\/uploads\/2008\/10\/tyg-liten1.jpg\" ><img decoding=\"async\" loading=\"lazy\" class=\"alignnone size-medium wp-image-779\" src=\"http:\/\/kravallslojd.se\/bloggs2\/wp-content\/uploads\/2008\/10\/tyg-liten1-300x200.jpg\" alt=\"\" width=\"300\" height=\"200\" \/><\/a><\/span><\/div>\n<div class=\"MsoNoSpacing\" style=\"0cm 0cm 0pt;\"><span style=\"Arial;\">S\u00e5 h\u00e4r snyggt blev tyget<\/span><\/div>\n","protected":false},"excerpt":{"rendered":"<p>Den h\u00e4r helgen har \u00e4gnats uteslutande \u00e5t v\u00e4vning. Hela L\u00f6rdagen v\u00e4vdes det och nu p\u00e5 morgonen blev jag \u00e4ntligen klar med mitt jacktyg. Det \u00e4r ett kyprat gr\u00f6nt halvylletyg som ska bli jacka till min folkdr\u00e4kt. Det \u00e4r s\u00e5 underbart att v\u00e4va, s\u00e5 avkopplande. Man kan helt g\u00e5 in i sig sj\u00e4lv f\u00f6rsvinna bort och [&hellip;]<\/p>\n","protected":false},"author":11,"featured_media":0,"comment_status":"open","ping_status":"open","sticky":false,"template":"","format":"standard","meta":[],"categories":[32],"tags":[],"_links":{"self":[{"href":"https:\/\/kravallslojd.se\/wordpress\/index.php?rest_route=\/wp\/v2\/posts\/771"}],"collection":[{"href":"https:\/\/kravallslojd.se\/wordpress\/index.php?rest_route=\/wp\/v2\/posts"}],"about":[{"href":"https:\/\/kravallslojd.se\/wordpress\/index.php?rest_route=\/wp\/v2\/types\/post"}],"author":[{"embeddable":true,"href":"https:\/\/kravallslojd.se\/wordpress\/index.php?rest_route=\/wp\/v2\/users\/11"}],"replies":[{"embeddable":true,"href":"https:\/\/kravallslojd.se\/wordpress\/index.php?rest_route=%2Fwp%2Fv2%2Fcomments&post=771"}],"version-history":[{"count":3,"href":"https:\/\/kravallslojd.se\/wordpress\/index.php?rest_route=\/wp\/v2\/posts\/771\/revisions"}],"predecessor-version":[{"id":782,"href":"https:\/\/kravallslojd.se\/wordpress\/index.php?rest_route=\/wp\/v2\/posts\/771\/revisions\/782"}],"wp:attachment":[{"href":"https:\/\/kravallslojd.se\/wordpress\/index.php?rest_route=%2Fwp%2Fv2%2Fmedia&parent=771"}],"wp:term":[{"taxonomy":"category","embeddable":true,"href":"https:\/\/kravallslojd.se\/wordpress\/index.php?rest_route=%2Fwp%2Fv2%2Fcategories&post=771"},{"taxonomy":"post_tag","embeddable":true,"href":"https:\/\/kravallslojd.se\/wordpress\/index.php?rest_route=%2Fwp%2Fv2%2Ftags&post=771"}],"curies":[{"name":"wp","href":"https:\/\/api.w.org\/{rel}","templated":true}]}}