{"id":7783,"date":"2012-04-17T15:12:48","date_gmt":"2012-04-17T14:12:48","guid":{"rendered":"http:\/\/kravallslojd.se\/wordpress\/?p=7783"},"modified":"2012-04-17T15:12:48","modified_gmt":"2012-04-17T14:12:48","slug":"edith-och-trosan","status":"publish","type":"post","link":"https:\/\/kravallslojd.se\/wordpress\/?p=7783","title":{"rendered":"Edith och trosan"},"content":{"rendered":"<p>Vi har tv\u00e5 hundar, en staffetik p\u00e5 6 \u00e5r och en canehane p\u00e5 7 m\u00e5nader. Nu har Edith (tiken) b\u00f6rjat l\u00f6pa. Som tur var s\u00e5 har inte Vito (hanen) blivit riktigt k\u00f6nsmogen \u00e4n. Men lagom till h\u00f6gl\u00f6pen om n\u00e5gra veckor s\u00e5 l\u00e4r han ju vara galen!<\/p>\n<p>Idag har jag sytt en trosa \u00e5t henne. Hon tycker inte det \u00e4r s\u00e5 kul att ara p\u00e5kl\u00e4dd, men hon finner sej i det som tur var. Och r\u00f6tt \u00e4r ju hennes f\u00e4rg!<\/p>\n<p>Jag ritade av m\u00f6nstret fr\u00e5n en trosa jag sytt f\u00f6rut. Och dom hade jag ritat av fr\u00e5n en trosa jag k\u00f6pt.<\/p>\n<p>Tyget har jag mest troligt f\u00e5tt av min mamma och res\u00e5ren \u00e4r fr\u00e5n ett par kallingar min brorsa hade d\u00e5 han var liten.\n\t\t<style type=\"text\/css\">\n\t\t\t#gallery-1 {\n\t\t\t\tmargin: auto;\n\t\t\t}\n\t\t\t#gallery-1 .gallery-item {\n\t\t\t\tfloat: left;\n\t\t\t\tmargin-top: 10px;\n\t\t\t\ttext-align: center;\n\t\t\t\twidth: 50%;\n\t\t\t}\n\t\t\t#gallery-1 img {\n\t\t\t\tborder: 2px solid #cfcfcf;\n\t\t\t}\n\t\t\t#gallery-1 .gallery-caption {\n\t\t\t\tmargin-left: 0;\n\t\t\t}\n\t\t\t\/* see gallery_shortcode() in wp-includes\/media.php *\/\n\t\t<\/style>\n\t\t<div id='gallery-1' class='gallery galleryid-7783 gallery-columns-2 gallery-size-thumbnail'><dl class='gallery-item'>\n\t\t\t<dt class='gallery-icon landscape'>\n\t\t\t\t<a href=\"https:\/\/kravallslojd.se\/wordpress\/?attachment_id=7784\" ><img width=\"150\" height=\"150\" src=\"https:\/\/kravallslojd.se\/wordpress\/wp-content\/uploads\/2012\/04\/edith-och-trosan-150x150.jpg\" class=\"attachment-thumbnail size-thumbnail\" alt=\"\" decoding=\"async\" loading=\"lazy\" aria-describedby=\"gallery-1-7784\" \/><\/a>\n\t\t\t<\/dt>\n\t\t\t\t<dd class='wp-caption-text gallery-caption' id='gallery-1-7784'>\n\t\t\t\tL\u00f6ptik\n\t\t\t\t<\/dd><\/dl><dl class='gallery-item'>\n\t\t\t<dt class='gallery-icon portrait'>\n\t\t\t\t<a href=\"https:\/\/kravallslojd.se\/wordpress\/?attachment_id=7785\" ><img width=\"150\" height=\"150\" src=\"https:\/\/kravallslojd.se\/wordpress\/wp-content\/uploads\/2012\/04\/edith-trosan-n\u00e4ra-150x150.jpg\" class=\"attachment-thumbnail size-thumbnail\" alt=\"\" decoding=\"async\" loading=\"lazy\" \/><\/a>\n\t\t\t<\/dt><\/dl><br style=\"clear: both\" \/>\n\t\t<\/div>\n<\/p>\n","protected":false},"excerpt":{"rendered":"<p>Vi har tv\u00e5 hundar, en staffetik p\u00e5 6 \u00e5r och en canehane p\u00e5 7 m\u00e5nader. Nu har Edith (tiken) b\u00f6rjat l\u00f6pa. Som tur var s\u00e5 har inte Vito (hanen) blivit riktigt k\u00f6nsmogen \u00e4n. Men lagom till h\u00f6gl\u00f6pen om n\u00e5gra veckor s\u00e5 l\u00e4r han ju vara galen! Idag har jag sytt en trosa \u00e5t henne. Hon [&hellip;]<\/p>\n","protected":false},"author":3,"featured_media":0,"comment_status":"open","ping_status":"open","sticky":false,"template":"","format":"standard","meta":[],"categories":[39],"tags":[],"_links":{"self":[{"href":"https:\/\/kravallslojd.se\/wordpress\/index.php?rest_route=\/wp\/v2\/posts\/7783"}],"collection":[{"href":"https:\/\/kravallslojd.se\/wordpress\/index.php?rest_route=\/wp\/v2\/posts"}],"about":[{"href":"https:\/\/kravallslojd.se\/wordpress\/index.php?rest_route=\/wp\/v2\/types\/post"}],"author":[{"embeddable":true,"href":"https:\/\/kravallslojd.se\/wordpress\/index.php?rest_route=\/wp\/v2\/users\/3"}],"replies":[{"embeddable":true,"href":"https:\/\/kravallslojd.se\/wordpress\/index.php?rest_route=%2Fwp%2Fv2%2Fcomments&post=7783"}],"version-history":[{"count":3,"href":"https:\/\/kravallslojd.se\/wordpress\/index.php?rest_route=\/wp\/v2\/posts\/7783\/revisions"}],"predecessor-version":[{"id":7788,"href":"https:\/\/kravallslojd.se\/wordpress\/index.php?rest_route=\/wp\/v2\/posts\/7783\/revisions\/7788"}],"wp:attachment":[{"href":"https:\/\/kravallslojd.se\/wordpress\/index.php?rest_route=%2Fwp%2Fv2%2Fmedia&parent=7783"}],"wp:term":[{"taxonomy":"category","embeddable":true,"href":"https:\/\/kravallslojd.se\/wordpress\/index.php?rest_route=%2Fwp%2Fv2%2Fcategories&post=7783"},{"taxonomy":"post_tag","embeddable":true,"href":"https:\/\/kravallslojd.se\/wordpress\/index.php?rest_route=%2Fwp%2Fv2%2Ftags&post=7783"}],"curies":[{"name":"wp","href":"https:\/\/api.w.org\/{rel}","templated":true}]}}