{"id":796,"date":"2008-10-08T17:48:46","date_gmt":"2008-10-08T15:48:46","guid":{"rendered":"http:\/\/kravallslojd.se\/bloggs2\/?p=796"},"modified":"2008-10-08T17:48:46","modified_gmt":"2008-10-08T15:48:46","slug":"upprepningupprepning","status":"publish","type":"post","link":"https:\/\/kravallslojd.se\/wordpress\/?p=796","title":{"rendered":"Upprepningupprepning"},"content":{"rendered":"<p><div id=\"attachment_798\" style=\"width: 245px\" class=\"wp-caption alignright\"><a href=\"http:\/\/kravallslojd.se\/bloggs2\/wp-content\/uploads\/2008\/10\/kias-hal.jpg\" ><img aria-describedby=\"caption-attachment-798\" decoding=\"async\" loading=\"lazy\" class=\"size-full wp-image-798\" src=\"http:\/\/kravallslojd.se\/bloggs2\/wp-content\/uploads\/2008\/10\/kias-hal.jpg\" alt=\"Sockor\" width=\"235\" height=\"342\" \/><\/a><p id=\"caption-attachment-798\" class=\"wp-caption-text\">Sockor<\/p><\/div><\/p>\n<p>Ig\u00e5r skrev jag ett l\u00e5ngt fint inl\u00e4gg som jag var n\u00f6jd med men n\u00e4r bilden skulle infogas st\u00f6tte jag p\u00e5 problem och allt \u00e5ts upp av tid och hoppl\u00f6shet. Jag har en fin ny och avancerad dator som \u00e4r s\u00e5 mycket mer \u00e4n vad jag r\u00e5r p\u00e5. N\u00e5ja, idag tar jag nya tag och har kollektivkompis Tove p\u00e5 min h\u00f6gra sida som privat datasupport.<\/p>\n<p>Ig\u00e5r morse var jag hos psykologen och lekte med klossar. Det var roligt. \u00c4nnu mer f\u00e4rg och form i samspel. Dessa tillf\u00e4llen \u00e4r ju hur l\u00e4tta som helst och forts\u00e4tter det s\u00e5 h\u00e4r tror jag han driver med mig. N\u00e4r allt k\u00f6r ihop sig och jag beh\u00f6ver f\u00e5 utlopp f\u00f6r torktumlaren i huvet tar jag ju till h\u00e4ndernas och \u00f6gonens vilja att konstruera, kombinera f\u00e4rger, former, material och tekniker. Det \u00e4r d\u00e5 hj\u00e4rnan fungerar som jag vill.<\/p>\n<p>Ikv\u00e4ll \u00e4r det stickcafe p\u00e5 Schm\u00e4ck och jag ska dit med mina mastodontl\u00e5nga sockar. Den v\u00e4nstra \u00e4r f\u00e4rdig s\u00e5 nu har jag bara den h\u00f6gra sockans 17 fl\u00e4tor l\u00e5nga skaft kvar innan jag f\u00e5r kasta mig \u00f6ver h\u00e4lens monogram. V\u00e4nster h\u00e4l har ett ornamenterat M f\u00f6r Maya och h\u00f6ger f\u00e5r ett lika smyckat H f\u00f6r Hallstr\u00f6m. H\u00e4larna \u00e4r roligast, de f\u00e5r mig att skratta! ;-)) Jag har ett par f\u00e4rdiga sockar med en vinterros i vitt p\u00e5 v\u00e4xlande v\u00e4xtf\u00e4rgat garn, p\u00e5 h\u00e4larna. Skaften \u00e4r efter farmor och foten stickad av ett underbart gr\u00f6nt garn jag hittat p\u00e5 loppis. Verkar outslitligt, trots ren ull. Att m\u00f6nstersticka h\u00e4larna \u00e4r ett genidrag f\u00f6r att de ska h\u00e5lla men m\u00e5nga tror att det \u00e4r sl\u00f6seri med garn och tid.<\/p>\n<p>F\u00f6rra helgen var jag i Stockholm f\u00f6r att fixa en 30\u00e5rsfest till en kompis som dessutom firar ny examina i nutrition och femton \u00e5r som vegan. Maten var vegansk och ekologisk och gick hem hos alla! Det var en rolig fest och jag passade p\u00e5, n\u00e4r jag \u00e4nd\u00e5 masat mig ner till storstan, att ta en tur till Hemsl\u00f6jden. Det ovan n\u00e4mnda garnet har mycket h\u00f6g glans och p\u00e5minner om W\u00e5hlstedts tv\u00e5\u00e4ndsstickningsgarn och jag t\u00e4nkte f\u00f6rs\u00f6ka f\u00e5 tag p\u00e5 lite of\u00e4rgat, s\u00e5 att jag kan svampf\u00e4rga det. V\u00e4l d\u00e4r fanns det bara senapsgult kvar och det var inte s\u00e5 upplyftande men damen i kassan gick bakom kulisserna och h\u00e4mtade fram n\u00e5gra h\u00e4rvor med den h\u00f6ga glansen! Hon visste ingenting om bakgrunden men gissar p\u00e5 ett best\u00e4llningsjobb, det hade blivit inl\u00e4mnat till f\u00f6rs\u00e4ljning av en medlem. Jag gick d\u00e4rifr\u00e5n m\u00e5nga slantar l\u00e4ttare och med en gr\u00f6n och en r\u00f6d h\u00e4rva av garnporren. Plus en gr\u00e5 och en oblekt vit h\u00e4rva Borgs rya, att f\u00e4rga.<\/p>\n<p>Kia, som bor h\u00e4r, \u00e4r svampn\u00f6rd. Hon plockar svamp, \u00e4ter svamp, l\u00e4ser om svamp, torkar svamp, har kl\u00e4der med svamp och f\u00e4rgar garn med svamp. Och stickar sedan med det garnet. Det vill jag ocks\u00e5 s\u00e5 jag gick ut i skogen imorse f\u00f6r att leta r\u00f6dskivig spindling. Inte ens en skrumpen liten hatt i sikte! Jag \u00e4r f\u00f6r sent ute. D\u00e4remot sprang jag av en slump p\u00e5 trattisar, som jag snabbt stekte n\u00e4r jag kom hem, och fann en del r\u00f6dgul trumpetsvamp som jag h\u00f6rt ska vara lyckade att kandera.<\/p>\n<p>N\u00e4r jag satt d\u00e4r ute i skogen och drack lite te kom det till mig en text jag har fr\u00e5n en skiva med Sofia Karlsson, skriven av Dan Andersson. Heml\u00e4ngtan heter den och s\u00e4ger precis vad jag t\u00e4nker. Den var till stor hj\u00e4lp n\u00e4r jag skulle flytta fr\u00e5n Stockholm och f\u00f6ljer mig t\u00e4tt \u00e4ven nu. Jag sj\u00f6ng den r\u00e4tt ut alldeles ensam d\u00e4r vid bergh\u00e4llen och det passade s\u00e5 bra! &#8221;Jag \u00e4r tr\u00f6tt, jag \u00e4r led p\u00e5 fabriken\/jag vill hem till jordh\u00f6ljt bo\/ till min koja vid Blodstensmyren\/ vid de gr\u00f6na g\u00f6mmenas ro. Jag vill leva p\u00e5 br\u00f6d och vatten\/ om jag endast strax f\u00e5r byta\/ allt gasljus och larm mot natten\/ d\u00e4r timmarna tysta flyta.&#8221;<\/p>\n<p>Det finns s\u00e5 mycket roligt, sp\u00e4nnande, viktigt och h\u00e4nf\u00f6rande att vara med om men ute i skogen eller med en stickning i h\u00e4nderna kan jag t\u00e4nka klart.<\/p>\n","protected":false},"excerpt":{"rendered":"<p>Ig\u00e5r skrev jag ett l\u00e5ngt fint inl\u00e4gg som jag var n\u00f6jd med men n\u00e4r bilden skulle infogas st\u00f6tte jag p\u00e5 problem och allt \u00e5ts upp av tid och hoppl\u00f6shet. Jag har en fin ny och avancerad dator som \u00e4r s\u00e5 mycket mer \u00e4n vad jag r\u00e5r p\u00e5. N\u00e5ja, idag tar jag nya tag och har [&hellip;]<\/p>\n","protected":false},"author":12,"featured_media":0,"comment_status":"open","ping_status":"open","sticky":false,"template":"","format":"standard","meta":[],"categories":[70],"tags":[],"_links":{"self":[{"href":"https:\/\/kravallslojd.se\/wordpress\/index.php?rest_route=\/wp\/v2\/posts\/796"}],"collection":[{"href":"https:\/\/kravallslojd.se\/wordpress\/index.php?rest_route=\/wp\/v2\/posts"}],"about":[{"href":"https:\/\/kravallslojd.se\/wordpress\/index.php?rest_route=\/wp\/v2\/types\/post"}],"author":[{"embeddable":true,"href":"https:\/\/kravallslojd.se\/wordpress\/index.php?rest_route=\/wp\/v2\/users\/12"}],"replies":[{"embeddable":true,"href":"https:\/\/kravallslojd.se\/wordpress\/index.php?rest_route=%2Fwp%2Fv2%2Fcomments&post=796"}],"version-history":[{"count":2,"href":"https:\/\/kravallslojd.se\/wordpress\/index.php?rest_route=\/wp\/v2\/posts\/796\/revisions"}],"predecessor-version":[{"id":799,"href":"https:\/\/kravallslojd.se\/wordpress\/index.php?rest_route=\/wp\/v2\/posts\/796\/revisions\/799"}],"wp:attachment":[{"href":"https:\/\/kravallslojd.se\/wordpress\/index.php?rest_route=%2Fwp%2Fv2%2Fmedia&parent=796"}],"wp:term":[{"taxonomy":"category","embeddable":true,"href":"https:\/\/kravallslojd.se\/wordpress\/index.php?rest_route=%2Fwp%2Fv2%2Fcategories&post=796"},{"taxonomy":"post_tag","embeddable":true,"href":"https:\/\/kravallslojd.se\/wordpress\/index.php?rest_route=%2Fwp%2Fv2%2Ftags&post=796"}],"curies":[{"name":"wp","href":"https:\/\/api.w.org\/{rel}","templated":true}]}}