{"id":800,"date":"2008-10-10T23:04:54","date_gmt":"2008-10-10T21:04:54","guid":{"rendered":"http:\/\/kravallslojd.se\/bloggs2\/?p=800"},"modified":"2008-10-10T23:04:54","modified_gmt":"2008-10-10T21:04:54","slug":"800","status":"publish","type":"post","link":"https:\/\/kravallslojd.se\/wordpress\/?p=800","title":{"rendered":""},"content":{"rendered":"<p>I jakten p\u00e5 ro i tillvaron s\u00f6kte jag i morse p\u00e5 n\u00e4tet efter ekologiska jeans. Och fann en sida med snygga ekologiska och fair trade-jeans som finns hos en \u00e5terf\u00f6rs\u00e4ljare h\u00e4r i stan. Dock hade de inte just den modell jag var ute efter, men rekommenderade en snarlik fr\u00e5n herrsidan. Den modellen passade faktiskt bra, till skillnad fr\u00e5n &#8221;tjejjeansen&#8221; som, p\u00e5 grund av mina kvinnliga kurvor inte g\u00e5r p\u00e5 mig. Ironiskt, inte sant?<\/p>\n<p>Det b\u00f6rjade i h\u00f6gstadiet med att jag var tr\u00f6tt p\u00e5 att aldrig hitta byxor som var smickrande, v\u00e4lsittande och bekv\u00e4ma i ett. Det var d\u00e5 jag best\u00e4mde mig f\u00f6r att ordna s\u00e5dana sj\u00e4lv och s\u00f6kte in till hantverksprogrammet, och kom in. Det var i och f\u00f6r sig ingen bedrift eftersom de flesta andra s\u00f6kt, och kommit in, f\u00f6r att de inte annars visste vad de skulle g\u00f6ra. Under de tre \u00e5ren p\u00e5 gymnasiet sydde jag ett par byxor, ett par jeans, gick snabbt ned i vikt, sydde in dem, och gick snabbt upp i vikt igen. De gavs bort till ett magert popsn\u00f6re och idag har jag ingen aning vad de haft f\u00f6r sig sedan dess. Det jag ist\u00e4llet tyckte var s\u00e5 roligt var materialkunskapen, och den genuina sl\u00f6jden. Hela tv\u00e5an v\u00e4vde vi och det var alldeles f\u00f6rl\u00f6sande! Att f\u00e5 kombinera f\u00e4rger, tekniker, grovlekar och material, och se fr\u00e5n tr\u00e5den p\u00e5 spolen ett tyg v\u00e4xa fram i mina h\u00e4nder. Det var stort! Och att, med s\u00e5dan kraft, f\u00e5 det att v\u00e4xa fr\u00e5n varp till v\u00e4v. Det fick mig till sist att g\u00e5 till skolkuratorn.<\/p>\n<p>I \u00e5ttan h\u00e4nde n\u00e5got i mitt huvud som jag inte kan s\u00e4tta konkreta ord p\u00e5 och som jag inte f\u00e5tt herrav\u00e4ldet \u00f6ver sedan dess. Jag s\u00f6kte fosterhem men fick det inte med motiveringen att jag \u00e4nd\u00e5 snart var myndig, och skulle kunna ta vara p\u00e5 mig sj\u00e4lv. Jag fick g\u00e5 till BUP ist\u00e4llet. D\u00e4r satt jag brevid en m\u00e4nniska jag inte k\u00e4nde som tyckte att jag skulle prata med mina f\u00f6r\u00e4ldrar. Hade jag kunnat det hade jag inte beh\u00f6vt sitta d\u00e4r. S\u00e5 jag slutade. Ett \u00e5r senare vart jag uppringd i uppf\u00f6ljningssyfte och fann f\u00f6rtroende f\u00f6r m\u00e4nniskans r\u00f6st, s\u00e5 jag b\u00f6rjade tr\u00e4ffa henne. Efter regelbundna tr\u00e4ffar \u00f6ver en tid var hon f\u00f6rsvunnen, hon hade flyttat tillbaka till Gotland utan att s\u00e4ga n\u00e5got. S\u00e5 h\u00e4r har det sett ut. N\u00e4r jag flyttade till Stockholm b\u00f6rjade jag sticka f\u00f6r att h\u00e5lla mig sysselsatt och det har hj\u00e4lpt mig mer \u00e4n dessa avklippta kontakter med psykiatrin. S\u00e5 mycket att jag b\u00f6rjade missbruka stickningen.<\/p>\n<p>Jag var &#8221;drabbad&#8221; av inspiration. Jag vaknade p\u00e5 n\u00e4tterna med \u00f6nskeprojekt snurrande framf\u00f6r \u00f6gonen och dunkande i br\u00f6stet. Och jag kom inte till ro om jag inte startade upp dem.\u00a0 Symaskinen stod precis utanf\u00f6r sovalkoven s\u00e5 det var i princip bara att svinga benen \u00f6ver s\u00e4ngkanten i. N\u00e4r jag flyttade hit l\u00e4mnade jag den kvar i k\u00e4llaren, jag jobbar p\u00e5 att avgifta mig.<\/p>\n<p>Under mina \u00e5r ute i v\u00e4rlden;-), till skillnad fr\u00e5n att vara isolerad i Krokom, har jag tr\u00e4ffat p\u00e5 diverse m\u00e4nniskor. Det har v\u00e4l alla, eller hur? Jag har tr\u00e4ffat flera med neuropsykiatriska funktionshinder av n\u00e5got slag. Och b\u00f6rjar mer och mer k\u00e4nna igen mig, i dessa m\u00e4nniskor, av olika anledningar. Efter mycket tjatande hos landstingspsykologen jag var tilldelad i Sk\u00e4rholmen och Allm\u00e4nna psykiatriska mottagningen h\u00e4r p\u00e5 NUS har jag f\u00e5tt till st\u00e5nd en utredning f\u00f6r ovan n\u00e4mnda handikapp och lite andra skumma diagnoser. Sk\u00f6nt, i och f\u00f6r sig, att ha kommit s\u00e5 l\u00e5ngt, men det \u00e4r ju nu det b\u00f6rjar, p\u00e5 allvar. Trodde jag, och s\u00e5 \u00e4r det bara lekstuga alltihop!<\/p>\n<p>Jag h\u00e5ller p\u00e5 att g\u00f6r slut med min l\u00e4genhet i V\u00e5rberg, Sk\u00e4rholmen. Det \u00e4r lite b\u00f6kigt eftersom jag befinner mig 88 mil bort. I k\u00e4llaren st\u00e5r bananl\u00e5dor med vackra, \u00e4rvda, m\u00e5nga g\u00e5nger handv\u00e4vda tyger. De ska staplas p\u00e5 ett flak och fraktas till Mor &amp; Far i J\u00e4mtland med hj\u00e4lp av en &#8221;privat flyttkarl&#8221;. N\u00e5gra m\u00f6bler ska min nuvarande hyresg\u00e4st ta med sig och resten f\u00e5r v\u00e4l g\u00e5 till Myrorna eller stuvas in hos v\u00e4nner och bekanta. Helst vill jag bara s\u00e4tta uppskygglapparna och sticka sockar f\u00f6r brinnande livet. G\u00e5 ut i skogen och bara lyssna p\u00e5 f\u00e5glarna och suset och g\u00e5 g\u00e5 g\u00e5.<\/p>\n<p>N\u00e4r r\u00e4kningarna ska betalas b\u00f6rjar tankarna vandra och snurra och d\u00e5 kan det l\u00e5ta s\u00e5 h\u00e4r: &#8221;Om jag stickar tillr\u00e4ckligt fort kan jag h\u00e5lla mig varm i vinter med r\u00f6relseenergi och tjocka sockar, och s\u00e4lja \u00f6verskottet. Det \u00e4r skralt p\u00e5 kontot och jag vill inte g\u00e5 in p\u00e5 n\u00e4tbanken och ta reda p\u00e5 HUR skralt, jag stickar ist\u00e4llet. Jag kanske inte har r\u00e5d att betala r\u00e4kningarna, jag v\u00e5gar inte g\u00e5 in och kolla, jag kanske inte har r\u00e5d att k\u00f6pa mat, jag g\u00e5r ut i skogen och plocka b\u00e4r ist\u00e4llet, som jag kan koka sylt p\u00e5, socker \u00e4r ju billigt, och leva p\u00e5 i vinter. F\u00f6r att klara att vara ute i skogen p\u00e5 h\u00f6sten beh\u00f6ver jag varma sockar, och vantar, och en bra m\u00f6ssa, och&#8230;&#8221; En m\u00e4nniska jag tr\u00e4ffade en g\u00e5ng sade att han hade &#8221;finansfobi&#8221; och jag adopterar det begreppet och g\u00f6r det till mitt. Allt \u00e4r mycket b\u00e4ttre nu men fortfarande kan tr\u00e4ngda ekonomiska situationer f\u00e5 mig att spruta av inspiration. All frustration och r\u00e4dlsa omvandlas till en virvelstorm av f\u00e4rger, former, handlingskraft (vad g\u00e4ller annat \u00e4n det faktiskt aktuella) och lust. Det ska jag en dag l\u00e4ra mig att kanalisera till n\u00e5got konstruktivt och samh\u00e4llsnyttigt.<\/p>\n<p>Godnatt<\/p>\n","protected":false},"excerpt":{"rendered":"<p>I jakten p\u00e5 ro i tillvaron s\u00f6kte jag i morse p\u00e5 n\u00e4tet efter ekologiska jeans. Och fann en sida med snygga ekologiska och fair trade-jeans som finns hos en \u00e5terf\u00f6rs\u00e4ljare h\u00e4r i stan. Dock hade de inte just den modell jag var ute efter, men rekommenderade en snarlik fr\u00e5n herrsidan. Den modellen passade faktiskt bra, [&hellip;]<\/p>\n","protected":false},"author":12,"featured_media":0,"comment_status":"open","ping_status":"open","sticky":false,"template":"","format":"standard","meta":[],"categories":[70],"tags":[],"_links":{"self":[{"href":"https:\/\/kravallslojd.se\/wordpress\/index.php?rest_route=\/wp\/v2\/posts\/800"}],"collection":[{"href":"https:\/\/kravallslojd.se\/wordpress\/index.php?rest_route=\/wp\/v2\/posts"}],"about":[{"href":"https:\/\/kravallslojd.se\/wordpress\/index.php?rest_route=\/wp\/v2\/types\/post"}],"author":[{"embeddable":true,"href":"https:\/\/kravallslojd.se\/wordpress\/index.php?rest_route=\/wp\/v2\/users\/12"}],"replies":[{"embeddable":true,"href":"https:\/\/kravallslojd.se\/wordpress\/index.php?rest_route=%2Fwp%2Fv2%2Fcomments&post=800"}],"version-history":[{"count":1,"href":"https:\/\/kravallslojd.se\/wordpress\/index.php?rest_route=\/wp\/v2\/posts\/800\/revisions"}],"predecessor-version":[{"id":801,"href":"https:\/\/kravallslojd.se\/wordpress\/index.php?rest_route=\/wp\/v2\/posts\/800\/revisions\/801"}],"wp:attachment":[{"href":"https:\/\/kravallslojd.se\/wordpress\/index.php?rest_route=%2Fwp%2Fv2%2Fmedia&parent=800"}],"wp:term":[{"taxonomy":"category","embeddable":true,"href":"https:\/\/kravallslojd.se\/wordpress\/index.php?rest_route=%2Fwp%2Fv2%2Fcategories&post=800"},{"taxonomy":"post_tag","embeddable":true,"href":"https:\/\/kravallslojd.se\/wordpress\/index.php?rest_route=%2Fwp%2Fv2%2Ftags&post=800"}],"curies":[{"name":"wp","href":"https:\/\/api.w.org\/{rel}","templated":true}]}}