{"id":8114,"date":"2012-06-04T10:50:05","date_gmt":"2012-06-04T09:50:05","guid":{"rendered":"http:\/\/kravallslojd.se\/wordpress\/?p=8114"},"modified":"2012-06-04T10:50:05","modified_gmt":"2012-06-04T09:50:05","slug":"valkomna-till-mig","status":"publish","type":"post","link":"https:\/\/kravallslojd.se\/wordpress\/?p=8114","title":{"rendered":"V\u00e4lkomna till mig!"},"content":{"rendered":"<p>Godmorgon&#8230;<\/p>\n<p>Och v\u00e4lkomna till min verkstad. Egentligen \u00e4r jag ledig varje m\u00e5ndag. Men allt som oftast finns det ett v\u00e4ldigt gott sk\u00e4l till att g\u00e5 en sv\u00e4ng till jobbet iallafall. Idag \u00e4r sk\u00e4let &#8221;skicka en leverans till norge&#8221;. S\u00e5 jag sitter h\u00e4r o v\u00e4ntar p\u00e5 att Schenker ska komma. Under tiden t\u00e4nkte jag visa er runt lite, s\u00e5 ni f\u00e5r en bild av hur det ser ut hos mig.<\/p>\n<p><div id=\"attachment_8122\" style=\"width: 310px\" class=\"wp-caption aligncenter\"><a href=\"http:\/\/kravallslojd.se\/wordpress\/wp-content\/uploads\/2012\/06\/DSCN01372.jpg\" ><img aria-describedby=\"caption-attachment-8122\" decoding=\"async\" loading=\"lazy\" class=\"size-medium wp-image-8122\" src=\"http:\/\/kravallslojd.se\/wordpress\/wp-content\/uploads\/2012\/06\/DSCN01372-300x255.jpg\" alt=\"\" width=\"300\" height=\"255\" \/><\/a><p id=\"caption-attachment-8122\" class=\"wp-caption-text\">Per Helsas G\u00e5rd, Ystad<\/p><\/div><\/p>\n<p>Per Helsas g\u00e5rd ligger p\u00e5 g\u00e5gatan i Ystad. En gammal korsvirkesg\u00e5rd med anor fr\u00e5n 1600-talet. Hela g\u00e5rden \u00e4r full av kreativitet. F\u00f6rutom mig sj\u00e4lv finns h\u00e4r tex Silversmide, Chokladbutik, Galleri, Textil o Kl\u00e4der, konstn\u00e4rer samt Ystads absolut b\u00e4sta cafe &#8221;Cafe Helsa P\u00e5&#8221;.<\/p>\n<p style=\"text-align: center\"><a href=\"http:\/\/kravallslojd.se\/wordpress\/wp-content\/uploads\/2012\/06\/IMG_01951.jpg\" ><img decoding=\"async\" loading=\"lazy\" class=\"size-medium wp-image-8123 aligncenter\" src=\"http:\/\/kravallslojd.se\/wordpress\/wp-content\/uploads\/2012\/06\/IMG_01951-300x255.jpg\" alt=\"\" width=\"300\" height=\"255\" \/><\/a><\/p>\n<div class=\"mceTemp mceIEcenter\">\n<dl>\n<dd>Jag i butiken.<\/dd>\n<\/dl>\n<\/div>\n<p>H\u00e4r \u00e4r jag i min butik. Bilden \u00e4r tagen vid p\u00e5sk d\u00e5 hela \u00d6sterlen har konstrunda. En fantastiskt rolig helg, full av folk som \u00e4r ute p\u00e5 shopping efter konst och konsthantverk.<\/p>\n<p><div id=\"attachment_8125\" style=\"width: 212px\" class=\"wp-caption aligncenter\"><img aria-describedby=\"caption-attachment-8125\" decoding=\"async\" loading=\"lazy\" class=\"size-medium wp-image-8125\" src=\"http:\/\/kravallslojd.se\/wordpress\/wp-content\/uploads\/2012\/06\/IMG_1258-202x300.jpg\" alt=\"\" width=\"202\" height=\"300\" \/><p id=\"caption-attachment-8125\" class=\"wp-caption-text\">Lite exempel p\u00e5 vad jag g\u00f6r.<\/p><\/div><\/p>\n<p>En av skyltningarna i butiken. Jag tycker mycket om att g\u00f6ra stora fat. Det \u00e4r h\u00e4rligt att ha en stor, fri yta att dekorera p\u00e5 helt enkelt. Passar ljuvligt med en pastasallad, frukt eller bara f\u00f6r att man helt enkelt tycker att det \u00e4r snyggt i ens heminredning.<\/p>\n<p><div id=\"attachment_8127\" style=\"width: 310px\" class=\"wp-caption aligncenter\"><a href=\"http:\/\/kravallslojd.se\/wordpress\/wp-content\/uploads\/2012\/06\/IMG_0006.jpg\" ><img aria-describedby=\"caption-attachment-8127\" decoding=\"async\" loading=\"lazy\" class=\"size-medium wp-image-8127\" src=\"http:\/\/kravallslojd.se\/wordpress\/wp-content\/uploads\/2012\/06\/IMG_0006-300x255.jpg\" alt=\"\" width=\"300\" height=\"255\" \/><\/a><p id=\"caption-attachment-8127\" class=\"wp-caption-text\">Drejh\u00f6rnan i verkstaden<\/p><\/div><\/p>\n<p>Precis i anslutning till butiken har jag min verkstad. N\u00e4r jag st\u00e5r och drejar kan jag se ut till butiken och kunderna kan se mig. Jag arbetar n\u00e4stan uteslutande p\u00e5 drejskiva. Vid detta fototillf\u00e4lle har jag precis b\u00f6rjat dreja tekoppar.<\/p>\n<p><div id=\"attachment_8128\" style=\"width: 310px\" class=\"wp-caption aligncenter\"><a href=\"http:\/\/kravallslojd.se\/wordpress\/wp-content\/uploads\/2012\/06\/IMG_00051.jpg\" ><img aria-describedby=\"caption-attachment-8128\" decoding=\"async\" loading=\"lazy\" class=\"size-medium wp-image-8128\" src=\"http:\/\/kravallslojd.se\/wordpress\/wp-content\/uploads\/2012\/06\/IMG_00051-300x255.jpg\" alt=\"\" width=\"300\" height=\"255\" \/><\/a><p id=\"caption-attachment-8128\" class=\"wp-caption-text\">Verkstaden<\/p><\/div><\/p>\n<p>Hyllorna i verkstaden fylls snabbt under en drejdag. H\u00e4r st\u00e5r koppar och torkar i olika stadier av processen. N\u00e4r de \u00e4r helt torra s\u00e5 br\u00e4nns de. Hos mig br\u00e4nns alltid all keramik tre ggr.<\/p>\n<p><div id=\"attachment_8129\" style=\"width: 310px\" class=\"wp-caption aligncenter\"><a href=\"http:\/\/kravallslojd.se\/wordpress\/wp-content\/uploads\/2012\/06\/IMG_1072.jpg\" ><img aria-describedby=\"caption-attachment-8129\" decoding=\"async\" loading=\"lazy\" class=\"size-medium wp-image-8129\" src=\"http:\/\/kravallslojd.se\/wordpress\/wp-content\/uploads\/2012\/06\/IMG_1072-300x255.jpg\" alt=\"\" width=\"300\" height=\"255\" \/><\/a><p id=\"caption-attachment-8129\" class=\"wp-caption-text\">Tekoppar p\u00e5 tork<\/p><\/div><\/p>\n<p><div id=\"attachment_8130\" style=\"width: 310px\" class=\"wp-caption aligncenter\"><a href=\"http:\/\/kravallslojd.se\/wordpress\/wp-content\/uploads\/2012\/06\/IMG_0449.jpg\" ><img aria-describedby=\"caption-attachment-8130\" decoding=\"async\" loading=\"lazy\" class=\"size-medium wp-image-8130\" src=\"http:\/\/kravallslojd.se\/wordpress\/wp-content\/uploads\/2012\/06\/IMG_0449-300x255.jpg\" alt=\"\" width=\"300\" height=\"255\" \/><\/a><p id=\"caption-attachment-8130\" class=\"wp-caption-text\">Sommarst\u00e4mning!<\/p><\/div><\/p>\n<p>Bilden \u00e4r tagen inne p\u00e5 cafe\u00e9t. De anv\u00e4nder ofta min \u00a0keramik till sina olika l\u00e4ckra matr\u00e4tter,kakor och som h\u00e4r &#8211; jordgubbar.<\/p>\n<p>Som sagt &#8211; m\u00e5ndagen \u00e4r en ledig dag. S\u00e5 f\u00f6r min del kommer resten av dagen att fyllas med tr\u00e4ning, lite shopping och ett och annat papper som ska sorteras. Vi h\u00f6rs igen i morgon om tekniken vill sig v\u00e4l. Jag hade velat visa er lite nya bilder fr\u00e5n min butik. Men min kamera vill inte snacka med min dator och s\u00e5 l\u00e4nge de \u00e4r osams f\u00e5r vi n\u00f6ja oss med gamla bilder. Ha en riktigt sk\u00f6n dag!<\/p>\n<p>Maria<\/p>\n","protected":false},"excerpt":{"rendered":"<p>Godmorgon&#8230; Och v\u00e4lkomna till min verkstad. Egentligen \u00e4r jag ledig varje m\u00e5ndag. Men allt som oftast finns det ett v\u00e4ldigt gott sk\u00e4l till att g\u00e5 en sv\u00e4ng till jobbet iallafall. Idag \u00e4r sk\u00e4let &#8221;skicka en leverans till norge&#8221;. S\u00e5 jag sitter h\u00e4r o v\u00e4ntar p\u00e5 att Schenker ska komma. Under tiden t\u00e4nkte jag visa er [&hellip;]<\/p>\n","protected":false},"author":209,"featured_media":0,"comment_status":"open","ping_status":"open","sticky":false,"template":"","format":"standard","meta":[],"categories":[959],"tags":[179],"_links":{"self":[{"href":"https:\/\/kravallslojd.se\/wordpress\/index.php?rest_route=\/wp\/v2\/posts\/8114"}],"collection":[{"href":"https:\/\/kravallslojd.se\/wordpress\/index.php?rest_route=\/wp\/v2\/posts"}],"about":[{"href":"https:\/\/kravallslojd.se\/wordpress\/index.php?rest_route=\/wp\/v2\/types\/post"}],"author":[{"embeddable":true,"href":"https:\/\/kravallslojd.se\/wordpress\/index.php?rest_route=\/wp\/v2\/users\/209"}],"replies":[{"embeddable":true,"href":"https:\/\/kravallslojd.se\/wordpress\/index.php?rest_route=%2Fwp%2Fv2%2Fcomments&post=8114"}],"version-history":[{"count":3,"href":"https:\/\/kravallslojd.se\/wordpress\/index.php?rest_route=\/wp\/v2\/posts\/8114\/revisions"}],"predecessor-version":[{"id":8133,"href":"https:\/\/kravallslojd.se\/wordpress\/index.php?rest_route=\/wp\/v2\/posts\/8114\/revisions\/8133"}],"wp:attachment":[{"href":"https:\/\/kravallslojd.se\/wordpress\/index.php?rest_route=%2Fwp%2Fv2%2Fmedia&parent=8114"}],"wp:term":[{"taxonomy":"category","embeddable":true,"href":"https:\/\/kravallslojd.se\/wordpress\/index.php?rest_route=%2Fwp%2Fv2%2Fcategories&post=8114"},{"taxonomy":"post_tag","embeddable":true,"href":"https:\/\/kravallslojd.se\/wordpress\/index.php?rest_route=%2Fwp%2Fv2%2Ftags&post=8114"}],"curies":[{"name":"wp","href":"https:\/\/api.w.org\/{rel}","templated":true}]}}