{"id":8142,"date":"2012-06-05T11:37:23","date_gmt":"2012-06-05T10:37:23","guid":{"rendered":"http:\/\/kravallslojd.se\/wordpress\/?p=8142"},"modified":"2012-06-05T16:31:16","modified_gmt":"2012-06-05T15:31:16","slug":"slutspurt-infor-sommaren","status":"publish","type":"post","link":"https:\/\/kravallslojd.se\/wordpress\/?p=8142","title":{"rendered":"Sommarf\u00f6rberedelser och Kannors mystik."},"content":{"rendered":"<p>Nu \u00e4r vi redan framme i juni m\u00e5nad, vart maj tog v\u00e4gen \u00e4r ingen som vet&#8230;. Idag \u00e4gnar jag mig \u00e5t en liten snabbinventering i butiken f\u00f6r att se vad som saknas inf\u00f6r turists\u00e4songen. S\u00e5 fort midsommarhelgen \u00e4r avslutad s\u00e5 har jag \u00a0inte m\u00f6jlighet att arbeta i verkstaden mera. S\u00e5 allt m\u00e5ste vara klart innan dess. En n\u00e5got hektisk period, men ocks\u00e5 v\u00e4ldigt rolig. Eftersom jag endast tillverkar till min egna butik s\u00e5 kan jag g\u00f6ra precis vad jag vill och har lust med. Vilket \u00e4r fantastiskt roligt.<\/p>\n<p>Just nu h\u00e5ller jag p\u00e5 med n\u00e5gra olika typer av kannor i olika storlekar. De \u00e4r redan drejade och st\u00e5r p\u00e5 tork i v\u00e4ntan p\u00e5 &#8221;engobering&#8221; &#8211; dvs, f\u00e4rgval. Kannor \u00e4r en lite extra rolig produkt att tilllverka. Egentligen har jag inget superenkelt svar p\u00e5 varf\u00f6r. Mer \u00e4n att det \u00e4r en rolig utmaning rent hantverksm\u00e4ssigt. Det \u00e4r s\u00e5 sm\u00e5 marginaler som avg\u00f6r om kannan du ser upplevs som &#8221;klumpig och tung&#8221; eller &#8221;l\u00e4tt och elegant&#8221;. Allt handlar om propotioner.<\/p>\n<p>Hur blir \u00a0den form,det tomrum, som uppst\u00e5r mellan kannans kropp och handtaget? Kannans botten b\u00f6r vara i harmoni med kannans hals. \u00c4r botten st\u00f6rre blir kannan visuellt tung. Medan om den \u00e4r mindre kommer ditt \u00f6ga inte att lita p\u00e5 att kannan g\u00e5r att anv\u00e4nda utan att v\u00e4lta. Kannans kropp: Om formen \u00e4r kurvig &#8211; var l\u00e4gger man d\u00e5 kurvan f\u00f6r att kannan ska f\u00e5 sitt r\u00e4tta lyft och inte bli baktung? Halsens l\u00e4ngd b\u00f6r ha r\u00e4tt propotioner i f\u00f6rh\u00e5llande till kroppen, annars kommer den att bli antingen &#8221;girafflik&#8221; eller &#8221;avhuggen&#8221;. Alla de fr\u00e5gorna handlar om den estetiska upplevelsen. Sen finns lika m\u00e5nga fr\u00e5gor som handlar om funktion. =). Att tillverka kannor \u00e4r h\u00e4rligt.<\/p>\n<p>F\u00f6rra sommaren hade jag bes\u00f6k av en kund som samlade p\u00e5 kannor. Hon kunde inte l\u00e5ta bli att k\u00f6pa fler. D\u00e5 var hon uppe i 67 stycken (hennes man var inte lika begajstrad). Hon kunde inte f\u00f6rklara varf\u00f6r hon just fastnat speciellt f\u00f6r kannor, mer \u00e4n att &#8221;De \u00e4r s\u00e5 vackra och eleganta. De blir liksom personliga p\u00e5 n\u00e5t vis med sina olika former.&#8221; Jag h\u00e5ller med henne!<\/p>\n<p><img decoding=\"async\" loading=\"lazy\" class=\"aligncenter size-medium wp-image-8153\" src=\"http:\/\/kravallslojd.se\/wordpress\/wp-content\/uploads\/2012\/06\/kannorhalvklara1-300x254.jpg\" alt=\"\" width=\"300\" height=\"254\" \/><\/p>\n<p>Kannorna till v\u00e4nster (4st) i bilden ovan \u00e4r storlek &#8221;STOR&#8221;. De \u00e4r m\u00f6jligtvis inte s\u00e5 praktiska &#8211; f\u00f6r de blir tunga om man har fyllt dem. Men det \u00e4r s\u00e5 roligt att jobba i lite st\u00f6rre skala och s\u00e5 blir de s\u00e5 eleganta! De andra tv\u00e5 till h\u00f6ger \u00e4r normalstorlek, dvs ca 1 liter. En ny form som jag inte gjort f\u00f6rr, men som f\u00e5r komma med p\u00e5 prov \u00e4n s\u00e5 l\u00e4nge. Jag gillar den hittills &#8211; f\u00e5r se om jag fortfarande gillar den n\u00e4r den \u00e4r f\u00e4rdig.<\/p>\n<p><img decoding=\"async\" loading=\"lazy\" class=\"aligncenter size-medium wp-image-8154\" src=\"http:\/\/kravallslojd.se\/wordpress\/wp-content\/uploads\/2012\/06\/kannorf\u00e4rdiga1-e1338910015877-227x300.jpg\" alt=\"\" width=\"227\" height=\"300\" srcset=\"https:\/\/kravallslojd.se\/wordpress\/wp-content\/uploads\/2012\/06\/kannorf\u00e4rdiga1-e1338910015877-227x300.jpg 227w, https:\/\/kravallslojd.se\/wordpress\/wp-content\/uploads\/2012\/06\/kannorf\u00e4rdiga1-e1338910015877-560x738.jpg 560w, https:\/\/kravallslojd.se\/wordpress\/wp-content\/uploads\/2012\/06\/kannorf\u00e4rdiga1-e1338910015877.jpg 1966w\" sizes=\"(max-width: 227px) 100vw, 227px\" \/><\/p>\n<p>H\u00e4r \u00e4r n\u00e5gra exempel p\u00e5 helt f\u00e4rdiga kannor. En liten som rymmer ca 5dl, En normalstorlek (ca 1,2l) och en stor som jag mest anv\u00e4nder att s\u00e4tta h\u00f6ga blommor i. Just nu blommar tex lupinerna och jag ska fylla den i morgon med en stor f\u00e4rgsprakande bukett!<\/p>\n<p>&nbsp;<\/p>\n","protected":false},"excerpt":{"rendered":"<p>Nu \u00e4r vi redan framme i juni m\u00e5nad, vart maj tog v\u00e4gen \u00e4r ingen som vet&#8230;. Idag \u00e4gnar jag mig \u00e5t en liten snabbinventering i butiken f\u00f6r att se vad som saknas inf\u00f6r turists\u00e4songen. S\u00e5 fort midsommarhelgen \u00e4r avslutad s\u00e5 har jag \u00a0inte m\u00f6jlighet att arbeta i verkstaden mera. S\u00e5 allt m\u00e5ste vara klart innan [&hellip;]<\/p>\n","protected":false},"author":209,"featured_media":0,"comment_status":"open","ping_status":"open","sticky":false,"template":"","format":"standard","meta":[],"categories":[959],"tags":[179,428],"_links":{"self":[{"href":"https:\/\/kravallslojd.se\/wordpress\/index.php?rest_route=\/wp\/v2\/posts\/8142"}],"collection":[{"href":"https:\/\/kravallslojd.se\/wordpress\/index.php?rest_route=\/wp\/v2\/posts"}],"about":[{"href":"https:\/\/kravallslojd.se\/wordpress\/index.php?rest_route=\/wp\/v2\/types\/post"}],"author":[{"embeddable":true,"href":"https:\/\/kravallslojd.se\/wordpress\/index.php?rest_route=\/wp\/v2\/users\/209"}],"replies":[{"embeddable":true,"href":"https:\/\/kravallslojd.se\/wordpress\/index.php?rest_route=%2Fwp%2Fv2%2Fcomments&post=8142"}],"version-history":[{"count":9,"href":"https:\/\/kravallslojd.se\/wordpress\/index.php?rest_route=\/wp\/v2\/posts\/8142\/revisions"}],"predecessor-version":[{"id":8150,"href":"https:\/\/kravallslojd.se\/wordpress\/index.php?rest_route=\/wp\/v2\/posts\/8142\/revisions\/8150"}],"wp:attachment":[{"href":"https:\/\/kravallslojd.se\/wordpress\/index.php?rest_route=%2Fwp%2Fv2%2Fmedia&parent=8142"}],"wp:term":[{"taxonomy":"category","embeddable":true,"href":"https:\/\/kravallslojd.se\/wordpress\/index.php?rest_route=%2Fwp%2Fv2%2Fcategories&post=8142"},{"taxonomy":"post_tag","embeddable":true,"href":"https:\/\/kravallslojd.se\/wordpress\/index.php?rest_route=%2Fwp%2Fv2%2Ftags&post=8142"}],"curies":[{"name":"wp","href":"https:\/\/api.w.org\/{rel}","templated":true}]}}