{"id":8417,"date":"2012-07-01T09:41:29","date_gmt":"2012-07-01T08:41:29","guid":{"rendered":"http:\/\/kravallslojd.se\/wordpress\/?p=8417"},"modified":"2012-07-01T09:42:17","modified_gmt":"2012-07-01T08:42:17","slug":"flator","status":"publish","type":"post","link":"https:\/\/kravallslojd.se\/wordpress\/?p=8417","title":{"rendered":"Fl\u00e4tor"},"content":{"rendered":"<p><a href=\"http:\/\/kravallslojd.se\/wordpress\/?attachment_id=8422\"  rel=\"attachment wp-att-8422\"><img decoding=\"async\" loading=\"lazy\" class=\"aligncenter size-medium wp-image-8422\" src=\"http:\/\/kravallslojd.se\/wordpress\/wp-content\/uploads\/2012\/07\/20120701110-300x255.jpg\" alt=\"\" width=\"300\" height=\"255\" \/><\/a><\/p>\n<p>Det har varit en l\u00e5ngsam arbetsvecka i verkstaden, min l\u00f6sning p\u00e5 det \u00e4r att g\u00f6ra fl\u00e4tor, fl\u00e4ta fl\u00e4ta fl\u00e4ta. Det \u00e4r mitt \u00e5terkommande pausmoment. Jag har arbetat en del med h\u00e5r, fl\u00e4tat h\u00e5r som jag sedan formar p\u00e5 v\u00e4gg eller runt en form. Som den h\u00e4r masken i fl\u00e4tat h\u00e5r som jag st\u00e4llde ut i Kaunas textil biennal h\u00f6sten 2011.<\/p>\n<p><img decoding=\"async\" loading=\"lazy\" class=\"size-medium wp-image-8419 aligncenter\" src=\"http:\/\/kravallslojd.se\/wordpress\/wp-content\/uploads\/2012\/07\/mask4h-201x300.jpg\" alt=\"\" width=\"201\" height=\"300\" \/><\/p>\n<p>Eller det h\u00e4r v\u00e4ggornamentet som \u00e4r ca 140x160cm i storlek. B\u00e5de masken och v\u00e4ggornamentet \u00e4r en del av mitt masterarbete &#8221;S\u00e4llskap&#8221;.<\/p>\n<p><img decoding=\"async\" loading=\"lazy\" class=\"aligncenter size-medium wp-image-8420\" src=\"http:\/\/kravallslojd.se\/wordpress\/wp-content\/uploads\/2012\/07\/bonadlitet-180x300.jpg\" alt=\"\" width=\"180\" height=\"300\" \/><\/p>\n<p>Det kr\u00e4vs en hel del fl\u00e4tor f\u00f6r att ens kunna b\u00f6rja arbeta med att bygga upp en form. S\u00e5 fast veckan varit ett misslyckande har den iaf genererat en del nytt material till kommande projekt.<\/p>\n<p>&nbsp;<\/p>\n<p style=\"text-align: center\">\n","protected":false},"excerpt":{"rendered":"<p>Det har varit en l\u00e5ngsam arbetsvecka i verkstaden, min l\u00f6sning p\u00e5 det \u00e4r att g\u00f6ra fl\u00e4tor, fl\u00e4ta fl\u00e4ta fl\u00e4ta. Det \u00e4r mitt \u00e5terkommande pausmoment. Jag har arbetat en del med h\u00e5r, fl\u00e4tat h\u00e5r som jag sedan formar p\u00e5 v\u00e4gg eller runt en form. Som den h\u00e4r masken i fl\u00e4tat h\u00e5r som jag st\u00e4llde ut i [&hellip;]<\/p>\n","protected":false},"author":212,"featured_media":0,"comment_status":"open","ping_status":"open","sticky":false,"template":"","format":"standard","meta":[],"categories":[986],"tags":[428],"_links":{"self":[{"href":"https:\/\/kravallslojd.se\/wordpress\/index.php?rest_route=\/wp\/v2\/posts\/8417"}],"collection":[{"href":"https:\/\/kravallslojd.se\/wordpress\/index.php?rest_route=\/wp\/v2\/posts"}],"about":[{"href":"https:\/\/kravallslojd.se\/wordpress\/index.php?rest_route=\/wp\/v2\/types\/post"}],"author":[{"embeddable":true,"href":"https:\/\/kravallslojd.se\/wordpress\/index.php?rest_route=\/wp\/v2\/users\/212"}],"replies":[{"embeddable":true,"href":"https:\/\/kravallslojd.se\/wordpress\/index.php?rest_route=%2Fwp%2Fv2%2Fcomments&post=8417"}],"version-history":[{"count":5,"href":"https:\/\/kravallslojd.se\/wordpress\/index.php?rest_route=\/wp\/v2\/posts\/8417\/revisions"}],"predecessor-version":[{"id":8425,"href":"https:\/\/kravallslojd.se\/wordpress\/index.php?rest_route=\/wp\/v2\/posts\/8417\/revisions\/8425"}],"wp:attachment":[{"href":"https:\/\/kravallslojd.se\/wordpress\/index.php?rest_route=%2Fwp%2Fv2%2Fmedia&parent=8417"}],"wp:term":[{"taxonomy":"category","embeddable":true,"href":"https:\/\/kravallslojd.se\/wordpress\/index.php?rest_route=%2Fwp%2Fv2%2Fcategories&post=8417"},{"taxonomy":"post_tag","embeddable":true,"href":"https:\/\/kravallslojd.se\/wordpress\/index.php?rest_route=%2Fwp%2Fv2%2Ftags&post=8417"}],"curies":[{"name":"wp","href":"https:\/\/api.w.org\/{rel}","templated":true}]}}