{"id":849,"date":"2008-10-27T13:07:03","date_gmt":"2008-10-27T11:07:03","guid":{"rendered":"http:\/\/kravallslojd.se\/bloggs2\/?p=849"},"modified":"2008-10-27T13:07:03","modified_gmt":"2008-10-27T11:07:03","slug":"mandag-morgon","status":"publish","type":"post","link":"https:\/\/kravallslojd.se\/wordpress\/?p=849","title":{"rendered":"M\u00e5ndag morgon"},"content":{"rendered":"<p>Litteraturseminarium klockan 10 p\u00e5 universitetet. Trodde jag&#8230; Jag var tydligen i den andra gruppen, med tid klockan 13. S\u00e5 vad g\u00f6ra, om inte g\u00f6ra sitt f\u00f6rsta framtr\u00e4dande p\u00e5 Kravallsl\u00f6jd, \u00e5tminstone f\u00f6rsta framtr\u00e4dandet p\u00e5 bloggen?<\/p>\n<p><strong>I helgen<\/strong> tillbringade jag en dag tillsammans med Kravallsl\u00f6jd p\u00e5 Nolia-m\u00e4ssan i Ume\u00e5. Det hela var en mycket trevlig tillst\u00e4llning, med jumbo-stickning, soff-broderi och m\u00e5nga f\u00f6rv\u00e5nade\/glada\/intresserade g\u00e4ster. I montern bredvid fanns V\u00e4sterbottens L\u00e4ns Hemsl\u00f6jdsf\u00f6rening, och jag m\u00e5ste erk\u00e4nna att det hade k\u00e4nnts som en naturligare milj\u00f6 f\u00f6r mig, men man m\u00e5ste ju testa n\u00e5got nytt ibland. Och jag fick ju inga negativa upplevelser av att vara med Kravallsl\u00f6jd. Tv\u00e4rtom, s\u00e5 d\u00f6k det upp m\u00e5nga fr\u00e5gor i mitt huvud, kring hantverk, sl\u00f6jd, betydelser, terminologi och s\u00e5 vidare. Jag misst\u00e4nker att fr\u00e5gor som &#8221;vad \u00e4r sl\u00f6jd&#8221; dyker upp ganska ofta i dessa sammanhang, och jag t\u00e4nker inte f\u00f6rs\u00f6ka komma till n\u00e5gon konsensus i den fr\u00e5gan. \u00c4r det inte lite s\u00e5 att hantverkets styrka ligger i man kan blanda? B\u00e5de material och tekniker, men ocks\u00e5 syns\u00e4tt och m\u00e5l? Ett f\u00f6rem\u00e5l har ju aldrig ett strikt funktionellt syfte, utan det tillkommer alltid emotionella, estetiska, ekonomiska aspekter. Sl\u00f6jd, hantverk, skapande, konsthantverk, konst och allt vad man vill kalla det g\u00e5r kanske in i varandra p\u00e5 s\u00e5 m\u00e5nga punkter att det \u00e4r om\u00f6jligt att separera dem? K\u00e4rt barn har m\u00e5nga namn&#8230;<\/p>\n<p><strong>Personligen <\/strong>s\u00e5 kallar jag mig f\u00f6r hantverkare. Det jag sysslar med \u00e4r hantverk. Jag skapar inte, sl\u00f6jdar inte, jag g\u00f6r inte konsthantverk, och inte heller konst. Jag kallar mig inte skr\u00e4ddare eftersom jag inte har n\u00e5gon utbildning, och inte heller textilkreat\u00f6r \u00e4ven om jag skapar saker av textil. Jag \u00e4r en hantverkare. Punkt.<br \/>\nSen finns det s\u00e4kert andra m\u00e4nniskor d\u00e4r ute som inte alls h\u00e5ller med mig, som tycker att mina tillverkade saker visst \u00e4r konst, sl\u00f6jd etc. Och det f\u00e5r dom tycka, helt ok f\u00f6r mig. Om jag ska f\u00f6rs\u00f6ka sammanfatta mitt hantverkande och se vissa gemensamma n\u00e4mnare mellan de saker jag har tillverkat s\u00e5 kan jag spontant t\u00e4nka p\u00e5 f\u00f6ljande:<\/p>\n<p><strong>*Bruksf\u00f6rem\u00e5l.<\/strong> Jag t\u00e4nkte skriva funktion f\u00f6rst, men alla f\u00f6rem\u00e5l har ju en funktion. Med bruksf\u00f6rem\u00e5l menar jag att de saker jag tillverkar ska anv\u00e4ndas till sitt syfte.<br \/>\n<strong>*Eftersforsknigar.<\/strong> Gamla hantverksmetoder, m\u00f6nster modeller, formspr\u00e5k. Vilka s\u00f6mmar \u00e4r mest anv\u00e4ndbara f\u00f6r olika syften?<br \/>\n<strong>*Begr\u00e4nsningar.<\/strong> En stor del av mitt hantverkande sker efter givna regler och begr\u00e4nsningar. Det kan handla om fiktionen f\u00f6r en viss lajvv\u00e4rld, eller modet i norra Europa under sent 1400-tal. Att skapa n\u00e5got fritt utan tydliga r\u00e4tt-och-fel-gr\u00e4nser \u00e4r sv\u00e5rt f\u00f6r mig.<br \/>\n<strong>*Materialval.<\/strong> I m\u00f6jligaste m\u00e5n utg\u00e5r jag fr\u00e5n naturmaterial, Ylle, linne, bomull, l\u00e4der, skinn, ben. I vissa fall f\u00e5r ekonomin best\u00e4mma v\u00e4gen. \u00c4ven om de historiska sidentygerna fr\u00e5n <a href=\"http:\/\/www.durantextiles.com\" title=\"durantextiles.com\"  target=\"_blank\">durantextiles.com<\/a> \u00e4r snuskigt fina s\u00e5 till\u00e5ter inte Csn att jag k\u00f6per dem.<\/p>\n<p><strong>S\u00e5&#8230;<br \/>\nBetyder detta att jag \u00e4r en tr\u00e5ngsynt tr\u00e5km\u00e5ns som inte ser skapandets verkliga potential?<br \/>\nAtt jag ser ner p\u00e5 m\u00e4nniskor som skapar utan ambitionen att sedan anv\u00e4nda sitt f\u00f6rem\u00e5l?<br \/>\nAtt jag tycker det \u00e4r j\u00e4vligt on\u00f6digt att sy en 1700-tals kl\u00e4nning i pressening, bara f\u00f6r att man &#8221;ska g\u00f6ra ett statement&#8221;?<\/strong><\/p>\n<p>Det finns m\u00e4nniskor som tycker det. Det vet jag. Men jag h\u00e5ller inte med, jag anser att allt skapande har sin po\u00e4ng. Om inte annat f\u00f6r tillverkaren. <em>Alla blir saliga av sitt<\/em> sa min mormor n\u00e4r jag var liten. Jag blir salig av detta, av mina begr\u00e4nsningar. Och jag f\u00f6rst\u00e5r precis m\u00e4nniskor som inte blir det. Som tillverkar f\u00f6rem\u00e5l p\u00e5 helt andra grunder. Det viktiga \u00e4r att man \u00e4r n\u00f6jd med det man <em>sj\u00e4lv <\/em>g\u00f6r.<\/p>\n<p>Hoppas att ni har f\u00e5tt ut n\u00e5got av detta nu. Ni som l\u00e4sare beh\u00f6ver inte alls h\u00e5lla med, det finns inga r\u00e4tt och fel. (Ett uttalande som ni heller inte beh\u00f6ver h\u00e5lla med om). Men f\u00f6r mig s\u00e5 vore det v\u00e4ldigt roligt att f\u00e5 feedback p\u00e5 detta. L\u00e4mna en kommentar i bloggen om med egna \u00e5sikter, s\u00e5 kan jag f\u00e5 uppslag till nya inl\u00e4gg. Nu \u00e4r klockan 12, det \u00e4r dags f\u00f6r lunch, en sista genomg\u00e5ng av seminariefr\u00e5gorna, och sen litteraturseminarium.<\/p>\n","protected":false},"excerpt":{"rendered":"<p>Litteraturseminarium klockan 10 p\u00e5 universitetet. Trodde jag&#8230; Jag var tydligen i den andra gruppen, med tid klockan 13. S\u00e5 vad g\u00f6ra, om inte g\u00f6ra sitt f\u00f6rsta framtr\u00e4dande p\u00e5 Kravallsl\u00f6jd, \u00e5tminstone f\u00f6rsta framtr\u00e4dandet p\u00e5 bloggen? I helgen tillbringade jag en dag tillsammans med Kravallsl\u00f6jd p\u00e5 Nolia-m\u00e4ssan i Ume\u00e5. Det hela var en mycket trevlig tillst\u00e4llning, med [&hellip;]<\/p>\n","protected":false},"author":1,"featured_media":0,"comment_status":"open","ping_status":"open","sticky":false,"template":"","format":"standard","meta":[],"categories":[4],"tags":[],"_links":{"self":[{"href":"https:\/\/kravallslojd.se\/wordpress\/index.php?rest_route=\/wp\/v2\/posts\/849"}],"collection":[{"href":"https:\/\/kravallslojd.se\/wordpress\/index.php?rest_route=\/wp\/v2\/posts"}],"about":[{"href":"https:\/\/kravallslojd.se\/wordpress\/index.php?rest_route=\/wp\/v2\/types\/post"}],"author":[{"embeddable":true,"href":"https:\/\/kravallslojd.se\/wordpress\/index.php?rest_route=\/wp\/v2\/users\/1"}],"replies":[{"embeddable":true,"href":"https:\/\/kravallslojd.se\/wordpress\/index.php?rest_route=%2Fwp%2Fv2%2Fcomments&post=849"}],"version-history":[{"count":1,"href":"https:\/\/kravallslojd.se\/wordpress\/index.php?rest_route=\/wp\/v2\/posts\/849\/revisions"}],"predecessor-version":[{"id":850,"href":"https:\/\/kravallslojd.se\/wordpress\/index.php?rest_route=\/wp\/v2\/posts\/849\/revisions\/850"}],"wp:attachment":[{"href":"https:\/\/kravallslojd.se\/wordpress\/index.php?rest_route=%2Fwp%2Fv2%2Fmedia&parent=849"}],"wp:term":[{"taxonomy":"category","embeddable":true,"href":"https:\/\/kravallslojd.se\/wordpress\/index.php?rest_route=%2Fwp%2Fv2%2Fcategories&post=849"},{"taxonomy":"post_tag","embeddable":true,"href":"https:\/\/kravallslojd.se\/wordpress\/index.php?rest_route=%2Fwp%2Fv2%2Ftags&post=849"}],"curies":[{"name":"wp","href":"https:\/\/api.w.org\/{rel}","templated":true}]}}